{"id":8017,"date":"2026-03-03T10:59:13","date_gmt":"2026-03-03T09:59:13","guid":{"rendered":"https:\/\/biblioteka-milicz.pl\/?p=8017"},"modified":"2026-03-12T11:00:13","modified_gmt":"2026-03-12T10:00:13","slug":"wiosenne-warsztaty-dla-dzieci-w-gadkowicach","status":"publish","type":"post","link":"https:\/\/biblioteka-milicz.pl\/index.php\/2026\/03\/03\/wiosenne-warsztaty-dla-dzieci-w-gadkowicach\/","title":{"rendered":"Wiosenne warsztaty dla dzieci w G\u0105dkowicach"},"content":{"rendered":"\n<p>Filia biblioteczna w G\u0105dkowicach zaprasza dzieci do udzia\u0142u w wiosennych warsztatach plastycznych. To doskona\u0142a okazja, aby tw\u00f3rczo sp\u0119dzi\u0107 czas, rozwin\u0105\u0107 wyobra\u017ani\u0119 oraz wsp\u00f3lnie przygotowa\u0107 pi\u0119kne, w\u0142asnor\u0119czne dekoracje zwi\u0105zane z nadchodz\u0105c\u0105 wiosn\u0105 i \u015bwi\u0119tami wielkanocnymi.<\/p>\n\n\n\n<p>Pierwsze spotkanie odb\u0119dzie si\u0119 w poniedzia\u0142ek 9 marca o godzinie 16:00. Podczas zaj\u0119\u0107 uczestnicy wykonaj\u0105 wiosenne lampiony, kt\u00f3re b\u0119d\u0105 wyj\u0105tkow\u0105 ozdob\u0105 domu.<\/p>\n\n\n\n<p>Drugie spotkanie zaplanowano na poniedzia\u0142ek 16 marca o godzinie 16:00. Tym razem dzieci stworz\u0105 wielkanocne kurki \u2013 kolorowe i radosne dekoracje, kt\u00f3re wprowadz\u0105 \u015bwi\u0105teczny nastr\u00f3j i b\u0119d\u0105 pi\u0119knym elementem wielkanocnych ozd\u00f3b.<\/p>\n\n\n\n<p>Zapisy prowadzone s\u0105 w filii bibliotecznej w G\u0105dkowicach lub telefonicznie pod numerem 71 750 31 72. Liczba miejsc jest ograniczona. Zapraszamy do udzia\u0142u.<\/p>\n\n\n\n<figure class=\"wp-block-image size-large\"><img loading=\"lazy\" decoding=\"async\" width=\"724\" height=\"1024\" src=\"https:\/\/biblioteka-milicz.pl\/wp-content\/uploads\/2026\/03\/642762832_1335384875294161_6364369881222070248_n-724x1024.jpg\" alt=\"\" class=\"wp-image-8018\" srcset=\"https:\/\/biblioteka-milicz.pl\/wp-content\/uploads\/2026\/03\/642762832_1335384875294161_6364369881222070248_n-724x1024.jpg 724w, https:\/\/biblioteka-milicz.pl\/wp-content\/uploads\/2026\/03\/642762832_1335384875294161_6364369881222070248_n-212x300.jpg 212w, https:\/\/biblioteka-milicz.pl\/wp-content\/uploads\/2026\/03\/642762832_1335384875294161_6364369881222070248_n-768x1086.jpg 768w, https:\/\/biblioteka-milicz.pl\/wp-content\/uploads\/2026\/03\/642762832_1335384875294161_6364369881222070248_n-1086x1536.jpg 1086w, https:\/\/biblioteka-milicz.pl\/wp-content\/uploads\/2026\/03\/642762832_1335384875294161_6364369881222070248_n.jpg 1448w\" sizes=\"auto, (max-width: 724px) 100vw, 724px\" \/><\/figure>\n","protected":false},"excerpt":{"rendered":"<p>Filia biblioteczna w G\u0105dkowicach zaprasza dzieci do udzia\u0142u w wiosennych warsztatach plastycznych. To doskona\u0142a okazja, aby tw\u00f3rczo sp\u0119dzi\u0107 czas, rozwin\u0105\u0107 wyobra\u017ani\u0119 oraz wsp\u00f3lnie przygotowa\u0107 pi\u0119kne, w\u0142asnor\u0119czne dekoracje zwi\u0105zane z nadchodz\u0105c\u0105 wiosn\u0105 i \u015bwi\u0119tami wielkanocnymi.&#46;&#46;&#46;<\/p>\n","protected":false},"author":2,"featured_media":8018,"comment_status":"closed","ping_status":"closed","sticky":false,"template":"","format":"standard","meta":{"_uag_custom_page_level_css":"","footnotes":""},"categories":[3],"tags":[],"class_list":["post-8017","post","type-post","status-publish","format-standard","has-post-thumbnail","hentry","category-aktualnosci"],"uagb_featured_image_src":{"full":["https:\/\/biblioteka-milicz.pl\/wp-content\/uploads\/2026\/03\/642762832_1335384875294161_6364369881222070248_n.jpg",1448,2048,false],"thumbnail":["https:\/\/biblioteka-milicz.pl\/wp-content\/uploads\/2026\/03\/642762832_1335384875294161_6364369881222070248_n-150x150.jpg",150,150,true],"medium":["https:\/\/biblioteka-milicz.pl\/wp-content\/uploads\/2026\/03\/642762832_1335384875294161_6364369881222070248_n-212x300.jpg",212,300,true],"medium_large":["https:\/\/biblioteka-milicz.pl\/wp-content\/uploads\/2026\/03\/642762832_1335384875294161_6364369881222070248_n-768x1086.jpg",768,1086,true],"large":["https:\/\/biblioteka-milicz.pl\/wp-content\/uploads\/2026\/03\/642762832_1335384875294161_6364369881222070248_n-724x1024.jpg",724,1024,true],"1536x1536":["https:\/\/biblioteka-milicz.pl\/wp-content\/uploads\/2026\/03\/642762832_1335384875294161_6364369881222070248_n-1086x1536.jpg",1086,1536,true],"2048x2048":["https:\/\/biblioteka-milicz.pl\/wp-content\/uploads\/2026\/03\/642762832_1335384875294161_6364369881222070248_n.jpg",1448,2048,false],"thumb-small":["https:\/\/biblioteka-milicz.pl\/wp-content\/uploads\/2026\/03\/642762832_1335384875294161_6364369881222070248_n-80x80.jpg",80,80,true],"thumb-standard":["https:\/\/biblioteka-milicz.pl\/wp-content\/uploads\/2026\/03\/642762832_1335384875294161_6364369881222070248_n-320x320.jpg",320,320,true],"thumb-medium":["https:\/\/biblioteka-milicz.pl\/wp-content\/uploads\/2026\/03\/642762832_1335384875294161_6364369881222070248_n-520x245.jpg",520,245,true],"thumb-large":["https:\/\/biblioteka-milicz.pl\/wp-content\/uploads\/2026\/03\/642762832_1335384875294161_6364369881222070248_n-720x340.jpg",720,340,true],"thumb-xlarge":["https:\/\/biblioteka-milicz.pl\/wp-content\/uploads\/2026\/03\/642762832_1335384875294161_6364369881222070248_n-980x450.jpg",980,450,true],"thumb-xxlarge":["https:\/\/biblioteka-milicz.pl\/wp-content\/uploads\/2026\/03\/642762832_1335384875294161_6364369881222070248_n-1320x500.jpg",1320,500,true]},"uagb_author_info":{"display_name":"Marlena Grodzi\u0144ska","author_link":"https:\/\/biblioteka-milicz.pl\/index.php\/author\/marlena\/"},"uagb_comment_info":0,"uagb_excerpt":"Filia biblioteczna w G\u0105dkowicach zaprasza dzieci do udzia\u0142u w wiosennych warsztatach plastycznych. To doskona\u0142a okazja, aby tw\u00f3rczo sp\u0119dzi\u0107 czas, rozwin\u0105\u0107 wyobra\u017ani\u0119 oraz wsp\u00f3lnie przygotowa\u0107 pi\u0119kne, w\u0142asnor\u0119czne dekoracje zwi\u0105zane z nadchodz\u0105c\u0105 wiosn\u0105 i \u015bwi\u0119tami wielkanocnymi.&#46;&#46;&#46;","_links":{"self":[{"href":"https:\/\/biblioteka-milicz.pl\/index.php\/wp-json\/wp\/v2\/posts\/8017","targetHints":{"allow":["GET"]}}],"collection":[{"href":"https:\/\/biblioteka-milicz.pl\/index.php\/wp-json\/wp\/v2\/posts"}],"about":[{"href":"https:\/\/biblioteka-milicz.pl\/index.php\/wp-json\/wp\/v2\/types\/post"}],"author":[{"embeddable":true,"href":"https:\/\/biblioteka-milicz.pl\/index.php\/wp-json\/wp\/v2\/users\/2"}],"replies":[{"embeddable":true,"href":"https:\/\/biblioteka-milicz.pl\/index.php\/wp-json\/wp\/v2\/comments?post=8017"}],"version-history":[{"count":1,"href":"https:\/\/biblioteka-milicz.pl\/index.php\/wp-json\/wp\/v2\/posts\/8017\/revisions"}],"predecessor-version":[{"id":8019,"href":"https:\/\/biblioteka-milicz.pl\/index.php\/wp-json\/wp\/v2\/posts\/8017\/revisions\/8019"}],"wp:featuredmedia":[{"embeddable":true,"href":"https:\/\/biblioteka-milicz.pl\/index.php\/wp-json\/wp\/v2\/media\/8018"}],"wp:attachment":[{"href":"https:\/\/biblioteka-milicz.pl\/index.php\/wp-json\/wp\/v2\/media?parent=8017"}],"wp:term":[{"taxonomy":"category","embeddable":true,"href":"https:\/\/biblioteka-milicz.pl\/index.php\/wp-json\/wp\/v2\/categories?post=8017"},{"taxonomy":"post_tag","embeddable":true,"href":"https:\/\/biblioteka-milicz.pl\/index.php\/wp-json\/wp\/v2\/tags?post=8017"}],"curies":[{"name":"wp","href":"https:\/\/api.w.org\/{rel}","templated":true}]}}