{"id":7797,"date":"2026-01-27T11:21:08","date_gmt":"2026-01-27T10:21:08","guid":{"rendered":"https:\/\/biblioteka-milicz.pl\/?p=7797"},"modified":"2026-01-27T11:21:08","modified_gmt":"2026-01-27T10:21:08","slug":"ferie-z-wyobraznia-w-czatkowicach","status":"publish","type":"post","link":"https:\/\/biblioteka-milicz.pl\/index.php\/2026\/01\/27\/ferie-z-wyobraznia-w-czatkowicach\/","title":{"rendered":"\u201eFerie z Wyobra\u017ani\u0105\u201d w Czatkowicach"},"content":{"rendered":"\n<p>Filia biblioteczna w Czatkowicach zaprasza <strong>dzieci w wieku 6-10 lat<\/strong> \u00a0do udzia\u0142u w zaj\u0119ciach pod has\u0142em <strong>\u201eFerie z Wyobra\u017ani\u0105\u201d &#8211; \u00a0od 9 do 13 lutego w godzinach od 12.00 do 14.00.<\/strong><\/p>\n\n\n\n<p>Ka\u017cdego dnia na uczestnik\u00f3w czeka\u0107 b\u0119d\u0105 r\u00f3\u017cnorodne aktywno\u015bci, kt\u00f3re po\u0142\u0105cz\u0105 literatur\u0119 z elementami zabawy i pracy tw\u00f3rczej.<\/p>\n\n\n\n<p><strong>Udzia\u0142 w zaj\u0119ciach jest mo\u017cliwy po wcze\u015bniejszym zapisaniu dziecka<\/strong>. Serdecznie zach\u0119camy do skorzystania z oferty i wsp\u00f3lnego sp\u0119dzenia ferii zimowych w bibliotece.<\/p>\n\n\n\n<figure class=\"wp-block-image size-large\"><img loading=\"lazy\" decoding=\"async\" width=\"725\" height=\"1024\" src=\"https:\/\/biblioteka-milicz.pl\/wp-content\/uploads\/2026\/01\/Ferie-Czatkowice-725x1024.jpg\" alt=\"\" class=\"wp-image-7798\" srcset=\"https:\/\/biblioteka-milicz.pl\/wp-content\/uploads\/2026\/01\/Ferie-Czatkowice-725x1024.jpg 725w, https:\/\/biblioteka-milicz.pl\/wp-content\/uploads\/2026\/01\/Ferie-Czatkowice-212x300.jpg 212w, https:\/\/biblioteka-milicz.pl\/wp-content\/uploads\/2026\/01\/Ferie-Czatkowice-768x1085.jpg 768w, https:\/\/biblioteka-milicz.pl\/wp-content\/uploads\/2026\/01\/Ferie-Czatkowice-1087x1536.jpg 1087w, https:\/\/biblioteka-milicz.pl\/wp-content\/uploads\/2026\/01\/Ferie-Czatkowice.jpg 1449w\" sizes=\"auto, (max-width: 725px) 100vw, 725px\" \/><\/figure>\n","protected":false},"excerpt":{"rendered":"<p>Filia biblioteczna w Czatkowicach zaprasza dzieci w wieku 6-10 lat \u00a0do udzia\u0142u w zaj\u0119ciach pod has\u0142em \u201eFerie z Wyobra\u017ani\u0105\u201d &#8211; \u00a0od 9 do 13 lutego w godzinach od 12.00 do 14.00. Ka\u017cdego dnia na&#46;&#46;&#46;<\/p>\n","protected":false},"author":2,"featured_media":7798,"comment_status":"closed","ping_status":"closed","sticky":false,"template":"","format":"standard","meta":{"_uag_custom_page_level_css":"","footnotes":""},"categories":[3],"tags":[],"class_list":["post-7797","post","type-post","status-publish","format-standard","has-post-thumbnail","hentry","category-aktualnosci"],"uagb_featured_image_src":{"full":["https:\/\/biblioteka-milicz.pl\/wp-content\/uploads\/2026\/01\/Ferie-Czatkowice.jpg",1449,2048,false],"thumbnail":["https:\/\/biblioteka-milicz.pl\/wp-content\/uploads\/2026\/01\/Ferie-Czatkowice-150x150.jpg",150,150,true],"medium":["https:\/\/biblioteka-milicz.pl\/wp-content\/uploads\/2026\/01\/Ferie-Czatkowice-212x300.jpg",212,300,true],"medium_large":["https:\/\/biblioteka-milicz.pl\/wp-content\/uploads\/2026\/01\/Ferie-Czatkowice-768x1085.jpg",768,1085,true],"large":["https:\/\/biblioteka-milicz.pl\/wp-content\/uploads\/2026\/01\/Ferie-Czatkowice-725x1024.jpg",725,1024,true],"1536x1536":["https:\/\/biblioteka-milicz.pl\/wp-content\/uploads\/2026\/01\/Ferie-Czatkowice-1087x1536.jpg",1087,1536,true],"2048x2048":["https:\/\/biblioteka-milicz.pl\/wp-content\/uploads\/2026\/01\/Ferie-Czatkowice.jpg",1449,2048,false],"thumb-small":["https:\/\/biblioteka-milicz.pl\/wp-content\/uploads\/2026\/01\/Ferie-Czatkowice-80x80.jpg",80,80,true],"thumb-standard":["https:\/\/biblioteka-milicz.pl\/wp-content\/uploads\/2026\/01\/Ferie-Czatkowice-320x320.jpg",320,320,true],"thumb-medium":["https:\/\/biblioteka-milicz.pl\/wp-content\/uploads\/2026\/01\/Ferie-Czatkowice-520x245.jpg",520,245,true],"thumb-large":["https:\/\/biblioteka-milicz.pl\/wp-content\/uploads\/2026\/01\/Ferie-Czatkowice-720x340.jpg",720,340,true],"thumb-xlarge":["https:\/\/biblioteka-milicz.pl\/wp-content\/uploads\/2026\/01\/Ferie-Czatkowice-980x450.jpg",980,450,true],"thumb-xxlarge":["https:\/\/biblioteka-milicz.pl\/wp-content\/uploads\/2026\/01\/Ferie-Czatkowice-1320x500.jpg",1320,500,true]},"uagb_author_info":{"display_name":"Marlena Grodzi\u0144ska","author_link":"https:\/\/biblioteka-milicz.pl\/index.php\/author\/marlena\/"},"uagb_comment_info":0,"uagb_excerpt":"Filia biblioteczna w Czatkowicach zaprasza dzieci w wieku 6-10 lat \u00a0do udzia\u0142u w zaj\u0119ciach pod has\u0142em \u201eFerie z Wyobra\u017ani\u0105\u201d &#8211; \u00a0od 9 do 13 lutego w godzinach od 12.00 do 14.00. Ka\u017cdego dnia na&#46;&#46;&#46;","_links":{"self":[{"href":"https:\/\/biblioteka-milicz.pl\/index.php\/wp-json\/wp\/v2\/posts\/7797","targetHints":{"allow":["GET"]}}],"collection":[{"href":"https:\/\/biblioteka-milicz.pl\/index.php\/wp-json\/wp\/v2\/posts"}],"about":[{"href":"https:\/\/biblioteka-milicz.pl\/index.php\/wp-json\/wp\/v2\/types\/post"}],"author":[{"embeddable":true,"href":"https:\/\/biblioteka-milicz.pl\/index.php\/wp-json\/wp\/v2\/users\/2"}],"replies":[{"embeddable":true,"href":"https:\/\/biblioteka-milicz.pl\/index.php\/wp-json\/wp\/v2\/comments?post=7797"}],"version-history":[{"count":1,"href":"https:\/\/biblioteka-milicz.pl\/index.php\/wp-json\/wp\/v2\/posts\/7797\/revisions"}],"predecessor-version":[{"id":7799,"href":"https:\/\/biblioteka-milicz.pl\/index.php\/wp-json\/wp\/v2\/posts\/7797\/revisions\/7799"}],"wp:featuredmedia":[{"embeddable":true,"href":"https:\/\/biblioteka-milicz.pl\/index.php\/wp-json\/wp\/v2\/media\/7798"}],"wp:attachment":[{"href":"https:\/\/biblioteka-milicz.pl\/index.php\/wp-json\/wp\/v2\/media?parent=7797"}],"wp:term":[{"taxonomy":"category","embeddable":true,"href":"https:\/\/biblioteka-milicz.pl\/index.php\/wp-json\/wp\/v2\/categories?post=7797"},{"taxonomy":"post_tag","embeddable":true,"href":"https:\/\/biblioteka-milicz.pl\/index.php\/wp-json\/wp\/v2\/tags?post=7797"}],"curies":[{"name":"wp","href":"https:\/\/api.w.org\/{rel}","templated":true}]}}