{"id":7794,"date":"2026-01-27T11:08:08","date_gmt":"2026-01-27T10:08:08","guid":{"rendered":"https:\/\/biblioteka-milicz.pl\/?p=7794"},"modified":"2026-01-27T11:08:08","modified_gmt":"2026-01-27T10:08:08","slug":"ferie-z-biblioteka-w-dunkowej","status":"publish","type":"post","link":"https:\/\/biblioteka-milicz.pl\/index.php\/2026\/01\/27\/ferie-z-biblioteka-w-dunkowej\/","title":{"rendered":"\u201eFerie z Bibliotek\u0105\u201d w Dunkowej"},"content":{"rendered":"\n<p>Filia biblioteczna w Dunkowej zaprasza dzieci do udzia\u0142u w <strong>\u201eFeriach Zimowych z Bibliotek\u0105\u201d<\/strong>. Spotkania zaplanowano na dni <strong>9 oraz 11 lutego<\/strong>, <strong>w godzinach 10.00 &#8211; 13.00.<\/strong><\/p>\n\n\n\n<p>Zaj\u0119cia skierowane s\u0105 do dzieci, kt\u00f3re chc\u0105 sp\u0119dzi\u0107 zimowe ferie w przyjaznej i inspiruj\u0105cej atmosferze biblioteki. Serdecznie zapraszamy do udzia\u0142u i wsp\u00f3lnego odkrywania, \u017ce ferie zimowe z ksi\u0105\u017ck\u0105 mog\u0105 by\u0107 ciekawe, tw\u00f3rcze i pe\u0142ne rado\u015bci.<\/p>\n\n\n\n<figure class=\"wp-block-image size-large\"><img loading=\"lazy\" decoding=\"async\" width=\"683\" height=\"1024\" src=\"https:\/\/biblioteka-milicz.pl\/wp-content\/uploads\/2026\/01\/Ferie-Dunkowa-683x1024.jpg\" alt=\"\" class=\"wp-image-7795\" srcset=\"https:\/\/biblioteka-milicz.pl\/wp-content\/uploads\/2026\/01\/Ferie-Dunkowa-683x1024.jpg 683w, https:\/\/biblioteka-milicz.pl\/wp-content\/uploads\/2026\/01\/Ferie-Dunkowa-200x300.jpg 200w, https:\/\/biblioteka-milicz.pl\/wp-content\/uploads\/2026\/01\/Ferie-Dunkowa-768x1152.jpg 768w, https:\/\/biblioteka-milicz.pl\/wp-content\/uploads\/2026\/01\/Ferie-Dunkowa.jpg 1024w\" sizes=\"auto, (max-width: 683px) 100vw, 683px\" \/><\/figure>\n","protected":false},"excerpt":{"rendered":"<p>Filia biblioteczna w Dunkowej zaprasza dzieci do udzia\u0142u w \u201eFeriach Zimowych z Bibliotek\u0105\u201d. Spotkania zaplanowano na dni 9 oraz 11 lutego, w godzinach 10.00 &#8211; 13.00. Zaj\u0119cia skierowane s\u0105 do dzieci, kt\u00f3re chc\u0105 sp\u0119dzi\u0107&#46;&#46;&#46;<\/p>\n","protected":false},"author":2,"featured_media":7795,"comment_status":"closed","ping_status":"closed","sticky":false,"template":"","format":"standard","meta":{"_uag_custom_page_level_css":"","footnotes":""},"categories":[3],"tags":[],"class_list":["post-7794","post","type-post","status-publish","format-standard","has-post-thumbnail","hentry","category-aktualnosci"],"uagb_featured_image_src":{"full":["https:\/\/biblioteka-milicz.pl\/wp-content\/uploads\/2026\/01\/Ferie-Dunkowa.jpg",1024,1536,false],"thumbnail":["https:\/\/biblioteka-milicz.pl\/wp-content\/uploads\/2026\/01\/Ferie-Dunkowa-150x150.jpg",150,150,true],"medium":["https:\/\/biblioteka-milicz.pl\/wp-content\/uploads\/2026\/01\/Ferie-Dunkowa-200x300.jpg",200,300,true],"medium_large":["https:\/\/biblioteka-milicz.pl\/wp-content\/uploads\/2026\/01\/Ferie-Dunkowa-768x1152.jpg",768,1152,true],"large":["https:\/\/biblioteka-milicz.pl\/wp-content\/uploads\/2026\/01\/Ferie-Dunkowa-683x1024.jpg",683,1024,true],"1536x1536":["https:\/\/biblioteka-milicz.pl\/wp-content\/uploads\/2026\/01\/Ferie-Dunkowa.jpg",1024,1536,false],"2048x2048":["https:\/\/biblioteka-milicz.pl\/wp-content\/uploads\/2026\/01\/Ferie-Dunkowa.jpg",1024,1536,false],"thumb-small":["https:\/\/biblioteka-milicz.pl\/wp-content\/uploads\/2026\/01\/Ferie-Dunkowa-80x80.jpg",80,80,true],"thumb-standard":["https:\/\/biblioteka-milicz.pl\/wp-content\/uploads\/2026\/01\/Ferie-Dunkowa-320x320.jpg",320,320,true],"thumb-medium":["https:\/\/biblioteka-milicz.pl\/wp-content\/uploads\/2026\/01\/Ferie-Dunkowa-520x245.jpg",520,245,true],"thumb-large":["https:\/\/biblioteka-milicz.pl\/wp-content\/uploads\/2026\/01\/Ferie-Dunkowa-720x340.jpg",720,340,true],"thumb-xlarge":["https:\/\/biblioteka-milicz.pl\/wp-content\/uploads\/2026\/01\/Ferie-Dunkowa-980x450.jpg",980,450,true],"thumb-xxlarge":["https:\/\/biblioteka-milicz.pl\/wp-content\/uploads\/2026\/01\/Ferie-Dunkowa-1024x500.jpg",1024,500,true]},"uagb_author_info":{"display_name":"Marlena Grodzi\u0144ska","author_link":"https:\/\/biblioteka-milicz.pl\/index.php\/author\/marlena\/"},"uagb_comment_info":0,"uagb_excerpt":"Filia biblioteczna w Dunkowej zaprasza dzieci do udzia\u0142u w \u201eFeriach Zimowych z Bibliotek\u0105\u201d. Spotkania zaplanowano na dni 9 oraz 11 lutego, w godzinach 10.00 &#8211; 13.00. Zaj\u0119cia skierowane s\u0105 do dzieci, kt\u00f3re chc\u0105 sp\u0119dzi\u0107&#46;&#46;&#46;","_links":{"self":[{"href":"https:\/\/biblioteka-milicz.pl\/index.php\/wp-json\/wp\/v2\/posts\/7794","targetHints":{"allow":["GET"]}}],"collection":[{"href":"https:\/\/biblioteka-milicz.pl\/index.php\/wp-json\/wp\/v2\/posts"}],"about":[{"href":"https:\/\/biblioteka-milicz.pl\/index.php\/wp-json\/wp\/v2\/types\/post"}],"author":[{"embeddable":true,"href":"https:\/\/biblioteka-milicz.pl\/index.php\/wp-json\/wp\/v2\/users\/2"}],"replies":[{"embeddable":true,"href":"https:\/\/biblioteka-milicz.pl\/index.php\/wp-json\/wp\/v2\/comments?post=7794"}],"version-history":[{"count":1,"href":"https:\/\/biblioteka-milicz.pl\/index.php\/wp-json\/wp\/v2\/posts\/7794\/revisions"}],"predecessor-version":[{"id":7796,"href":"https:\/\/biblioteka-milicz.pl\/index.php\/wp-json\/wp\/v2\/posts\/7794\/revisions\/7796"}],"wp:featuredmedia":[{"embeddable":true,"href":"https:\/\/biblioteka-milicz.pl\/index.php\/wp-json\/wp\/v2\/media\/7795"}],"wp:attachment":[{"href":"https:\/\/biblioteka-milicz.pl\/index.php\/wp-json\/wp\/v2\/media?parent=7794"}],"wp:term":[{"taxonomy":"category","embeddable":true,"href":"https:\/\/biblioteka-milicz.pl\/index.php\/wp-json\/wp\/v2\/categories?post=7794"},{"taxonomy":"post_tag","embeddable":true,"href":"https:\/\/biblioteka-milicz.pl\/index.php\/wp-json\/wp\/v2\/tags?post=7794"}],"curies":[{"name":"wp","href":"https:\/\/api.w.org\/{rel}","templated":true}]}}