{"id":7791,"date":"2026-01-27T10:57:34","date_gmt":"2026-01-27T09:57:34","guid":{"rendered":"https:\/\/biblioteka-milicz.pl\/?p=7791"},"modified":"2026-01-27T10:57:34","modified_gmt":"2026-01-27T09:57:34","slug":"biblioteczne-ferie-z-sulkiem","status":"publish","type":"post","link":"https:\/\/biblioteka-milicz.pl\/index.php\/2026\/01\/27\/biblioteczne-ferie-z-sulkiem\/","title":{"rendered":"\u201eBiblioteczne Ferie z Su\u0142kiem&#8221;"},"content":{"rendered":"\n<p>Filia biblioteczna w Su\u0142owie zaprasza dzieci do udzia\u0142u w <strong>\u201eBibliotecznych Feriach z Su\u0142kiem\u201d,<\/strong> kt\u00f3re odb\u0119d\u0105 si\u0119 w dniach <strong>od 9 do 13 lutego<\/strong>. Tegoroczny program zosta\u0142 przygotowany z my\u015bl\u0105 o tw\u00f3rczym i aktywnym sp\u0119dzeniu zimowego czasu w bibliotece, \u0142\u0105cz\u0105c zabaw\u0119, ruch oraz kontakt z literatur\u0105.<\/p>\n\n\n\n<p>Wszystkie zaj\u0119cia odbywa\u0107 si\u0119 b\u0119d\u0105 <strong>w godzinach od 11.00 do 13.00<\/strong>. Liczba miejsc jest ograniczona, dlatego obowi\u0105zuj\u0105 wcze\u015bniejsze zapisy w bibliotece. Szczeg\u00f3\u0142owych informacji udziela filia biblioteczna pod numerem telefonu <strong>71 384 71 84.<\/strong><\/p>\n\n\n\n<p>Serdecznie zapraszamy dzieci do wsp\u00f3lnego sp\u0119dzenia ferii zimowych w bibliotece, gdzie nauka, zabawa i ksi\u0105\u017cki tworz\u0105 wyj\u0105tkow\u0105 atmosfer\u0119 sprzyjaj\u0105c\u0105 rozwijaniu pasji i zainteresowa\u0144.<\/p>\n\n\n\n<figure class=\"wp-block-image size-large\"><img loading=\"lazy\" decoding=\"async\" width=\"724\" height=\"1024\" src=\"https:\/\/biblioteka-milicz.pl\/wp-content\/uploads\/2026\/01\/Ferie-Sulow-724x1024.jpg\" alt=\"\" class=\"wp-image-7792\" srcset=\"https:\/\/biblioteka-milicz.pl\/wp-content\/uploads\/2026\/01\/Ferie-Sulow-724x1024.jpg 724w, https:\/\/biblioteka-milicz.pl\/wp-content\/uploads\/2026\/01\/Ferie-Sulow-212x300.jpg 212w, https:\/\/biblioteka-milicz.pl\/wp-content\/uploads\/2026\/01\/Ferie-Sulow-768x1086.jpg 768w, https:\/\/biblioteka-milicz.pl\/wp-content\/uploads\/2026\/01\/Ferie-Sulow-1086x1536.jpg 1086w, https:\/\/biblioteka-milicz.pl\/wp-content\/uploads\/2026\/01\/Ferie-Sulow.jpg 1448w\" sizes=\"auto, (max-width: 724px) 100vw, 724px\" \/><\/figure>\n","protected":false},"excerpt":{"rendered":"<p>Filia biblioteczna w Su\u0142owie zaprasza dzieci do udzia\u0142u w \u201eBibliotecznych Feriach z Su\u0142kiem\u201d, kt\u00f3re odb\u0119d\u0105 si\u0119 w dniach od 9 do 13 lutego. Tegoroczny program zosta\u0142 przygotowany z my\u015bl\u0105 o tw\u00f3rczym i aktywnym sp\u0119dzeniu&#46;&#46;&#46;<\/p>\n","protected":false},"author":2,"featured_media":7792,"comment_status":"closed","ping_status":"closed","sticky":false,"template":"","format":"standard","meta":{"_uag_custom_page_level_css":"","footnotes":""},"categories":[3],"tags":[],"class_list":["post-7791","post","type-post","status-publish","format-standard","has-post-thumbnail","hentry","category-aktualnosci"],"uagb_featured_image_src":{"full":["https:\/\/biblioteka-milicz.pl\/wp-content\/uploads\/2026\/01\/Ferie-Sulow.jpg",1448,2048,false],"thumbnail":["https:\/\/biblioteka-milicz.pl\/wp-content\/uploads\/2026\/01\/Ferie-Sulow-150x150.jpg",150,150,true],"medium":["https:\/\/biblioteka-milicz.pl\/wp-content\/uploads\/2026\/01\/Ferie-Sulow-212x300.jpg",212,300,true],"medium_large":["https:\/\/biblioteka-milicz.pl\/wp-content\/uploads\/2026\/01\/Ferie-Sulow-768x1086.jpg",768,1086,true],"large":["https:\/\/biblioteka-milicz.pl\/wp-content\/uploads\/2026\/01\/Ferie-Sulow-724x1024.jpg",724,1024,true],"1536x1536":["https:\/\/biblioteka-milicz.pl\/wp-content\/uploads\/2026\/01\/Ferie-Sulow-1086x1536.jpg",1086,1536,true],"2048x2048":["https:\/\/biblioteka-milicz.pl\/wp-content\/uploads\/2026\/01\/Ferie-Sulow.jpg",1448,2048,false],"thumb-small":["https:\/\/biblioteka-milicz.pl\/wp-content\/uploads\/2026\/01\/Ferie-Sulow-80x80.jpg",80,80,true],"thumb-standard":["https:\/\/biblioteka-milicz.pl\/wp-content\/uploads\/2026\/01\/Ferie-Sulow-320x320.jpg",320,320,true],"thumb-medium":["https:\/\/biblioteka-milicz.pl\/wp-content\/uploads\/2026\/01\/Ferie-Sulow-520x245.jpg",520,245,true],"thumb-large":["https:\/\/biblioteka-milicz.pl\/wp-content\/uploads\/2026\/01\/Ferie-Sulow-720x340.jpg",720,340,true],"thumb-xlarge":["https:\/\/biblioteka-milicz.pl\/wp-content\/uploads\/2026\/01\/Ferie-Sulow-980x450.jpg",980,450,true],"thumb-xxlarge":["https:\/\/biblioteka-milicz.pl\/wp-content\/uploads\/2026\/01\/Ferie-Sulow-1320x500.jpg",1320,500,true]},"uagb_author_info":{"display_name":"Marlena Grodzi\u0144ska","author_link":"https:\/\/biblioteka-milicz.pl\/index.php\/author\/marlena\/"},"uagb_comment_info":0,"uagb_excerpt":"Filia biblioteczna w Su\u0142owie zaprasza dzieci do udzia\u0142u w \u201eBibliotecznych Feriach z Su\u0142kiem\u201d, kt\u00f3re odb\u0119d\u0105 si\u0119 w dniach od 9 do 13 lutego. Tegoroczny program zosta\u0142 przygotowany z my\u015bl\u0105 o tw\u00f3rczym i aktywnym sp\u0119dzeniu&#46;&#46;&#46;","_links":{"self":[{"href":"https:\/\/biblioteka-milicz.pl\/index.php\/wp-json\/wp\/v2\/posts\/7791","targetHints":{"allow":["GET"]}}],"collection":[{"href":"https:\/\/biblioteka-milicz.pl\/index.php\/wp-json\/wp\/v2\/posts"}],"about":[{"href":"https:\/\/biblioteka-milicz.pl\/index.php\/wp-json\/wp\/v2\/types\/post"}],"author":[{"embeddable":true,"href":"https:\/\/biblioteka-milicz.pl\/index.php\/wp-json\/wp\/v2\/users\/2"}],"replies":[{"embeddable":true,"href":"https:\/\/biblioteka-milicz.pl\/index.php\/wp-json\/wp\/v2\/comments?post=7791"}],"version-history":[{"count":1,"href":"https:\/\/biblioteka-milicz.pl\/index.php\/wp-json\/wp\/v2\/posts\/7791\/revisions"}],"predecessor-version":[{"id":7793,"href":"https:\/\/biblioteka-milicz.pl\/index.php\/wp-json\/wp\/v2\/posts\/7791\/revisions\/7793"}],"wp:featuredmedia":[{"embeddable":true,"href":"https:\/\/biblioteka-milicz.pl\/index.php\/wp-json\/wp\/v2\/media\/7792"}],"wp:attachment":[{"href":"https:\/\/biblioteka-milicz.pl\/index.php\/wp-json\/wp\/v2\/media?parent=7791"}],"wp:term":[{"taxonomy":"category","embeddable":true,"href":"https:\/\/biblioteka-milicz.pl\/index.php\/wp-json\/wp\/v2\/categories?post=7791"},{"taxonomy":"post_tag","embeddable":true,"href":"https:\/\/biblioteka-milicz.pl\/index.php\/wp-json\/wp\/v2\/tags?post=7791"}],"curies":[{"name":"wp","href":"https:\/\/api.w.org\/{rel}","templated":true}]}}