{"id":7786,"date":"2026-01-27T10:50:26","date_gmt":"2026-01-27T09:50:26","guid":{"rendered":"https:\/\/biblioteka-milicz.pl\/?p=7786"},"modified":"2026-01-27T10:51:52","modified_gmt":"2026-01-27T09:51:52","slug":"biblioteczne-ferie-w-potaszni","status":"publish","type":"post","link":"https:\/\/biblioteka-milicz.pl\/index.php\/2026\/01\/27\/biblioteczne-ferie-w-potaszni\/","title":{"rendered":"&#8222;Biblioteczne Ferie&#8221; w Potaszni"},"content":{"rendered":"\n<p>W dniach od <strong>9 do 13 lutego<\/strong> filia biblioteczna w Potaszni zaprasza dzieci na <strong>\u201eBiblioteczne Ferie\u201d<\/strong>, czyli cykl zaj\u0119\u0107 przygotowanych z my\u015bl\u0105 o zimowym wypoczynku w tw\u00f3rczej i przyjaznej atmosferze. W programie przewidziano r\u00f3\u017cnorodne warsztaty plastyczne i kreatywne, kt\u00f3re pozwol\u0105 uczestnikom rozwija\u0107 wyobra\u017ani\u0119, zdolno\u015bci manualne oraz sp\u0119dzi\u0107 czas w gronie r\u00f3wie\u015bnik\u00f3w.<\/p>\n\n\n\n<p>Zaj\u0119cia odb\u0119d\u0105 si\u0119 w <strong>poniedzia\u0142ek, wtorek, czwartek i pi\u0105tek w godzinach od 15.00 do 17.00<\/strong>, natomiast w <strong>\u015brod\u0119 zaplanowano spotkanie w godzinach od 10.00 do 12.00.<\/strong> Udzia\u0142 we wszystkich zaj\u0119ciach jest <strong>bezp\u0142atny<\/strong>.<\/p>\n\n\n\n<p>Serdecznie zapraszamy dzieci do wsp\u00f3lnego sp\u0119dzenia ferii zimowych w filii bibliotecznej w Potaszni. To doskona\u0142a okazja, aby tw\u00f3rczo wykorzysta\u0107 wolny czas, pozna\u0107 nowe techniki plastyczne i sp\u0119dzi\u0107 ferie w bibliotece w mi\u0142ej, zimowej atmosferze.<\/p>\n\n\n\n<figure class=\"wp-block-image size-large\"><img loading=\"lazy\" decoding=\"async\" width=\"724\" height=\"1024\" src=\"https:\/\/biblioteka-milicz.pl\/wp-content\/uploads\/2026\/01\/Ferie-Potasznia-1-724x1024.jpg\" alt=\"\" class=\"wp-image-7788\" srcset=\"https:\/\/biblioteka-milicz.pl\/wp-content\/uploads\/2026\/01\/Ferie-Potasznia-1-724x1024.jpg 724w, https:\/\/biblioteka-milicz.pl\/wp-content\/uploads\/2026\/01\/Ferie-Potasznia-1-212x300.jpg 212w, https:\/\/biblioteka-milicz.pl\/wp-content\/uploads\/2026\/01\/Ferie-Potasznia-1-768x1086.jpg 768w, https:\/\/biblioteka-milicz.pl\/wp-content\/uploads\/2026\/01\/Ferie-Potasznia-1-1086x1536.jpg 1086w, https:\/\/biblioteka-milicz.pl\/wp-content\/uploads\/2026\/01\/Ferie-Potasznia-1.jpg 1448w\" sizes=\"auto, (max-width: 724px) 100vw, 724px\" \/><\/figure>\n","protected":false},"excerpt":{"rendered":"<p>W dniach od 9 do 13 lutego filia biblioteczna w Potaszni zaprasza dzieci na \u201eBiblioteczne Ferie\u201d, czyli cykl zaj\u0119\u0107 przygotowanych z my\u015bl\u0105 o zimowym wypoczynku w tw\u00f3rczej i przyjaznej atmosferze. W programie przewidziano r\u00f3\u017cnorodne&#46;&#46;&#46;<\/p>\n","protected":false},"author":2,"featured_media":7788,"comment_status":"closed","ping_status":"closed","sticky":false,"template":"","format":"standard","meta":{"_uag_custom_page_level_css":"","footnotes":""},"categories":[3],"tags":[],"class_list":["post-7786","post","type-post","status-publish","format-standard","has-post-thumbnail","hentry","category-aktualnosci"],"uagb_featured_image_src":{"full":["https:\/\/biblioteka-milicz.pl\/wp-content\/uploads\/2026\/01\/Ferie-Potasznia-1.jpg",1448,2048,false],"thumbnail":["https:\/\/biblioteka-milicz.pl\/wp-content\/uploads\/2026\/01\/Ferie-Potasznia-1-150x150.jpg",150,150,true],"medium":["https:\/\/biblioteka-milicz.pl\/wp-content\/uploads\/2026\/01\/Ferie-Potasznia-1-212x300.jpg",212,300,true],"medium_large":["https:\/\/biblioteka-milicz.pl\/wp-content\/uploads\/2026\/01\/Ferie-Potasznia-1-768x1086.jpg",768,1086,true],"large":["https:\/\/biblioteka-milicz.pl\/wp-content\/uploads\/2026\/01\/Ferie-Potasznia-1-724x1024.jpg",724,1024,true],"1536x1536":["https:\/\/biblioteka-milicz.pl\/wp-content\/uploads\/2026\/01\/Ferie-Potasznia-1-1086x1536.jpg",1086,1536,true],"2048x2048":["https:\/\/biblioteka-milicz.pl\/wp-content\/uploads\/2026\/01\/Ferie-Potasznia-1.jpg",1448,2048,false],"thumb-small":["https:\/\/biblioteka-milicz.pl\/wp-content\/uploads\/2026\/01\/Ferie-Potasznia-1-80x80.jpg",80,80,true],"thumb-standard":["https:\/\/biblioteka-milicz.pl\/wp-content\/uploads\/2026\/01\/Ferie-Potasznia-1-320x320.jpg",320,320,true],"thumb-medium":["https:\/\/biblioteka-milicz.pl\/wp-content\/uploads\/2026\/01\/Ferie-Potasznia-1-520x245.jpg",520,245,true],"thumb-large":["https:\/\/biblioteka-milicz.pl\/wp-content\/uploads\/2026\/01\/Ferie-Potasznia-1-720x340.jpg",720,340,true],"thumb-xlarge":["https:\/\/biblioteka-milicz.pl\/wp-content\/uploads\/2026\/01\/Ferie-Potasznia-1-980x450.jpg",980,450,true],"thumb-xxlarge":["https:\/\/biblioteka-milicz.pl\/wp-content\/uploads\/2026\/01\/Ferie-Potasznia-1-1320x500.jpg",1320,500,true]},"uagb_author_info":{"display_name":"Marlena Grodzi\u0144ska","author_link":"https:\/\/biblioteka-milicz.pl\/index.php\/author\/marlena\/"},"uagb_comment_info":0,"uagb_excerpt":"W dniach od 9 do 13 lutego filia biblioteczna w Potaszni zaprasza dzieci na \u201eBiblioteczne Ferie\u201d, czyli cykl zaj\u0119\u0107 przygotowanych z my\u015bl\u0105 o zimowym wypoczynku w tw\u00f3rczej i przyjaznej atmosferze. W programie przewidziano r\u00f3\u017cnorodne&#46;&#46;&#46;","_links":{"self":[{"href":"https:\/\/biblioteka-milicz.pl\/index.php\/wp-json\/wp\/v2\/posts\/7786","targetHints":{"allow":["GET"]}}],"collection":[{"href":"https:\/\/biblioteka-milicz.pl\/index.php\/wp-json\/wp\/v2\/posts"}],"about":[{"href":"https:\/\/biblioteka-milicz.pl\/index.php\/wp-json\/wp\/v2\/types\/post"}],"author":[{"embeddable":true,"href":"https:\/\/biblioteka-milicz.pl\/index.php\/wp-json\/wp\/v2\/users\/2"}],"replies":[{"embeddable":true,"href":"https:\/\/biblioteka-milicz.pl\/index.php\/wp-json\/wp\/v2\/comments?post=7786"}],"version-history":[{"count":2,"href":"https:\/\/biblioteka-milicz.pl\/index.php\/wp-json\/wp\/v2\/posts\/7786\/revisions"}],"predecessor-version":[{"id":7790,"href":"https:\/\/biblioteka-milicz.pl\/index.php\/wp-json\/wp\/v2\/posts\/7786\/revisions\/7790"}],"wp:featuredmedia":[{"embeddable":true,"href":"https:\/\/biblioteka-milicz.pl\/index.php\/wp-json\/wp\/v2\/media\/7788"}],"wp:attachment":[{"href":"https:\/\/biblioteka-milicz.pl\/index.php\/wp-json\/wp\/v2\/media?parent=7786"}],"wp:term":[{"taxonomy":"category","embeddable":true,"href":"https:\/\/biblioteka-milicz.pl\/index.php\/wp-json\/wp\/v2\/categories?post=7786"},{"taxonomy":"post_tag","embeddable":true,"href":"https:\/\/biblioteka-milicz.pl\/index.php\/wp-json\/wp\/v2\/tags?post=7786"}],"curies":[{"name":"wp","href":"https:\/\/api.w.org\/{rel}","templated":true}]}}