{"id":7582,"date":"2025-12-09T10:40:02","date_gmt":"2025-12-09T09:40:02","guid":{"rendered":"https:\/\/biblioteka-milicz.pl\/?p=7582"},"modified":"2025-12-12T10:44:49","modified_gmt":"2025-12-12T09:44:49","slug":"swiateczne-spotkanie-ze-smerfami","status":"publish","type":"post","link":"https:\/\/biblioteka-milicz.pl\/index.php\/2025\/12\/09\/swiateczne-spotkanie-ze-smerfami\/","title":{"rendered":"\u015awi\u0105teczne spotkanie ze \u201eSmerfami\u201d"},"content":{"rendered":"\n<p>W naszym Oddziale Dzieci\u0119cym czu\u0107 ju\u017c wyra\u017anie nadchodz\u0105ce \u015bwi\u0119ta. Choinka dumnie prezentuje swoje ozdoby, Miko\u0142aj zd\u0105\u017cy\u0142 nas odwiedzi\u0107, a teraz zagl\u0105daj\u0105 do nas Elfy, dopytuj\u0105c, czy dzieci by\u0142y grzeczne. Odpowied\u017a jest prosta \u2013 oczywi\u015bcie, \u017ce tak! Mali go\u015bcie s\u0105 pe\u0142ni u\u015bmiechu, energii i radosnego gwaru, kt\u00f3ry pi\u0119knie wype\u0142nia biblioteczn\u0105 przestrze\u0144.<\/p>\n\n\n\n<p>Spotkanie z pi\u0119ciolatkami z Przedszkola Samorz\u0105dowego w Miliczu, czyli z grup\u0105 \u201eSmerf\u00f3w\u201d, rozpocz\u0119li\u015bmy rozmow\u0105 o magii \u015bwi\u0105t. Wsp\u00f3lnie zastanawiali\u015bmy si\u0119, sk\u0105d bierze si\u0119 tyle dobra w grudniowe dni, czy Miko\u0142aj odwiedza wszystkie dzieci i doros\u0142ych, jak Elfy pomagaj\u0105 w przygotowywaniu prezent\u00f3w, a tak\u017ce czy wigilijne marzenia naprawd\u0119 si\u0119 spe\u0142niaj\u0105. Rozmowa by\u0142a pe\u0142na ciekawych spostrze\u017ce\u0144 i dzieci\u0119cej wyobra\u017ani.<\/p>\n\n\n\n<p>Przedszkolaki wys\u0142ucha\u0142y \u015bwi\u0105tecznego opowiadania, rozwi\u0105zywa\u0142y zagadki i z zaanga\u017cowaniem przygotowa\u0142y papierowe postacie Miko\u0142aja. W bibliotece zrobi\u0142o si\u0119 kolorowo, rado\u015bnie i bardzo \u015bwi\u0105tecznie \u2013 dok\u0142adnie tak, jak w tym wyj\u0105tkowym czasie powinno by\u0107. Spotkanie odby\u0142o si\u0119 8 grudnia i przynios\u0142o wszystkim wiele ciep\u0142ych, zimowych wra\u017ce\u0144.<\/p>\n\n\n\n<figure class=\"wp-block-gallery has-nested-images columns-default is-cropped wp-block-gallery-1 is-layout-flex wp-block-gallery-is-layout-flex\">\n<figure class=\"wp-block-image size-large\"><img loading=\"lazy\" decoding=\"async\" width=\"768\" height=\"1024\" data-id=\"7584\" src=\"https:\/\/biblioteka-milicz.pl\/wp-content\/uploads\/2025\/12\/597410125_1266691822163467_285235949400074294_n-768x1024.jpg\" alt=\"\" class=\"wp-image-7584\" srcset=\"https:\/\/biblioteka-milicz.pl\/wp-content\/uploads\/2025\/12\/597410125_1266691822163467_285235949400074294_n-768x1024.jpg 768w, https:\/\/biblioteka-milicz.pl\/wp-content\/uploads\/2025\/12\/597410125_1266691822163467_285235949400074294_n-225x300.jpg 225w, https:\/\/biblioteka-milicz.pl\/wp-content\/uploads\/2025\/12\/597410125_1266691822163467_285235949400074294_n-1152x1536.jpg 1152w, https:\/\/biblioteka-milicz.pl\/wp-content\/uploads\/2025\/12\/597410125_1266691822163467_285235949400074294_n.jpg 1536w\" sizes=\"auto, (max-width: 768px) 100vw, 768px\" \/><\/figure>\n\n\n\n<figure class=\"wp-block-image size-large\"><img loading=\"lazy\" decoding=\"async\" width=\"768\" height=\"1024\" data-id=\"7586\" src=\"https:\/\/biblioteka-milicz.pl\/wp-content\/uploads\/2025\/12\/597440932_1266691198830196_6343715550889498210_n-768x1024.jpg\" alt=\"\" class=\"wp-image-7586\" srcset=\"https:\/\/biblioteka-milicz.pl\/wp-content\/uploads\/2025\/12\/597440932_1266691198830196_6343715550889498210_n-768x1024.jpg 768w, https:\/\/biblioteka-milicz.pl\/wp-content\/uploads\/2025\/12\/597440932_1266691198830196_6343715550889498210_n-225x300.jpg 225w, https:\/\/biblioteka-milicz.pl\/wp-content\/uploads\/2025\/12\/597440932_1266691198830196_6343715550889498210_n-1152x1536.jpg 1152w, https:\/\/biblioteka-milicz.pl\/wp-content\/uploads\/2025\/12\/597440932_1266691198830196_6343715550889498210_n.jpg 1536w\" sizes=\"auto, (max-width: 768px) 100vw, 768px\" \/><\/figure>\n\n\n\n<figure class=\"wp-block-image size-large\"><img loading=\"lazy\" decoding=\"async\" width=\"768\" height=\"1024\" data-id=\"7589\" src=\"https:\/\/biblioteka-milicz.pl\/wp-content\/uploads\/2025\/12\/597439311_1266691435496839_5739072336878987198_n-768x1024.jpg\" alt=\"\" class=\"wp-image-7589\" srcset=\"https:\/\/biblioteka-milicz.pl\/wp-content\/uploads\/2025\/12\/597439311_1266691435496839_5739072336878987198_n-768x1024.jpg 768w, https:\/\/biblioteka-milicz.pl\/wp-content\/uploads\/2025\/12\/597439311_1266691435496839_5739072336878987198_n-225x300.jpg 225w, https:\/\/biblioteka-milicz.pl\/wp-content\/uploads\/2025\/12\/597439311_1266691435496839_5739072336878987198_n-1152x1536.jpg 1152w, https:\/\/biblioteka-milicz.pl\/wp-content\/uploads\/2025\/12\/597439311_1266691435496839_5739072336878987198_n.jpg 1536w\" sizes=\"auto, (max-width: 768px) 100vw, 768px\" \/><\/figure>\n\n\n\n<figure class=\"wp-block-image size-large\"><img loading=\"lazy\" decoding=\"async\" width=\"1024\" height=\"768\" data-id=\"7588\" src=\"https:\/\/biblioteka-milicz.pl\/wp-content\/uploads\/2025\/12\/597442816_1266691518830164_9200465998234767678_n-1-1024x768.jpg\" alt=\"\" class=\"wp-image-7588\" srcset=\"https:\/\/biblioteka-milicz.pl\/wp-content\/uploads\/2025\/12\/597442816_1266691518830164_9200465998234767678_n-1-1024x768.jpg 1024w, https:\/\/biblioteka-milicz.pl\/wp-content\/uploads\/2025\/12\/597442816_1266691518830164_9200465998234767678_n-1-300x225.jpg 300w, https:\/\/biblioteka-milicz.pl\/wp-content\/uploads\/2025\/12\/597442816_1266691518830164_9200465998234767678_n-1-768x576.jpg 768w, https:\/\/biblioteka-milicz.pl\/wp-content\/uploads\/2025\/12\/597442816_1266691518830164_9200465998234767678_n-1-1536x1152.jpg 1536w, https:\/\/biblioteka-milicz.pl\/wp-content\/uploads\/2025\/12\/597442816_1266691518830164_9200465998234767678_n-1.jpg 2048w\" sizes=\"auto, (max-width: 1024px) 100vw, 1024px\" \/><\/figure>\n\n\n\n<figure class=\"wp-block-image size-large\"><img loading=\"lazy\" decoding=\"async\" width=\"1024\" height=\"787\" data-id=\"7590\" src=\"https:\/\/biblioteka-milicz.pl\/wp-content\/uploads\/2025\/12\/597816884_1266691928830123_6805829669732967172_n-1024x787.jpg\" alt=\"\" class=\"wp-image-7590\" srcset=\"https:\/\/biblioteka-milicz.pl\/wp-content\/uploads\/2025\/12\/597816884_1266691928830123_6805829669732967172_n-1024x787.jpg 1024w, https:\/\/biblioteka-milicz.pl\/wp-content\/uploads\/2025\/12\/597816884_1266691928830123_6805829669732967172_n-300x230.jpg 300w, https:\/\/biblioteka-milicz.pl\/wp-content\/uploads\/2025\/12\/597816884_1266691928830123_6805829669732967172_n-768x590.jpg 768w, https:\/\/biblioteka-milicz.pl\/wp-content\/uploads\/2025\/12\/597816884_1266691928830123_6805829669732967172_n-1536x1180.jpg 1536w, https:\/\/biblioteka-milicz.pl\/wp-content\/uploads\/2025\/12\/597816884_1266691928830123_6805829669732967172_n.jpg 2048w\" sizes=\"auto, (max-width: 1024px) 100vw, 1024px\" \/><\/figure>\n<\/figure>\n","protected":false},"excerpt":{"rendered":"<p>W naszym Oddziale Dzieci\u0119cym czu\u0107 ju\u017c wyra\u017anie nadchodz\u0105ce \u015bwi\u0119ta. Choinka dumnie prezentuje swoje ozdoby, Miko\u0142aj zd\u0105\u017cy\u0142 nas odwiedzi\u0107, a teraz zagl\u0105daj\u0105 do nas Elfy, dopytuj\u0105c, czy dzieci by\u0142y grzeczne. Odpowied\u017a jest prosta \u2013 oczywi\u015bcie,&#46;&#46;&#46;<\/p>\n","protected":false},"author":2,"featured_media":7591,"comment_status":"closed","ping_status":"closed","sticky":false,"template":"","format":"standard","meta":{"_uag_custom_page_level_css":"","footnotes":""},"categories":[3],"tags":[],"class_list":["post-7582","post","type-post","status-publish","format-standard","has-post-thumbnail","hentry","category-aktualnosci"],"uagb_featured_image_src":{"full":["https:\/\/biblioteka-milicz.pl\/wp-content\/uploads\/2025\/12\/Mikolaj-w-ODZ.jpg",2048,1536,false],"thumbnail":["https:\/\/biblioteka-milicz.pl\/wp-content\/uploads\/2025\/12\/Mikolaj-w-ODZ-150x150.jpg",150,150,true],"medium":["https:\/\/biblioteka-milicz.pl\/wp-content\/uploads\/2025\/12\/Mikolaj-w-ODZ-300x225.jpg",300,225,true],"medium_large":["https:\/\/biblioteka-milicz.pl\/wp-content\/uploads\/2025\/12\/Mikolaj-w-ODZ-768x576.jpg",768,576,true],"large":["https:\/\/biblioteka-milicz.pl\/wp-content\/uploads\/2025\/12\/Mikolaj-w-ODZ-1024x768.jpg",1024,768,true],"1536x1536":["https:\/\/biblioteka-milicz.pl\/wp-content\/uploads\/2025\/12\/Mikolaj-w-ODZ-1536x1152.jpg",1536,1152,true],"2048x2048":["https:\/\/biblioteka-milicz.pl\/wp-content\/uploads\/2025\/12\/Mikolaj-w-ODZ.jpg",2048,1536,false],"thumb-small":["https:\/\/biblioteka-milicz.pl\/wp-content\/uploads\/2025\/12\/Mikolaj-w-ODZ-80x80.jpg",80,80,true],"thumb-standard":["https:\/\/biblioteka-milicz.pl\/wp-content\/uploads\/2025\/12\/Mikolaj-w-ODZ-320x320.jpg",320,320,true],"thumb-medium":["https:\/\/biblioteka-milicz.pl\/wp-content\/uploads\/2025\/12\/Mikolaj-w-ODZ-520x245.jpg",520,245,true],"thumb-large":["https:\/\/biblioteka-milicz.pl\/wp-content\/uploads\/2025\/12\/Mikolaj-w-ODZ-720x340.jpg",720,340,true],"thumb-xlarge":["https:\/\/biblioteka-milicz.pl\/wp-content\/uploads\/2025\/12\/Mikolaj-w-ODZ-980x450.jpg",980,450,true],"thumb-xxlarge":["https:\/\/biblioteka-milicz.pl\/wp-content\/uploads\/2025\/12\/Mikolaj-w-ODZ-1320x500.jpg",1320,500,true]},"uagb_author_info":{"display_name":"Marlena Grodzi\u0144ska","author_link":"https:\/\/biblioteka-milicz.pl\/index.php\/author\/marlena\/"},"uagb_comment_info":0,"uagb_excerpt":"W naszym Oddziale Dzieci\u0119cym czu\u0107 ju\u017c wyra\u017anie nadchodz\u0105ce \u015bwi\u0119ta. Choinka dumnie prezentuje swoje ozdoby, Miko\u0142aj zd\u0105\u017cy\u0142 nas odwiedzi\u0107, a teraz zagl\u0105daj\u0105 do nas Elfy, dopytuj\u0105c, czy dzieci by\u0142y grzeczne. Odpowied\u017a jest prosta \u2013 oczywi\u015bcie,&#46;&#46;&#46;","_links":{"self":[{"href":"https:\/\/biblioteka-milicz.pl\/index.php\/wp-json\/wp\/v2\/posts\/7582","targetHints":{"allow":["GET"]}}],"collection":[{"href":"https:\/\/biblioteka-milicz.pl\/index.php\/wp-json\/wp\/v2\/posts"}],"about":[{"href":"https:\/\/biblioteka-milicz.pl\/index.php\/wp-json\/wp\/v2\/types\/post"}],"author":[{"embeddable":true,"href":"https:\/\/biblioteka-milicz.pl\/index.php\/wp-json\/wp\/v2\/users\/2"}],"replies":[{"embeddable":true,"href":"https:\/\/biblioteka-milicz.pl\/index.php\/wp-json\/wp\/v2\/comments?post=7582"}],"version-history":[{"count":1,"href":"https:\/\/biblioteka-milicz.pl\/index.php\/wp-json\/wp\/v2\/posts\/7582\/revisions"}],"predecessor-version":[{"id":7592,"href":"https:\/\/biblioteka-milicz.pl\/index.php\/wp-json\/wp\/v2\/posts\/7582\/revisions\/7592"}],"wp:featuredmedia":[{"embeddable":true,"href":"https:\/\/biblioteka-milicz.pl\/index.php\/wp-json\/wp\/v2\/media\/7591"}],"wp:attachment":[{"href":"https:\/\/biblioteka-milicz.pl\/index.php\/wp-json\/wp\/v2\/media?parent=7582"}],"wp:term":[{"taxonomy":"category","embeddable":true,"href":"https:\/\/biblioteka-milicz.pl\/index.php\/wp-json\/wp\/v2\/categories?post=7582"},{"taxonomy":"post_tag","embeddable":true,"href":"https:\/\/biblioteka-milicz.pl\/index.php\/wp-json\/wp\/v2\/tags?post=7582"}],"curies":[{"name":"wp","href":"https:\/\/api.w.org\/{rel}","templated":true}]}}