{"id":7554,"date":"2025-12-04T10:08:14","date_gmt":"2025-12-04T09:08:14","guid":{"rendered":"https:\/\/biblioteka-milicz.pl\/?p=7554"},"modified":"2025-12-12T10:12:41","modified_gmt":"2025-12-12T09:12:41","slug":"dzien-majsterkowania","status":"publish","type":"post","link":"https:\/\/biblioteka-milicz.pl\/index.php\/2025\/12\/04\/dzien-majsterkowania\/","title":{"rendered":"Dzie\u0144 Majsterkowania"},"content":{"rendered":"\n<p>W \u015brod\u0119, w czatkowickiej filii zrobi\u0142o si\u0119 wyj\u0105tkowo tw\u00f3rczo i\u2026 g\u0142o\u015bno od stukania! Wszystko za spraw\u0105 zaj\u0119\u0107 zorganizowanych z okazji \u015awiatowego Dnia Majsterkowania, kt\u00f3ry obchodzony jest 3 grudnia. To \u015bwi\u0119to przypomina nam o wspania\u0142ym popularyzatorze majsterkowania, Adamie S\u0142odowym, kt\u00f3ry pokaza\u0142 wielu pokoleniom, \u017ce tworzenie i naprawianie przedmiot\u00f3w mo\u017ce dawa\u0107 ogromn\u0105 satysfakcj\u0119. Tego dnia odwiedzi\u0142a nas grupa przedszkolak\u00f3w z Czatkowic, aby wsp\u00f3lnie odkry\u0107 rado\u015b\u0107 p\u0142yn\u0105c\u0105 z pracy w\u0142asnych r\u0105k.<\/p>\n\n\n\n<p>Dzieci z zaanga\u017cowaniem wzi\u0119\u0142y udzia\u0142 w zabawie \u201eZgadnij, co to?\u201d, w kt\u00f3rej losowa\u0142y i odgadywa\u0142y r\u00f3\u017cne narz\u0119dzia \u2014 od m\u0142otka, przez \u015brubokr\u0119t, a\u017c po kolorow\u0105 miark\u0119. By\u0142o przy tym mn\u00f3stwo \u015bmiechu i zachwyt\u00f3w! Towarzyszy\u0142a nam r\u00f3wnie\u017c ciep\u0142a opowiastka o Kici Koci, kt\u00f3ra razem z dziadkiem zbudowa\u0142a p\u00f3\u0142k\u0119 na konfitury. Historia ta wprowadzi\u0142a dzieci w \u015bwiat prostych prac plastyczno-technicznych i pokaza\u0142a, \u017ce majsterkowa\u0107 mo\u017cna na wiele sposob\u00f3w.<\/p>\n\n\n\n<p>Kiedy nadszed\u0142 moment, na kt\u00f3ry wszyscy czekali \u2014 tworzenie w\u0142asnych dzie\u0142 \u2014 emocje si\u0119gn\u0119\u0142y zenitu. Mali majsterkowicze przygotowali przepi\u0119kne zimowe kartki, pe\u0142ne b\u0142ysku, kolor\u00f3w i dzieci\u0119cej kreatywno\u015bci. Ka\u017cda kartka by\u0142a inna, wyj\u0105tkowa i wykonana z ogromnym zaanga\u017cowaniem.<\/p>\n\n\n\n<p>Na zako\u0144czenie, zgodnie z nasz\u0105 biblioteczn\u0105 tradycj\u0105, dzieci mog\u0142y samodzielnie wybra\u0107 dla siebie ksi\u0105\u017cki, kt\u00f3re zabra\u0142y do domu, by czyta\u0107 je razem z bliskimi.<\/p>\n\n\n\n<p>Dzi\u0119kujemy przedszkolakom za fantastyczn\u0105 atmosfer\u0119! Zapraszamy na kolejne biblioteczne przygody.<\/p>\n\n\n\n<figure class=\"wp-block-gallery has-nested-images columns-default is-cropped wp-block-gallery-1 is-layout-flex wp-block-gallery-is-layout-flex\">\n<figure class=\"wp-block-image size-large\"><img loading=\"lazy\" decoding=\"async\" width=\"768\" height=\"1024\" data-id=\"7558\" src=\"https:\/\/biblioteka-milicz.pl\/wp-content\/uploads\/2025\/12\/594915382_1263663035799679_7050041521977538745_n-768x1024.jpg\" alt=\"\" class=\"wp-image-7558\" srcset=\"https:\/\/biblioteka-milicz.pl\/wp-content\/uploads\/2025\/12\/594915382_1263663035799679_7050041521977538745_n-768x1024.jpg 768w, https:\/\/biblioteka-milicz.pl\/wp-content\/uploads\/2025\/12\/594915382_1263663035799679_7050041521977538745_n-225x300.jpg 225w, https:\/\/biblioteka-milicz.pl\/wp-content\/uploads\/2025\/12\/594915382_1263663035799679_7050041521977538745_n-1152x1536.jpg 1152w, https:\/\/biblioteka-milicz.pl\/wp-content\/uploads\/2025\/12\/594915382_1263663035799679_7050041521977538745_n.jpg 1536w\" sizes=\"auto, (max-width: 768px) 100vw, 768px\" \/><\/figure>\n\n\n\n<figure class=\"wp-block-image size-large\"><img loading=\"lazy\" decoding=\"async\" width=\"768\" height=\"1024\" data-id=\"7557\" src=\"https:\/\/biblioteka-milicz.pl\/wp-content\/uploads\/2025\/12\/595141886_1263663015799681_6865826780162137036_n-768x1024.jpg\" alt=\"\" class=\"wp-image-7557\" srcset=\"https:\/\/biblioteka-milicz.pl\/wp-content\/uploads\/2025\/12\/595141886_1263663015799681_6865826780162137036_n-768x1024.jpg 768w, https:\/\/biblioteka-milicz.pl\/wp-content\/uploads\/2025\/12\/595141886_1263663015799681_6865826780162137036_n-225x300.jpg 225w, https:\/\/biblioteka-milicz.pl\/wp-content\/uploads\/2025\/12\/595141886_1263663015799681_6865826780162137036_n-1152x1536.jpg 1152w, https:\/\/biblioteka-milicz.pl\/wp-content\/uploads\/2025\/12\/595141886_1263663015799681_6865826780162137036_n.jpg 1536w\" sizes=\"auto, (max-width: 768px) 100vw, 768px\" \/><\/figure>\n\n\n\n<figure class=\"wp-block-image size-large\"><img loading=\"lazy\" decoding=\"async\" width=\"768\" height=\"1024\" data-id=\"7559\" src=\"https:\/\/biblioteka-milicz.pl\/wp-content\/uploads\/2025\/12\/594952372_1263663175799665_2971334709241906799_n-768x1024.jpg\" alt=\"\" class=\"wp-image-7559\" srcset=\"https:\/\/biblioteka-milicz.pl\/wp-content\/uploads\/2025\/12\/594952372_1263663175799665_2971334709241906799_n-768x1024.jpg 768w, https:\/\/biblioteka-milicz.pl\/wp-content\/uploads\/2025\/12\/594952372_1263663175799665_2971334709241906799_n-225x300.jpg 225w, https:\/\/biblioteka-milicz.pl\/wp-content\/uploads\/2025\/12\/594952372_1263663175799665_2971334709241906799_n-1152x1536.jpg 1152w, https:\/\/biblioteka-milicz.pl\/wp-content\/uploads\/2025\/12\/594952372_1263663175799665_2971334709241906799_n.jpg 1536w\" sizes=\"auto, (max-width: 768px) 100vw, 768px\" \/><\/figure>\n\n\n\n<figure class=\"wp-block-image size-large\"><img loading=\"lazy\" decoding=\"async\" width=\"1024\" height=\"768\" data-id=\"7555\" src=\"https:\/\/biblioteka-milicz.pl\/wp-content\/uploads\/2025\/12\/594898907_1263663162466333_6038742267306822833_n-1024x768.jpg\" alt=\"\" class=\"wp-image-7555\" srcset=\"https:\/\/biblioteka-milicz.pl\/wp-content\/uploads\/2025\/12\/594898907_1263663162466333_6038742267306822833_n-1024x768.jpg 1024w, https:\/\/biblioteka-milicz.pl\/wp-content\/uploads\/2025\/12\/594898907_1263663162466333_6038742267306822833_n-300x225.jpg 300w, https:\/\/biblioteka-milicz.pl\/wp-content\/uploads\/2025\/12\/594898907_1263663162466333_6038742267306822833_n-768x576.jpg 768w, https:\/\/biblioteka-milicz.pl\/wp-content\/uploads\/2025\/12\/594898907_1263663162466333_6038742267306822833_n-1536x1152.jpg 1536w, https:\/\/biblioteka-milicz.pl\/wp-content\/uploads\/2025\/12\/594898907_1263663162466333_6038742267306822833_n.jpg 2048w\" sizes=\"auto, (max-width: 1024px) 100vw, 1024px\" \/><\/figure>\n\n\n\n<figure class=\"wp-block-image size-large\"><img loading=\"lazy\" decoding=\"async\" width=\"1024\" height=\"768\" data-id=\"7556\" src=\"https:\/\/biblioteka-milicz.pl\/wp-content\/uploads\/2025\/12\/595030773_1263663115799671_7693417538567547843_n-1024x768.jpg\" alt=\"\" class=\"wp-image-7556\" srcset=\"https:\/\/biblioteka-milicz.pl\/wp-content\/uploads\/2025\/12\/595030773_1263663115799671_7693417538567547843_n-1024x768.jpg 1024w, https:\/\/biblioteka-milicz.pl\/wp-content\/uploads\/2025\/12\/595030773_1263663115799671_7693417538567547843_n-300x225.jpg 300w, https:\/\/biblioteka-milicz.pl\/wp-content\/uploads\/2025\/12\/595030773_1263663115799671_7693417538567547843_n-768x576.jpg 768w, https:\/\/biblioteka-milicz.pl\/wp-content\/uploads\/2025\/12\/595030773_1263663115799671_7693417538567547843_n-1536x1152.jpg 1536w, https:\/\/biblioteka-milicz.pl\/wp-content\/uploads\/2025\/12\/595030773_1263663115799671_7693417538567547843_n.jpg 2048w\" sizes=\"auto, (max-width: 1024px) 100vw, 1024px\" \/><\/figure>\n<\/figure>\n","protected":false},"excerpt":{"rendered":"<p>W \u015brod\u0119, w czatkowickiej filii zrobi\u0142o si\u0119 wyj\u0105tkowo tw\u00f3rczo i\u2026 g\u0142o\u015bno od stukania! Wszystko za spraw\u0105 zaj\u0119\u0107 zorganizowanych z okazji \u015awiatowego Dnia Majsterkowania, kt\u00f3ry obchodzony jest 3 grudnia. To \u015bwi\u0119to przypomina nam o wspania\u0142ym&#46;&#46;&#46;<\/p>\n","protected":false},"author":2,"featured_media":7560,"comment_status":"closed","ping_status":"closed","sticky":false,"template":"","format":"standard","meta":{"_uag_custom_page_level_css":"","footnotes":""},"categories":[3],"tags":[],"class_list":["post-7554","post","type-post","status-publish","format-standard","has-post-thumbnail","hentry","category-aktualnosci"],"uagb_featured_image_src":{"full":["https:\/\/biblioteka-milicz.pl\/wp-content\/uploads\/2025\/12\/dzien-majsterkowanai.jpg",2048,1536,false],"thumbnail":["https:\/\/biblioteka-milicz.pl\/wp-content\/uploads\/2025\/12\/dzien-majsterkowanai-150x150.jpg",150,150,true],"medium":["https:\/\/biblioteka-milicz.pl\/wp-content\/uploads\/2025\/12\/dzien-majsterkowanai-300x225.jpg",300,225,true],"medium_large":["https:\/\/biblioteka-milicz.pl\/wp-content\/uploads\/2025\/12\/dzien-majsterkowanai-768x576.jpg",768,576,true],"large":["https:\/\/biblioteka-milicz.pl\/wp-content\/uploads\/2025\/12\/dzien-majsterkowanai-1024x768.jpg",1024,768,true],"1536x1536":["https:\/\/biblioteka-milicz.pl\/wp-content\/uploads\/2025\/12\/dzien-majsterkowanai-1536x1152.jpg",1536,1152,true],"2048x2048":["https:\/\/biblioteka-milicz.pl\/wp-content\/uploads\/2025\/12\/dzien-majsterkowanai.jpg",2048,1536,false],"thumb-small":["https:\/\/biblioteka-milicz.pl\/wp-content\/uploads\/2025\/12\/dzien-majsterkowanai-80x80.jpg",80,80,true],"thumb-standard":["https:\/\/biblioteka-milicz.pl\/wp-content\/uploads\/2025\/12\/dzien-majsterkowanai-320x320.jpg",320,320,true],"thumb-medium":["https:\/\/biblioteka-milicz.pl\/wp-content\/uploads\/2025\/12\/dzien-majsterkowanai-520x245.jpg",520,245,true],"thumb-large":["https:\/\/biblioteka-milicz.pl\/wp-content\/uploads\/2025\/12\/dzien-majsterkowanai-720x340.jpg",720,340,true],"thumb-xlarge":["https:\/\/biblioteka-milicz.pl\/wp-content\/uploads\/2025\/12\/dzien-majsterkowanai-980x450.jpg",980,450,true],"thumb-xxlarge":["https:\/\/biblioteka-milicz.pl\/wp-content\/uploads\/2025\/12\/dzien-majsterkowanai-1320x500.jpg",1320,500,true]},"uagb_author_info":{"display_name":"Marlena Grodzi\u0144ska","author_link":"https:\/\/biblioteka-milicz.pl\/index.php\/author\/marlena\/"},"uagb_comment_info":0,"uagb_excerpt":"W \u015brod\u0119, w czatkowickiej filii zrobi\u0142o si\u0119 wyj\u0105tkowo tw\u00f3rczo i\u2026 g\u0142o\u015bno od stukania! Wszystko za spraw\u0105 zaj\u0119\u0107 zorganizowanych z okazji \u015awiatowego Dnia Majsterkowania, kt\u00f3ry obchodzony jest 3 grudnia. To \u015bwi\u0119to przypomina nam o wspania\u0142ym&#46;&#46;&#46;","_links":{"self":[{"href":"https:\/\/biblioteka-milicz.pl\/index.php\/wp-json\/wp\/v2\/posts\/7554","targetHints":{"allow":["GET"]}}],"collection":[{"href":"https:\/\/biblioteka-milicz.pl\/index.php\/wp-json\/wp\/v2\/posts"}],"about":[{"href":"https:\/\/biblioteka-milicz.pl\/index.php\/wp-json\/wp\/v2\/types\/post"}],"author":[{"embeddable":true,"href":"https:\/\/biblioteka-milicz.pl\/index.php\/wp-json\/wp\/v2\/users\/2"}],"replies":[{"embeddable":true,"href":"https:\/\/biblioteka-milicz.pl\/index.php\/wp-json\/wp\/v2\/comments?post=7554"}],"version-history":[{"count":1,"href":"https:\/\/biblioteka-milicz.pl\/index.php\/wp-json\/wp\/v2\/posts\/7554\/revisions"}],"predecessor-version":[{"id":7561,"href":"https:\/\/biblioteka-milicz.pl\/index.php\/wp-json\/wp\/v2\/posts\/7554\/revisions\/7561"}],"wp:featuredmedia":[{"embeddable":true,"href":"https:\/\/biblioteka-milicz.pl\/index.php\/wp-json\/wp\/v2\/media\/7560"}],"wp:attachment":[{"href":"https:\/\/biblioteka-milicz.pl\/index.php\/wp-json\/wp\/v2\/media?parent=7554"}],"wp:term":[{"taxonomy":"category","embeddable":true,"href":"https:\/\/biblioteka-milicz.pl\/index.php\/wp-json\/wp\/v2\/categories?post=7554"},{"taxonomy":"post_tag","embeddable":true,"href":"https:\/\/biblioteka-milicz.pl\/index.php\/wp-json\/wp\/v2\/tags?post=7554"}],"curies":[{"name":"wp","href":"https:\/\/api.w.org\/{rel}","templated":true}]}}