{"id":7545,"date":"2025-12-04T09:58:35","date_gmt":"2025-12-04T08:58:35","guid":{"rendered":"https:\/\/biblioteka-milicz.pl\/?p=7545"},"modified":"2025-12-12T10:05:58","modified_gmt":"2025-12-12T09:05:58","slug":"swiateczne-spotkanie-pierwszoklasistow-w-sulowie","status":"publish","type":"post","link":"https:\/\/biblioteka-milicz.pl\/index.php\/2025\/12\/04\/swiateczne-spotkanie-pierwszoklasistow-w-sulowie\/","title":{"rendered":"\u015awi\u0105teczne spotkanie pierwszoklasist\u00f3w w Su\u0142owie"},"content":{"rendered":"\n<p>Rozpocz\u0105\u0142 si\u0119 czas radosnego oczekiwania na \u015awi\u0119ta Bo\u017cego Narodzenia, a przygotowania i \u015bwi\u0105teczna atmosfera udzielaj\u0105 si\u0119 nam wszystkim. W takim nastroju up\u0142yn\u0119\u0142a r\u00f3wnie\u017c wizyta pierwszoklasist\u00f3w, kt\u00f3rzy 3 grudnia odwiedzili su\u0142owsk\u0105 fili\u0119 biblioteczn\u0105.<\/p>\n\n\n\n<p>Podczas spotkania wsp\u00f3lnie przeczytali\u015bmy pi\u0119kn\u0105 \u201eOpowie\u015b\u0107 o czwartym m\u0119drcu\u201d autorstwa Mary Joplin \u2013 histori\u0119 pe\u0142n\u0105 refleksji, dobroci i \u015bwi\u0105tecznego ciep\u0142a. Dzieci wykona\u0142y tak\u017ce w\u0142asnor\u0119czne wianuszki-zawieszki, kt\u00f3re z pewno\u015bci\u0105 stan\u0105 si\u0119 urocz\u0105 ozdob\u0105 ich dom\u00f3w. Nie zabrak\u0142o r\u00f3wnie\u017c tradycyjnego momentu wyboru ksi\u0105\u017cki \u2013 ka\u017cdy m\u0142ody czytelnik m\u00f3g\u0142 wybra\u0107 dla siebie lektur\u0119 na grudzie\u0144.<\/p>\n\n\n\n<p>Wielk\u0105 niespodziank\u0105 okaza\u0142 si\u0119 wyst\u0119p wokalny ca\u0142ej grupy. Uczniowie z ogromnym zaanga\u017cowaniem za\u015bpiewali \u015bwi\u0105teczn\u0105 piosenk\u0119 o Miko\u0142aju, wprowadzaj\u0105c wszystkich w wyj\u0105tkowy nastr\u00f3j. Na zako\u0144czenie dzieci przekaza\u0142y bibliotece figurk\u0119 \u015awi\u0119tego Miko\u0142aja, kt\u00f3ra od razu znalaz\u0142a honorowe miejsce na naszej choince.<\/p>\n\n\n\n<p>By\u0142o to spotkanie pe\u0142ne ciep\u0142a, rado\u015bci i przed\u015bwi\u0105tecznej magii \u2013 dok\u0142adnie takie, jakie lubimy najbardziej.<\/p>\n\n\n\n<figure class=\"wp-block-gallery has-nested-images columns-default is-cropped wp-block-gallery-1 is-layout-flex wp-block-gallery-is-layout-flex\">\n<figure class=\"wp-block-image size-large\"><img loading=\"lazy\" decoding=\"async\" width=\"768\" height=\"1024\" data-id=\"7546\" src=\"https:\/\/biblioteka-milicz.pl\/wp-content\/uploads\/2025\/12\/591327672_1262877069211609_5371493489599074615_n-768x1024.jpg\" alt=\"\" class=\"wp-image-7546\" srcset=\"https:\/\/biblioteka-milicz.pl\/wp-content\/uploads\/2025\/12\/591327672_1262877069211609_5371493489599074615_n-768x1024.jpg 768w, https:\/\/biblioteka-milicz.pl\/wp-content\/uploads\/2025\/12\/591327672_1262877069211609_5371493489599074615_n-225x300.jpg 225w, https:\/\/biblioteka-milicz.pl\/wp-content\/uploads\/2025\/12\/591327672_1262877069211609_5371493489599074615_n-1152x1536.jpg 1152w, https:\/\/biblioteka-milicz.pl\/wp-content\/uploads\/2025\/12\/591327672_1262877069211609_5371493489599074615_n.jpg 1536w\" sizes=\"auto, (max-width: 768px) 100vw, 768px\" \/><\/figure>\n\n\n\n<figure class=\"wp-block-image size-large\"><img loading=\"lazy\" decoding=\"async\" width=\"768\" height=\"1024\" data-id=\"7550\" src=\"https:\/\/biblioteka-milicz.pl\/wp-content\/uploads\/2025\/12\/592105033_1262877055878277_2328532957974846815_n-768x1024.jpg\" alt=\"\" class=\"wp-image-7550\" srcset=\"https:\/\/biblioteka-milicz.pl\/wp-content\/uploads\/2025\/12\/592105033_1262877055878277_2328532957974846815_n-768x1024.jpg 768w, https:\/\/biblioteka-milicz.pl\/wp-content\/uploads\/2025\/12\/592105033_1262877055878277_2328532957974846815_n-225x300.jpg 225w, https:\/\/biblioteka-milicz.pl\/wp-content\/uploads\/2025\/12\/592105033_1262877055878277_2328532957974846815_n-1152x1536.jpg 1152w, https:\/\/biblioteka-milicz.pl\/wp-content\/uploads\/2025\/12\/592105033_1262877055878277_2328532957974846815_n.jpg 1536w\" sizes=\"auto, (max-width: 768px) 100vw, 768px\" \/><\/figure>\n\n\n\n<figure class=\"wp-block-image size-large\"><img loading=\"lazy\" decoding=\"async\" width=\"768\" height=\"1024\" data-id=\"7547\" src=\"https:\/\/biblioteka-milicz.pl\/wp-content\/uploads\/2025\/12\/592102325_1262877005878282_598997394299478471_n-768x1024.jpg\" alt=\"\" class=\"wp-image-7547\" srcset=\"https:\/\/biblioteka-milicz.pl\/wp-content\/uploads\/2025\/12\/592102325_1262877005878282_598997394299478471_n-768x1024.jpg 768w, https:\/\/biblioteka-milicz.pl\/wp-content\/uploads\/2025\/12\/592102325_1262877005878282_598997394299478471_n-225x300.jpg 225w, https:\/\/biblioteka-milicz.pl\/wp-content\/uploads\/2025\/12\/592102325_1262877005878282_598997394299478471_n-1152x1536.jpg 1152w, https:\/\/biblioteka-milicz.pl\/wp-content\/uploads\/2025\/12\/592102325_1262877005878282_598997394299478471_n.jpg 1536w\" sizes=\"auto, (max-width: 768px) 100vw, 768px\" \/><\/figure>\n\n\n\n<figure class=\"wp-block-image size-large\"><img loading=\"lazy\" decoding=\"async\" width=\"1024\" height=\"768\" data-id=\"7549\" src=\"https:\/\/biblioteka-milicz.pl\/wp-content\/uploads\/2025\/12\/591867454_1262876692544980_8442707487348826761_n-1024x768.jpg\" alt=\"\" class=\"wp-image-7549\" srcset=\"https:\/\/biblioteka-milicz.pl\/wp-content\/uploads\/2025\/12\/591867454_1262876692544980_8442707487348826761_n-1024x768.jpg 1024w, https:\/\/biblioteka-milicz.pl\/wp-content\/uploads\/2025\/12\/591867454_1262876692544980_8442707487348826761_n-300x225.jpg 300w, https:\/\/biblioteka-milicz.pl\/wp-content\/uploads\/2025\/12\/591867454_1262876692544980_8442707487348826761_n-768x576.jpg 768w, https:\/\/biblioteka-milicz.pl\/wp-content\/uploads\/2025\/12\/591867454_1262876692544980_8442707487348826761_n-1536x1152.jpg 1536w, https:\/\/biblioteka-milicz.pl\/wp-content\/uploads\/2025\/12\/591867454_1262876692544980_8442707487348826761_n.jpg 2048w\" sizes=\"auto, (max-width: 1024px) 100vw, 1024px\" \/><\/figure>\n<\/figure>\n\n\n\n<p><\/p>\n","protected":false},"excerpt":{"rendered":"<p>Rozpocz\u0105\u0142 si\u0119 czas radosnego oczekiwania na \u015awi\u0119ta Bo\u017cego Narodzenia, a przygotowania i \u015bwi\u0105teczna atmosfera udzielaj\u0105 si\u0119 nam wszystkim. W takim nastroju up\u0142yn\u0119\u0142a r\u00f3wnie\u017c wizyta pierwszoklasist\u00f3w, kt\u00f3rzy 3 grudnia odwiedzili su\u0142owsk\u0105 fili\u0119 biblioteczn\u0105. Podczas spotkania&#46;&#46;&#46;<\/p>\n","protected":false},"author":2,"featured_media":7552,"comment_status":"closed","ping_status":"closed","sticky":false,"template":"","format":"standard","meta":{"_uag_custom_page_level_css":"","footnotes":""},"categories":[3],"tags":[],"class_list":["post-7545","post","type-post","status-publish","format-standard","has-post-thumbnail","hentry","category-aktualnosci"],"uagb_featured_image_src":{"full":["https:\/\/biblioteka-milicz.pl\/wp-content\/uploads\/2025\/12\/BN-Sulow.jpg",2048,1536,false],"thumbnail":["https:\/\/biblioteka-milicz.pl\/wp-content\/uploads\/2025\/12\/BN-Sulow-150x150.jpg",150,150,true],"medium":["https:\/\/biblioteka-milicz.pl\/wp-content\/uploads\/2025\/12\/BN-Sulow-300x225.jpg",300,225,true],"medium_large":["https:\/\/biblioteka-milicz.pl\/wp-content\/uploads\/2025\/12\/BN-Sulow-768x576.jpg",768,576,true],"large":["https:\/\/biblioteka-milicz.pl\/wp-content\/uploads\/2025\/12\/BN-Sulow-1024x768.jpg",1024,768,true],"1536x1536":["https:\/\/biblioteka-milicz.pl\/wp-content\/uploads\/2025\/12\/BN-Sulow-1536x1152.jpg",1536,1152,true],"2048x2048":["https:\/\/biblioteka-milicz.pl\/wp-content\/uploads\/2025\/12\/BN-Sulow.jpg",2048,1536,false],"thumb-small":["https:\/\/biblioteka-milicz.pl\/wp-content\/uploads\/2025\/12\/BN-Sulow-80x80.jpg",80,80,true],"thumb-standard":["https:\/\/biblioteka-milicz.pl\/wp-content\/uploads\/2025\/12\/BN-Sulow-320x320.jpg",320,320,true],"thumb-medium":["https:\/\/biblioteka-milicz.pl\/wp-content\/uploads\/2025\/12\/BN-Sulow-520x245.jpg",520,245,true],"thumb-large":["https:\/\/biblioteka-milicz.pl\/wp-content\/uploads\/2025\/12\/BN-Sulow-720x340.jpg",720,340,true],"thumb-xlarge":["https:\/\/biblioteka-milicz.pl\/wp-content\/uploads\/2025\/12\/BN-Sulow-980x450.jpg",980,450,true],"thumb-xxlarge":["https:\/\/biblioteka-milicz.pl\/wp-content\/uploads\/2025\/12\/BN-Sulow-1320x500.jpg",1320,500,true]},"uagb_author_info":{"display_name":"Marlena Grodzi\u0144ska","author_link":"https:\/\/biblioteka-milicz.pl\/index.php\/author\/marlena\/"},"uagb_comment_info":0,"uagb_excerpt":"Rozpocz\u0105\u0142 si\u0119 czas radosnego oczekiwania na \u015awi\u0119ta Bo\u017cego Narodzenia, a przygotowania i \u015bwi\u0105teczna atmosfera udzielaj\u0105 si\u0119 nam wszystkim. W takim nastroju up\u0142yn\u0119\u0142a r\u00f3wnie\u017c wizyta pierwszoklasist\u00f3w, kt\u00f3rzy 3 grudnia odwiedzili su\u0142owsk\u0105 fili\u0119 biblioteczn\u0105. Podczas spotkania&#46;&#46;&#46;","_links":{"self":[{"href":"https:\/\/biblioteka-milicz.pl\/index.php\/wp-json\/wp\/v2\/posts\/7545","targetHints":{"allow":["GET"]}}],"collection":[{"href":"https:\/\/biblioteka-milicz.pl\/index.php\/wp-json\/wp\/v2\/posts"}],"about":[{"href":"https:\/\/biblioteka-milicz.pl\/index.php\/wp-json\/wp\/v2\/types\/post"}],"author":[{"embeddable":true,"href":"https:\/\/biblioteka-milicz.pl\/index.php\/wp-json\/wp\/v2\/users\/2"}],"replies":[{"embeddable":true,"href":"https:\/\/biblioteka-milicz.pl\/index.php\/wp-json\/wp\/v2\/comments?post=7545"}],"version-history":[{"count":1,"href":"https:\/\/biblioteka-milicz.pl\/index.php\/wp-json\/wp\/v2\/posts\/7545\/revisions"}],"predecessor-version":[{"id":7553,"href":"https:\/\/biblioteka-milicz.pl\/index.php\/wp-json\/wp\/v2\/posts\/7545\/revisions\/7553"}],"wp:featuredmedia":[{"embeddable":true,"href":"https:\/\/biblioteka-milicz.pl\/index.php\/wp-json\/wp\/v2\/media\/7552"}],"wp:attachment":[{"href":"https:\/\/biblioteka-milicz.pl\/index.php\/wp-json\/wp\/v2\/media?parent=7545"}],"wp:term":[{"taxonomy":"category","embeddable":true,"href":"https:\/\/biblioteka-milicz.pl\/index.php\/wp-json\/wp\/v2\/categories?post=7545"},{"taxonomy":"post_tag","embeddable":true,"href":"https:\/\/biblioteka-milicz.pl\/index.php\/wp-json\/wp\/v2\/tags?post=7545"}],"curies":[{"name":"wp","href":"https:\/\/api.w.org\/{rel}","templated":true}]}}