{"id":7542,"date":"2025-12-03T09:42:11","date_gmt":"2025-12-03T08:42:11","guid":{"rendered":"https:\/\/biblioteka-milicz.pl\/?p=7542"},"modified":"2025-12-12T09:55:28","modified_gmt":"2025-12-12T08:55:28","slug":"zimowe-zajecia-w-potaszni-2","status":"publish","type":"post","link":"https:\/\/biblioteka-milicz.pl\/index.php\/2025\/12\/03\/zimowe-zajecia-w-potaszni-2\/","title":{"rendered":"Zimowe zaj\u0119cia w Potaszni"},"content":{"rendered":"\n<p>Zima w filii bibliotecznej w Potaszni zapowiada si\u0119 naprawd\u0119 wyj\u0105tkowo. W grudniu i styczniu przygotowali\u015bmy dla dzieci cykl tw\u00f3rczych spotka\u0144. Zach\u0119camy do udzia\u0142u w zaj\u0119ciach i sp\u0119dzenia czasu w naszej bibliotece, w otoczeniu ksi\u0105\u017cek, inspiracji i \u015bwi\u0105tecznej magii.<\/p>\n\n\n\n<figure class=\"wp-block-image size-large\"><img loading=\"lazy\" decoding=\"async\" width=\"724\" height=\"1024\" src=\"https:\/\/biblioteka-milicz.pl\/wp-content\/uploads\/2025\/12\/593484959_1262799492552700_7747408405960228932_n-724x1024.jpg\" alt=\"\" class=\"wp-image-7543\" srcset=\"https:\/\/biblioteka-milicz.pl\/wp-content\/uploads\/2025\/12\/593484959_1262799492552700_7747408405960228932_n-724x1024.jpg 724w, https:\/\/biblioteka-milicz.pl\/wp-content\/uploads\/2025\/12\/593484959_1262799492552700_7747408405960228932_n-212x300.jpg 212w, https:\/\/biblioteka-milicz.pl\/wp-content\/uploads\/2025\/12\/593484959_1262799492552700_7747408405960228932_n-768x1086.jpg 768w, https:\/\/biblioteka-milicz.pl\/wp-content\/uploads\/2025\/12\/593484959_1262799492552700_7747408405960228932_n.jpg 1086w\" sizes=\"auto, (max-width: 724px) 100vw, 724px\" \/><\/figure>\n","protected":false},"excerpt":{"rendered":"<p>Zima w filii bibliotecznej w Potaszni zapowiada si\u0119 naprawd\u0119 wyj\u0105tkowo. W grudniu i styczniu przygotowali\u015bmy dla dzieci cykl tw\u00f3rczych spotka\u0144. Zach\u0119camy do udzia\u0142u w zaj\u0119ciach i sp\u0119dzenia czasu w naszej bibliotece, w otoczeniu ksi\u0105\u017cek,&#46;&#46;&#46;<\/p>\n","protected":false},"author":2,"featured_media":7543,"comment_status":"closed","ping_status":"closed","sticky":false,"template":"","format":"standard","meta":{"_uag_custom_page_level_css":"","footnotes":""},"categories":[3],"tags":[],"class_list":["post-7542","post","type-post","status-publish","format-standard","has-post-thumbnail","hentry","category-aktualnosci"],"uagb_featured_image_src":{"full":["https:\/\/biblioteka-milicz.pl\/wp-content\/uploads\/2025\/12\/593484959_1262799492552700_7747408405960228932_n.jpg",1086,1536,false],"thumbnail":["https:\/\/biblioteka-milicz.pl\/wp-content\/uploads\/2025\/12\/593484959_1262799492552700_7747408405960228932_n-150x150.jpg",150,150,true],"medium":["https:\/\/biblioteka-milicz.pl\/wp-content\/uploads\/2025\/12\/593484959_1262799492552700_7747408405960228932_n-212x300.jpg",212,300,true],"medium_large":["https:\/\/biblioteka-milicz.pl\/wp-content\/uploads\/2025\/12\/593484959_1262799492552700_7747408405960228932_n-768x1086.jpg",768,1086,true],"large":["https:\/\/biblioteka-milicz.pl\/wp-content\/uploads\/2025\/12\/593484959_1262799492552700_7747408405960228932_n-724x1024.jpg",724,1024,true],"1536x1536":["https:\/\/biblioteka-milicz.pl\/wp-content\/uploads\/2025\/12\/593484959_1262799492552700_7747408405960228932_n.jpg",1086,1536,false],"2048x2048":["https:\/\/biblioteka-milicz.pl\/wp-content\/uploads\/2025\/12\/593484959_1262799492552700_7747408405960228932_n.jpg",1086,1536,false],"thumb-small":["https:\/\/biblioteka-milicz.pl\/wp-content\/uploads\/2025\/12\/593484959_1262799492552700_7747408405960228932_n-80x80.jpg",80,80,true],"thumb-standard":["https:\/\/biblioteka-milicz.pl\/wp-content\/uploads\/2025\/12\/593484959_1262799492552700_7747408405960228932_n-320x320.jpg",320,320,true],"thumb-medium":["https:\/\/biblioteka-milicz.pl\/wp-content\/uploads\/2025\/12\/593484959_1262799492552700_7747408405960228932_n-520x245.jpg",520,245,true],"thumb-large":["https:\/\/biblioteka-milicz.pl\/wp-content\/uploads\/2025\/12\/593484959_1262799492552700_7747408405960228932_n-720x340.jpg",720,340,true],"thumb-xlarge":["https:\/\/biblioteka-milicz.pl\/wp-content\/uploads\/2025\/12\/593484959_1262799492552700_7747408405960228932_n-980x450.jpg",980,450,true],"thumb-xxlarge":["https:\/\/biblioteka-milicz.pl\/wp-content\/uploads\/2025\/12\/593484959_1262799492552700_7747408405960228932_n-1086x500.jpg",1086,500,true]},"uagb_author_info":{"display_name":"Marlena Grodzi\u0144ska","author_link":"https:\/\/biblioteka-milicz.pl\/index.php\/author\/marlena\/"},"uagb_comment_info":0,"uagb_excerpt":"Zima w filii bibliotecznej w Potaszni zapowiada si\u0119 naprawd\u0119 wyj\u0105tkowo. W grudniu i styczniu przygotowali\u015bmy dla dzieci cykl tw\u00f3rczych spotka\u0144. Zach\u0119camy do udzia\u0142u w zaj\u0119ciach i sp\u0119dzenia czasu w naszej bibliotece, w otoczeniu ksi\u0105\u017cek,&#46;&#46;&#46;","_links":{"self":[{"href":"https:\/\/biblioteka-milicz.pl\/index.php\/wp-json\/wp\/v2\/posts\/7542","targetHints":{"allow":["GET"]}}],"collection":[{"href":"https:\/\/biblioteka-milicz.pl\/index.php\/wp-json\/wp\/v2\/posts"}],"about":[{"href":"https:\/\/biblioteka-milicz.pl\/index.php\/wp-json\/wp\/v2\/types\/post"}],"author":[{"embeddable":true,"href":"https:\/\/biblioteka-milicz.pl\/index.php\/wp-json\/wp\/v2\/users\/2"}],"replies":[{"embeddable":true,"href":"https:\/\/biblioteka-milicz.pl\/index.php\/wp-json\/wp\/v2\/comments?post=7542"}],"version-history":[{"count":1,"href":"https:\/\/biblioteka-milicz.pl\/index.php\/wp-json\/wp\/v2\/posts\/7542\/revisions"}],"predecessor-version":[{"id":7544,"href":"https:\/\/biblioteka-milicz.pl\/index.php\/wp-json\/wp\/v2\/posts\/7542\/revisions\/7544"}],"wp:featuredmedia":[{"embeddable":true,"href":"https:\/\/biblioteka-milicz.pl\/index.php\/wp-json\/wp\/v2\/media\/7543"}],"wp:attachment":[{"href":"https:\/\/biblioteka-milicz.pl\/index.php\/wp-json\/wp\/v2\/media?parent=7542"}],"wp:term":[{"taxonomy":"category","embeddable":true,"href":"https:\/\/biblioteka-milicz.pl\/index.php\/wp-json\/wp\/v2\/categories?post=7542"},{"taxonomy":"post_tag","embeddable":true,"href":"https:\/\/biblioteka-milicz.pl\/index.php\/wp-json\/wp\/v2\/tags?post=7542"}],"curies":[{"name":"wp","href":"https:\/\/api.w.org\/{rel}","templated":true}]}}