{"id":7414,"date":"2025-11-19T10:45:32","date_gmt":"2025-11-19T09:45:32","guid":{"rendered":"https:\/\/biblioteka-milicz.pl\/?p=7414"},"modified":"2025-12-01T10:46:49","modified_gmt":"2025-12-01T09:46:49","slug":"dzien-myszki-miki-w-filii-bibliotecznej-w-potaszni","status":"publish","type":"post","link":"https:\/\/biblioteka-milicz.pl\/index.php\/2025\/11\/19\/dzien-myszki-miki-w-filii-bibliotecznej-w-potaszni\/","title":{"rendered":"Dzie\u0144 Myszki Miki w filii bibliotecznej w Potaszni"},"content":{"rendered":"\n<p>Wczoraj w filii bibliotecznej w Potaszni \u015bwi\u0119towali\u015bmy Dzie\u0144 Myszki Miki. Data ta nie jest przypadkowa \u2013 18 listopada 1928 roku odby\u0142a si\u0119 premiera pierwszego d\u017awi\u0119kowego filmu animowanego z udzia\u0142em Myszki Miki, stworzonej przez Walta Disneya oraz Uba Iwerksa. To wyj\u0105tkowa okazja, by przybli\u017cy\u0107 dzieciom histori\u0119 jednej z najbardziej rozpoznawalnych postaci \u015bwiata animacji.<\/p>\n\n\n\n<p>W cz\u0119\u015bci literackiej spotkania dzieci wys\u0142ucha\u0142y \u201eBajki o myszce \u2013 bibliotekarce\u201d, kt\u00f3ra wprowadzi\u0142a je w \u015bwiat sympatycznych bohater\u00f3w i bibliotecznych przyg\u00f3d. Nast\u0119pnie uczestnicy zaj\u0119\u0107 wykonali opaski z mysimi uszami. Po chwili wycinania i klejenia w bibliotece zamiast dzieci pojawi\u0142y si\u0119 Myszki Miki i Myszki Minnie.<\/p>\n\n\n\n<p>Kolejnym punktem zaj\u0119\u0107 by\u0142o kolorowanie przyjaci\u00f3\u0142 Myszki Miki \u2013 Kaczora Donalda, Daisy, Goofiego oraz psa Pluto. Spotkanie zako\u0144czy\u0142o si\u0119 wsp\u00f3ln\u0105 fotografi\u0105 wszystkich uczestnik\u00f3w, kt\u00f3rzy z dum\u0105 prezentowali swoje prace oraz w\u0142asnor\u0119cznie wykonane opaski.<\/p>\n\n\n\n<p>To by\u0142 dzie\u0144 pe\u0142en rado\u015bci, kreatywno\u015bci i dobrej zabawy. Zapraszamy na kolejne spotkania w naszej bibliotece!<\/p>\n\n\n\n<figure class=\"wp-block-gallery has-nested-images columns-default is-cropped wp-block-gallery-1 is-layout-flex wp-block-gallery-is-layout-flex\">\n<figure class=\"wp-block-image size-large\"><img loading=\"lazy\" decoding=\"async\" width=\"1024\" height=\"939\" data-id=\"7415\" src=\"https:\/\/biblioteka-milicz.pl\/wp-content\/uploads\/2025\/12\/584336871_1252031100296206_7750490697687491352_n-1024x939.jpg\" alt=\"\" class=\"wp-image-7415\" srcset=\"https:\/\/biblioteka-milicz.pl\/wp-content\/uploads\/2025\/12\/584336871_1252031100296206_7750490697687491352_n-1024x939.jpg 1024w, https:\/\/biblioteka-milicz.pl\/wp-content\/uploads\/2025\/12\/584336871_1252031100296206_7750490697687491352_n-300x275.jpg 300w, https:\/\/biblioteka-milicz.pl\/wp-content\/uploads\/2025\/12\/584336871_1252031100296206_7750490697687491352_n-768x704.jpg 768w, https:\/\/biblioteka-milicz.pl\/wp-content\/uploads\/2025\/12\/584336871_1252031100296206_7750490697687491352_n-1536x1409.jpg 1536w, https:\/\/biblioteka-milicz.pl\/wp-content\/uploads\/2025\/12\/584336871_1252031100296206_7750490697687491352_n.jpg 2048w\" sizes=\"auto, (max-width: 1024px) 100vw, 1024px\" \/><\/figure>\n<\/figure>\n","protected":false},"excerpt":{"rendered":"<p>Wczoraj w filii bibliotecznej w Potaszni \u015bwi\u0119towali\u015bmy Dzie\u0144 Myszki Miki. Data ta nie jest przypadkowa \u2013 18 listopada 1928 roku odby\u0142a si\u0119 premiera pierwszego d\u017awi\u0119kowego filmu animowanego z udzia\u0142em Myszki Miki, stworzonej przez Walta&#46;&#46;&#46;<\/p>\n","protected":false},"author":2,"featured_media":7417,"comment_status":"closed","ping_status":"closed","sticky":false,"template":"","format":"standard","meta":{"_uag_custom_page_level_css":"","footnotes":""},"categories":[3],"tags":[],"class_list":["post-7414","post","type-post","status-publish","format-standard","has-post-thumbnail","hentry","category-aktualnosci"],"uagb_featured_image_src":{"full":["https:\/\/biblioteka-milicz.pl\/wp-content\/uploads\/2025\/12\/dzien-myszki-1.jpg",2048,1536,false],"thumbnail":["https:\/\/biblioteka-milicz.pl\/wp-content\/uploads\/2025\/12\/dzien-myszki-1-150x150.jpg",150,150,true],"medium":["https:\/\/biblioteka-milicz.pl\/wp-content\/uploads\/2025\/12\/dzien-myszki-1-300x225.jpg",300,225,true],"medium_large":["https:\/\/biblioteka-milicz.pl\/wp-content\/uploads\/2025\/12\/dzien-myszki-1-768x576.jpg",768,576,true],"large":["https:\/\/biblioteka-milicz.pl\/wp-content\/uploads\/2025\/12\/dzien-myszki-1-1024x768.jpg",1024,768,true],"1536x1536":["https:\/\/biblioteka-milicz.pl\/wp-content\/uploads\/2025\/12\/dzien-myszki-1-1536x1152.jpg",1536,1152,true],"2048x2048":["https:\/\/biblioteka-milicz.pl\/wp-content\/uploads\/2025\/12\/dzien-myszki-1.jpg",2048,1536,false],"thumb-small":["https:\/\/biblioteka-milicz.pl\/wp-content\/uploads\/2025\/12\/dzien-myszki-1-80x80.jpg",80,80,true],"thumb-standard":["https:\/\/biblioteka-milicz.pl\/wp-content\/uploads\/2025\/12\/dzien-myszki-1-320x320.jpg",320,320,true],"thumb-medium":["https:\/\/biblioteka-milicz.pl\/wp-content\/uploads\/2025\/12\/dzien-myszki-1-520x245.jpg",520,245,true],"thumb-large":["https:\/\/biblioteka-milicz.pl\/wp-content\/uploads\/2025\/12\/dzien-myszki-1-720x340.jpg",720,340,true],"thumb-xlarge":["https:\/\/biblioteka-milicz.pl\/wp-content\/uploads\/2025\/12\/dzien-myszki-1-980x450.jpg",980,450,true],"thumb-xxlarge":["https:\/\/biblioteka-milicz.pl\/wp-content\/uploads\/2025\/12\/dzien-myszki-1-1320x500.jpg",1320,500,true]},"uagb_author_info":{"display_name":"Marlena Grodzi\u0144ska","author_link":"https:\/\/biblioteka-milicz.pl\/index.php\/author\/marlena\/"},"uagb_comment_info":0,"uagb_excerpt":"Wczoraj w filii bibliotecznej w Potaszni \u015bwi\u0119towali\u015bmy Dzie\u0144 Myszki Miki. Data ta nie jest przypadkowa \u2013 18 listopada 1928 roku odby\u0142a si\u0119 premiera pierwszego d\u017awi\u0119kowego filmu animowanego z udzia\u0142em Myszki Miki, stworzonej przez Walta&#46;&#46;&#46;","_links":{"self":[{"href":"https:\/\/biblioteka-milicz.pl\/index.php\/wp-json\/wp\/v2\/posts\/7414","targetHints":{"allow":["GET"]}}],"collection":[{"href":"https:\/\/biblioteka-milicz.pl\/index.php\/wp-json\/wp\/v2\/posts"}],"about":[{"href":"https:\/\/biblioteka-milicz.pl\/index.php\/wp-json\/wp\/v2\/types\/post"}],"author":[{"embeddable":true,"href":"https:\/\/biblioteka-milicz.pl\/index.php\/wp-json\/wp\/v2\/users\/2"}],"replies":[{"embeddable":true,"href":"https:\/\/biblioteka-milicz.pl\/index.php\/wp-json\/wp\/v2\/comments?post=7414"}],"version-history":[{"count":1,"href":"https:\/\/biblioteka-milicz.pl\/index.php\/wp-json\/wp\/v2\/posts\/7414\/revisions"}],"predecessor-version":[{"id":7418,"href":"https:\/\/biblioteka-milicz.pl\/index.php\/wp-json\/wp\/v2\/posts\/7414\/revisions\/7418"}],"wp:featuredmedia":[{"embeddable":true,"href":"https:\/\/biblioteka-milicz.pl\/index.php\/wp-json\/wp\/v2\/media\/7417"}],"wp:attachment":[{"href":"https:\/\/biblioteka-milicz.pl\/index.php\/wp-json\/wp\/v2\/media?parent=7414"}],"wp:term":[{"taxonomy":"category","embeddable":true,"href":"https:\/\/biblioteka-milicz.pl\/index.php\/wp-json\/wp\/v2\/categories?post=7414"},{"taxonomy":"post_tag","embeddable":true,"href":"https:\/\/biblioteka-milicz.pl\/index.php\/wp-json\/wp\/v2\/tags?post=7414"}],"curies":[{"name":"wp","href":"https:\/\/api.w.org\/{rel}","templated":true}]}}