{"id":724,"date":"2019-05-09T14:16:00","date_gmt":"2019-05-09T12:16:00","guid":{"rendered":"http:\/\/biblioteka-milicz.pl\/?p=724"},"modified":"2022-03-13T21:09:44","modified_gmt":"2022-03-13T20:09:44","slug":"gadkowickie-przedszkolaki-w-bibliotece","status":"publish","type":"post","link":"https:\/\/biblioteka-milicz.pl\/index.php\/2019\/05\/09\/gadkowickie-przedszkolaki-w-bibliotece\/","title":{"rendered":"G\u0105dkowickie przedszkolaki w bibliotece"},"content":{"rendered":"\n<p>W czwartek 9 maja, z okazji Tygodnia Bibliotek g\u0105dkowick\u0105 fili\u0119 odwiedzi\u0142a grupa przedszkolak\u00f3w z pobliskiego przedszkola. Na pocz\u0105tku najm\u0142odsi us\u0142yszeli kilka s\u0142\u00f3w na temat celu ich wizyty dowiaduj\u0105c si\u0119, \u017ce w tym tygodniu biblioteki maj\u0105 swoje \u015bwi\u0119to. Potem tradycyjnie przysz\u0142a pora na czytanie bajki, a po niej maluchy sprawdzi\u0142y swoj\u0105 wiedz\u0119 w Quizie wiedzy o literaturze bez problemu odpowiadaj\u0105c na pytania. Chocia\u017c czwartkowa wizyta by\u0142a nieco kr\u00f3tka, to wszyscy upuszczali bibliotek\u0119 z u\u015bmiechem na ustach, niecierpliwie czekaj\u0105c na nast\u0119pne spotkanie.<\/p>\n\n\n\n<figure class=\"wp-block-gallery has-nested-images columns-default is-cropped wp-block-gallery-1 is-layout-flex wp-block-gallery-is-layout-flex\">\n<figure class=\"wp-block-image size-large\"><img loading=\"lazy\" decoding=\"async\" width=\"960\" height=\"720\" data-id=\"2575\" src=\"http:\/\/biblioteka-milicz.pl\/wp-content\/uploads\/2022\/03\/60060108_859828677699924_5462579079112818688_n-1.jpg\" alt=\"\" class=\"wp-image-2575\" srcset=\"https:\/\/biblioteka-milicz.pl\/wp-content\/uploads\/2022\/03\/60060108_859828677699924_5462579079112818688_n-1.jpg 960w, https:\/\/biblioteka-milicz.pl\/wp-content\/uploads\/2022\/03\/60060108_859828677699924_5462579079112818688_n-1-300x225.jpg 300w, https:\/\/biblioteka-milicz.pl\/wp-content\/uploads\/2022\/03\/60060108_859828677699924_5462579079112818688_n-1-768x576.jpg 768w\" sizes=\"auto, (max-width: 960px) 100vw, 960px\" \/><\/figure>\n\n\n\n<figure class=\"wp-block-image size-large\"><img loading=\"lazy\" decoding=\"async\" width=\"960\" height=\"720\" data-id=\"2578\" src=\"http:\/\/biblioteka-milicz.pl\/wp-content\/uploads\/2022\/03\/60243699_859828674366591_1116506190596014080_n.jpg\" alt=\"\" class=\"wp-image-2578\" srcset=\"https:\/\/biblioteka-milicz.pl\/wp-content\/uploads\/2022\/03\/60243699_859828674366591_1116506190596014080_n.jpg 960w, https:\/\/biblioteka-milicz.pl\/wp-content\/uploads\/2022\/03\/60243699_859828674366591_1116506190596014080_n-300x225.jpg 300w, https:\/\/biblioteka-milicz.pl\/wp-content\/uploads\/2022\/03\/60243699_859828674366591_1116506190596014080_n-768x576.jpg 768w\" sizes=\"auto, (max-width: 960px) 100vw, 960px\" \/><\/figure>\n\n\n\n<figure class=\"wp-block-image size-large\"><img loading=\"lazy\" decoding=\"async\" width=\"720\" height=\"960\" data-id=\"2577\" src=\"http:\/\/biblioteka-milicz.pl\/wp-content\/uploads\/2022\/03\/60327239_859828744366584_5163717434837827584_n.jpg\" alt=\"\" class=\"wp-image-2577\" srcset=\"https:\/\/biblioteka-milicz.pl\/wp-content\/uploads\/2022\/03\/60327239_859828744366584_5163717434837827584_n.jpg 720w, https:\/\/biblioteka-milicz.pl\/wp-content\/uploads\/2022\/03\/60327239_859828744366584_5163717434837827584_n-225x300.jpg 225w\" sizes=\"auto, (max-width: 720px) 100vw, 720px\" \/><\/figure>\n\n\n\n<figure class=\"wp-block-image size-large\"><img loading=\"lazy\" decoding=\"async\" width=\"720\" height=\"960\" data-id=\"2579\" src=\"http:\/\/biblioteka-milicz.pl\/wp-content\/uploads\/2022\/03\/60361796_859828857699906_2598618882398748672_n.jpg\" alt=\"\" class=\"wp-image-2579\" srcset=\"https:\/\/biblioteka-milicz.pl\/wp-content\/uploads\/2022\/03\/60361796_859828857699906_2598618882398748672_n.jpg 720w, https:\/\/biblioteka-milicz.pl\/wp-content\/uploads\/2022\/03\/60361796_859828857699906_2598618882398748672_n-225x300.jpg 225w\" sizes=\"auto, (max-width: 720px) 100vw, 720px\" \/><\/figure>\n\n\n\n<figure class=\"wp-block-image size-large\"><img loading=\"lazy\" decoding=\"async\" width=\"720\" height=\"960\" data-id=\"2576\" src=\"http:\/\/biblioteka-milicz.pl\/wp-content\/uploads\/2022\/03\/60596439_859828731033252_5033911497244278784_n.jpg\" alt=\"\" class=\"wp-image-2576\" srcset=\"https:\/\/biblioteka-milicz.pl\/wp-content\/uploads\/2022\/03\/60596439_859828731033252_5033911497244278784_n.jpg 720w, https:\/\/biblioteka-milicz.pl\/wp-content\/uploads\/2022\/03\/60596439_859828731033252_5033911497244278784_n-225x300.jpg 225w\" sizes=\"auto, (max-width: 720px) 100vw, 720px\" \/><\/figure>\n<\/figure>\n","protected":false},"excerpt":{"rendered":"<p>W czwartek 9 maja, z okazji Tygodnia Bibliotek g\u0105dkowick\u0105 fili\u0119 odwiedzi\u0142a grupa przedszkolak\u00f3w z pobliskiego przedszkola. Na pocz\u0105tku najm\u0142odsi us\u0142yszeli kilka s\u0142\u00f3w na temat celu ich wizyty dowiaduj\u0105c si\u0119, \u017ce w tym tygodniu biblioteki&#46;&#46;&#46;<\/p>\n","protected":false},"author":1,"featured_media":725,"comment_status":"closed","ping_status":"open","sticky":false,"template":"","format":"standard","meta":{"_uag_custom_page_level_css":"","footnotes":""},"categories":[3],"tags":[],"class_list":["post-724","post","type-post","status-publish","format-standard","has-post-thumbnail","hentry","category-aktualnosci"],"uagb_featured_image_src":{"full":["https:\/\/biblioteka-milicz.pl\/wp-content\/uploads\/2022\/03\/60060108_859828677699924_5462579079112818688_n.jpg",960,720,false],"thumbnail":["https:\/\/biblioteka-milicz.pl\/wp-content\/uploads\/2022\/03\/60060108_859828677699924_5462579079112818688_n-150x150.jpg",150,150,true],"medium":["https:\/\/biblioteka-milicz.pl\/wp-content\/uploads\/2022\/03\/60060108_859828677699924_5462579079112818688_n-300x225.jpg",300,225,true],"medium_large":["https:\/\/biblioteka-milicz.pl\/wp-content\/uploads\/2022\/03\/60060108_859828677699924_5462579079112818688_n-768x576.jpg",768,576,true],"large":["https:\/\/biblioteka-milicz.pl\/wp-content\/uploads\/2022\/03\/60060108_859828677699924_5462579079112818688_n.jpg",960,720,false],"1536x1536":["https:\/\/biblioteka-milicz.pl\/wp-content\/uploads\/2022\/03\/60060108_859828677699924_5462579079112818688_n.jpg",960,720,false],"2048x2048":["https:\/\/biblioteka-milicz.pl\/wp-content\/uploads\/2022\/03\/60060108_859828677699924_5462579079112818688_n.jpg",960,720,false],"thumb-small":["https:\/\/biblioteka-milicz.pl\/wp-content\/uploads\/2022\/03\/60060108_859828677699924_5462579079112818688_n-80x80.jpg",80,80,true],"thumb-standard":["https:\/\/biblioteka-milicz.pl\/wp-content\/uploads\/2022\/03\/60060108_859828677699924_5462579079112818688_n-320x320.jpg",320,320,true],"thumb-medium":["https:\/\/biblioteka-milicz.pl\/wp-content\/uploads\/2022\/03\/60060108_859828677699924_5462579079112818688_n-520x245.jpg",520,245,true],"thumb-large":["https:\/\/biblioteka-milicz.pl\/wp-content\/uploads\/2022\/03\/60060108_859828677699924_5462579079112818688_n-720x340.jpg",720,340,true],"thumb-xlarge":["https:\/\/biblioteka-milicz.pl\/wp-content\/uploads\/2022\/03\/60060108_859828677699924_5462579079112818688_n-960x450.jpg",960,450,true],"thumb-xxlarge":["https:\/\/biblioteka-milicz.pl\/wp-content\/uploads\/2022\/03\/60060108_859828677699924_5462579079112818688_n-960x500.jpg",960,500,true]},"uagb_author_info":{"display_name":"admin","author_link":"https:\/\/biblioteka-milicz.pl\/index.php\/author\/admin\/"},"uagb_comment_info":0,"uagb_excerpt":"W czwartek 9 maja, z okazji Tygodnia Bibliotek g\u0105dkowick\u0105 fili\u0119 odwiedzi\u0142a grupa przedszkolak\u00f3w z pobliskiego przedszkola. Na pocz\u0105tku najm\u0142odsi us\u0142yszeli kilka s\u0142\u00f3w na temat celu ich wizyty dowiaduj\u0105c si\u0119, \u017ce w tym tygodniu biblioteki&#46;&#46;&#46;","_links":{"self":[{"href":"https:\/\/biblioteka-milicz.pl\/index.php\/wp-json\/wp\/v2\/posts\/724","targetHints":{"allow":["GET"]}}],"collection":[{"href":"https:\/\/biblioteka-milicz.pl\/index.php\/wp-json\/wp\/v2\/posts"}],"about":[{"href":"https:\/\/biblioteka-milicz.pl\/index.php\/wp-json\/wp\/v2\/types\/post"}],"author":[{"embeddable":true,"href":"https:\/\/biblioteka-milicz.pl\/index.php\/wp-json\/wp\/v2\/users\/1"}],"replies":[{"embeddable":true,"href":"https:\/\/biblioteka-milicz.pl\/index.php\/wp-json\/wp\/v2\/comments?post=724"}],"version-history":[{"count":2,"href":"https:\/\/biblioteka-milicz.pl\/index.php\/wp-json\/wp\/v2\/posts\/724\/revisions"}],"predecessor-version":[{"id":2580,"href":"https:\/\/biblioteka-milicz.pl\/index.php\/wp-json\/wp\/v2\/posts\/724\/revisions\/2580"}],"wp:featuredmedia":[{"embeddable":true,"href":"https:\/\/biblioteka-milicz.pl\/index.php\/wp-json\/wp\/v2\/media\/725"}],"wp:attachment":[{"href":"https:\/\/biblioteka-milicz.pl\/index.php\/wp-json\/wp\/v2\/media?parent=724"}],"wp:term":[{"taxonomy":"category","embeddable":true,"href":"https:\/\/biblioteka-milicz.pl\/index.php\/wp-json\/wp\/v2\/categories?post=724"},{"taxonomy":"post_tag","embeddable":true,"href":"https:\/\/biblioteka-milicz.pl\/index.php\/wp-json\/wp\/v2\/tags?post=724"}],"curies":[{"name":"wp","href":"https:\/\/api.w.org\/{rel}","templated":true}]}}