{"id":7168,"date":"2025-10-22T09:51:19","date_gmt":"2025-10-22T07:51:19","guid":{"rendered":"https:\/\/biblioteka-milicz.pl\/?p=7168"},"modified":"2025-10-28T09:53:51","modified_gmt":"2025-10-28T08:53:51","slug":"jesienne-spotkania-w-filii-bibliotecznej-w-dunkowej","status":"publish","type":"post","link":"https:\/\/biblioteka-milicz.pl\/index.php\/2025\/10\/22\/jesienne-spotkania-w-filii-bibliotecznej-w-dunkowej\/","title":{"rendered":"Jesienne spotkania w filii bibliotecznej w Dunkowej"},"content":{"rendered":"\n<p>Kolejne popo\u0142udniowe spotkania przy ksi\u0105\u017ckach w naszej filii w Dunkowej odby\u0142y si\u0119 w \u015brod\u0119, <strong>8 i 15 pa\u017adziernika<\/strong>.<\/p>\n\n\n\n<p>Dzieci sp\u0119dzi\u0142y ten czas bardzo tw\u00f3rczo i rado\u015bnie \u2013 czyta\u0142y, szy\u0142y, lepi\u0142y oraz bawi\u0142y si\u0119 na placu zabaw. Podczas zaj\u0119\u0107 uczestnicy wykonali papierowe r\u00f3\u017ce oraz \u015bwieczniki z kasztan\u00f3w, kt\u00f3re pi\u0119knie wprowadzi\u0142y wszystkich w jesienny klimat.<\/p>\n\n\n\n<p>Na kolejnych spotkaniach planujemy tworzy\u0107 kwiaty z li\u015bci oraz papierowe jesienne drzewa \u2013 zapowiada si\u0119 wi\u0119c bardzo kreatywnie!<\/p>\n\n\n\n<p>Serdecznie zapraszamy wszystkie dzieci do wsp\u00f3lnej zabawy, odkrywania \u015bwiata ksi\u0105\u017cek i rozwijania wyobra\u017ani!<\/p>\n\n\n\n<figure class=\"wp-block-gallery has-nested-images columns-default is-cropped wp-block-gallery-1 is-layout-flex wp-block-gallery-is-layout-flex\">\n<figure class=\"wp-block-image size-large\"><img loading=\"lazy\" decoding=\"async\" width=\"1024\" height=\"768\" data-id=\"7169\" src=\"https:\/\/biblioteka-milicz.pl\/wp-content\/uploads\/2025\/10\/Jesien-Dunkowa-1024x768.jpg\" alt=\"\" class=\"wp-image-7169\" srcset=\"https:\/\/biblioteka-milicz.pl\/wp-content\/uploads\/2025\/10\/Jesien-Dunkowa-1024x768.jpg 1024w, https:\/\/biblioteka-milicz.pl\/wp-content\/uploads\/2025\/10\/Jesien-Dunkowa-300x225.jpg 300w, https:\/\/biblioteka-milicz.pl\/wp-content\/uploads\/2025\/10\/Jesien-Dunkowa-768x576.jpg 768w, https:\/\/biblioteka-milicz.pl\/wp-content\/uploads\/2025\/10\/Jesien-Dunkowa-1536x1152.jpg 1536w, https:\/\/biblioteka-milicz.pl\/wp-content\/uploads\/2025\/10\/Jesien-Dunkowa.jpg 2048w\" sizes=\"auto, (max-width: 1024px) 100vw, 1024px\" \/><\/figure>\n<\/figure>\n","protected":false},"excerpt":{"rendered":"<p>Kolejne popo\u0142udniowe spotkania przy ksi\u0105\u017ckach w naszej filii w Dunkowej odby\u0142y si\u0119 w \u015brod\u0119, 8 i 15 pa\u017adziernika. Dzieci sp\u0119dzi\u0142y ten czas bardzo tw\u00f3rczo i rado\u015bnie \u2013 czyta\u0142y, szy\u0142y, lepi\u0142y oraz bawi\u0142y si\u0119 na&#46;&#46;&#46;<\/p>\n","protected":false},"author":2,"featured_media":7169,"comment_status":"closed","ping_status":"closed","sticky":false,"template":"","format":"standard","meta":{"_uag_custom_page_level_css":"","footnotes":""},"categories":[3],"tags":[],"class_list":["post-7168","post","type-post","status-publish","format-standard","has-post-thumbnail","hentry","category-aktualnosci"],"uagb_featured_image_src":{"full":["https:\/\/biblioteka-milicz.pl\/wp-content\/uploads\/2025\/10\/Jesien-Dunkowa.jpg",2048,1536,false],"thumbnail":["https:\/\/biblioteka-milicz.pl\/wp-content\/uploads\/2025\/10\/Jesien-Dunkowa-150x150.jpg",150,150,true],"medium":["https:\/\/biblioteka-milicz.pl\/wp-content\/uploads\/2025\/10\/Jesien-Dunkowa-300x225.jpg",300,225,true],"medium_large":["https:\/\/biblioteka-milicz.pl\/wp-content\/uploads\/2025\/10\/Jesien-Dunkowa-768x576.jpg",768,576,true],"large":["https:\/\/biblioteka-milicz.pl\/wp-content\/uploads\/2025\/10\/Jesien-Dunkowa-1024x768.jpg",1024,768,true],"1536x1536":["https:\/\/biblioteka-milicz.pl\/wp-content\/uploads\/2025\/10\/Jesien-Dunkowa-1536x1152.jpg",1536,1152,true],"2048x2048":["https:\/\/biblioteka-milicz.pl\/wp-content\/uploads\/2025\/10\/Jesien-Dunkowa.jpg",2048,1536,false],"thumb-small":["https:\/\/biblioteka-milicz.pl\/wp-content\/uploads\/2025\/10\/Jesien-Dunkowa-80x80.jpg",80,80,true],"thumb-standard":["https:\/\/biblioteka-milicz.pl\/wp-content\/uploads\/2025\/10\/Jesien-Dunkowa-320x320.jpg",320,320,true],"thumb-medium":["https:\/\/biblioteka-milicz.pl\/wp-content\/uploads\/2025\/10\/Jesien-Dunkowa-520x245.jpg",520,245,true],"thumb-large":["https:\/\/biblioteka-milicz.pl\/wp-content\/uploads\/2025\/10\/Jesien-Dunkowa-720x340.jpg",720,340,true],"thumb-xlarge":["https:\/\/biblioteka-milicz.pl\/wp-content\/uploads\/2025\/10\/Jesien-Dunkowa-980x450.jpg",980,450,true],"thumb-xxlarge":["https:\/\/biblioteka-milicz.pl\/wp-content\/uploads\/2025\/10\/Jesien-Dunkowa-1320x500.jpg",1320,500,true]},"uagb_author_info":{"display_name":"Marlena Grodzi\u0144ska","author_link":"https:\/\/biblioteka-milicz.pl\/index.php\/author\/marlena\/"},"uagb_comment_info":0,"uagb_excerpt":"Kolejne popo\u0142udniowe spotkania przy ksi\u0105\u017ckach w naszej filii w Dunkowej odby\u0142y si\u0119 w \u015brod\u0119, 8 i 15 pa\u017adziernika. Dzieci sp\u0119dzi\u0142y ten czas bardzo tw\u00f3rczo i rado\u015bnie \u2013 czyta\u0142y, szy\u0142y, lepi\u0142y oraz bawi\u0142y si\u0119 na&#46;&#46;&#46;","_links":{"self":[{"href":"https:\/\/biblioteka-milicz.pl\/index.php\/wp-json\/wp\/v2\/posts\/7168","targetHints":{"allow":["GET"]}}],"collection":[{"href":"https:\/\/biblioteka-milicz.pl\/index.php\/wp-json\/wp\/v2\/posts"}],"about":[{"href":"https:\/\/biblioteka-milicz.pl\/index.php\/wp-json\/wp\/v2\/types\/post"}],"author":[{"embeddable":true,"href":"https:\/\/biblioteka-milicz.pl\/index.php\/wp-json\/wp\/v2\/users\/2"}],"replies":[{"embeddable":true,"href":"https:\/\/biblioteka-milicz.pl\/index.php\/wp-json\/wp\/v2\/comments?post=7168"}],"version-history":[{"count":1,"href":"https:\/\/biblioteka-milicz.pl\/index.php\/wp-json\/wp\/v2\/posts\/7168\/revisions"}],"predecessor-version":[{"id":7170,"href":"https:\/\/biblioteka-milicz.pl\/index.php\/wp-json\/wp\/v2\/posts\/7168\/revisions\/7170"}],"wp:featuredmedia":[{"embeddable":true,"href":"https:\/\/biblioteka-milicz.pl\/index.php\/wp-json\/wp\/v2\/media\/7169"}],"wp:attachment":[{"href":"https:\/\/biblioteka-milicz.pl\/index.php\/wp-json\/wp\/v2\/media?parent=7168"}],"wp:term":[{"taxonomy":"category","embeddable":true,"href":"https:\/\/biblioteka-milicz.pl\/index.php\/wp-json\/wp\/v2\/categories?post=7168"},{"taxonomy":"post_tag","embeddable":true,"href":"https:\/\/biblioteka-milicz.pl\/index.php\/wp-json\/wp\/v2\/tags?post=7168"}],"curies":[{"name":"wp","href":"https:\/\/api.w.org\/{rel}","templated":true}]}}