{"id":7156,"date":"2025-10-27T09:43:43","date_gmt":"2025-10-27T08:43:43","guid":{"rendered":"https:\/\/biblioteka-milicz.pl\/?p=7156"},"modified":"2025-10-28T09:47:59","modified_gmt":"2025-10-28T08:47:59","slug":"spotkanie-z-psem-preclem-w-sulowskiej-filii","status":"publish","type":"post","link":"https:\/\/biblioteka-milicz.pl\/index.php\/2025\/10\/27\/spotkanie-z-psem-preclem-w-sulowskiej-filii\/","title":{"rendered":"Spotkanie z psem Preclem w su\u0142owskiej filii"},"content":{"rendered":"\n<p>Czasem uczestniczymy w spotkaniach z autorami ksi\u0105\u017cek, ale czy kto\u015b mia\u0142 okazj\u0119 zobaczy\u0107 \u201ena \u017cywo\u201d bohatera literackiego? Przyznajcie, \u017ce to nie lada gratka!<\/p>\n\n\n\n<p><strong>24 pa\u017adziernika <\/strong>w su\u0142owskiej filii bibliotecznej trzydziestoosobowa grupa uczni\u00f3w mia\u0142a okazj\u0119 pozna\u0107 psa Precla \u2013 prawdziwego, weso\u0142ego i bardzo towarzyskiego czworonoga.<\/p>\n\n\n\n<p>O przygodach Precelka z ogromn\u0105 pasj\u0105 opowiada\u0142a jego opiekunka, pani <strong>Marta Maj<\/strong>, autorka serii ksi\u0105\u017cek o tym sympatycznym piesku.<\/p>\n\n\n\n<p>Podczas zaj\u0119\u0107 dzieci wzi\u0119\u0142y udzia\u0142 w mini quizie wiedzy o psach, a tak\u017ce wys\u0142ucha\u0142y (demokratycznie wybranego) opowiadania. Nie zabrak\u0142o te\u017c czasu na bli\u017csze poznanie bohatera dnia, kt\u00f3ry z wielk\u0105 cierpliwo\u015bci\u0105 przyjmowa\u0142 wszystkie g\u0142askania i drapania za uszkiem.<\/p>\n\n\n\n<p>Dodatkow\u0105 atrakcj\u0105 by\u0142a mo\u017cliwo\u015b\u0107 zakupu kolorowych ksi\u0105\u017cek, komiks\u00f3w i kolorowanek z psem Preclem.<\/p>\n\n\n\n<p>Na zako\u0144czenie spotkania dzieci z\u0142o\u017cy\u0142y autorce serdeczne podzi\u0119kowania i wszyscy wsp\u00f3lnie pozowali do pami\u0105tkowej fotografii.<\/p>\n\n\n\n<figure class=\"wp-block-gallery has-nested-images columns-default is-cropped wp-block-gallery-1 is-layout-flex wp-block-gallery-is-layout-flex\">\n<figure class=\"wp-block-image size-large\"><img loading=\"lazy\" decoding=\"async\" width=\"768\" height=\"1024\" data-id=\"7157\" src=\"https:\/\/biblioteka-milicz.pl\/wp-content\/uploads\/2025\/10\/567703922_1230082245824425_5672645803909050438_n-768x1024.jpg\" alt=\"\" class=\"wp-image-7157\" srcset=\"https:\/\/biblioteka-milicz.pl\/wp-content\/uploads\/2025\/10\/567703922_1230082245824425_5672645803909050438_n-768x1024.jpg 768w, https:\/\/biblioteka-milicz.pl\/wp-content\/uploads\/2025\/10\/567703922_1230082245824425_5672645803909050438_n-225x300.jpg 225w, https:\/\/biblioteka-milicz.pl\/wp-content\/uploads\/2025\/10\/567703922_1230082245824425_5672645803909050438_n-1152x1536.jpg 1152w, https:\/\/biblioteka-milicz.pl\/wp-content\/uploads\/2025\/10\/567703922_1230082245824425_5672645803909050438_n.jpg 1536w\" sizes=\"auto, (max-width: 768px) 100vw, 768px\" \/><\/figure>\n\n\n\n<figure class=\"wp-block-image size-large\"><img loading=\"lazy\" decoding=\"async\" width=\"768\" height=\"1024\" data-id=\"7160\" src=\"https:\/\/biblioteka-milicz.pl\/wp-content\/uploads\/2025\/10\/570392171_1230081775824472_1755394742547642992_n-768x1024.jpg\" alt=\"\" class=\"wp-image-7160\" srcset=\"https:\/\/biblioteka-milicz.pl\/wp-content\/uploads\/2025\/10\/570392171_1230081775824472_1755394742547642992_n-768x1024.jpg 768w, https:\/\/biblioteka-milicz.pl\/wp-content\/uploads\/2025\/10\/570392171_1230081775824472_1755394742547642992_n-225x300.jpg 225w, https:\/\/biblioteka-milicz.pl\/wp-content\/uploads\/2025\/10\/570392171_1230081775824472_1755394742547642992_n-1152x1536.jpg 1152w, https:\/\/biblioteka-milicz.pl\/wp-content\/uploads\/2025\/10\/570392171_1230081775824472_1755394742547642992_n.jpg 1536w\" sizes=\"auto, (max-width: 768px) 100vw, 768px\" \/><\/figure>\n\n\n\n<figure class=\"wp-block-image size-large\"><img loading=\"lazy\" decoding=\"async\" width=\"768\" height=\"1024\" data-id=\"7158\" src=\"https:\/\/biblioteka-milicz.pl\/wp-content\/uploads\/2025\/10\/569135721_1230081905824459_5118568963403264568_n-768x1024.jpg\" alt=\"\" class=\"wp-image-7158\" srcset=\"https:\/\/biblioteka-milicz.pl\/wp-content\/uploads\/2025\/10\/569135721_1230081905824459_5118568963403264568_n-768x1024.jpg 768w, https:\/\/biblioteka-milicz.pl\/wp-content\/uploads\/2025\/10\/569135721_1230081905824459_5118568963403264568_n-225x300.jpg 225w, https:\/\/biblioteka-milicz.pl\/wp-content\/uploads\/2025\/10\/569135721_1230081905824459_5118568963403264568_n-1152x1536.jpg 1152w, https:\/\/biblioteka-milicz.pl\/wp-content\/uploads\/2025\/10\/569135721_1230081905824459_5118568963403264568_n.jpg 1536w\" sizes=\"auto, (max-width: 768px) 100vw, 768px\" \/><\/figure>\n\n\n\n<figure class=\"wp-block-image size-large\"><img loading=\"lazy\" decoding=\"async\" width=\"1024\" height=\"768\" data-id=\"7163\" src=\"https:\/\/biblioteka-milicz.pl\/wp-content\/uploads\/2025\/10\/569213923_1230081929157790_2600190075797142121_n-1024x768.jpg\" alt=\"\" class=\"wp-image-7163\" srcset=\"https:\/\/biblioteka-milicz.pl\/wp-content\/uploads\/2025\/10\/569213923_1230081929157790_2600190075797142121_n-1024x768.jpg 1024w, https:\/\/biblioteka-milicz.pl\/wp-content\/uploads\/2025\/10\/569213923_1230081929157790_2600190075797142121_n-300x225.jpg 300w, https:\/\/biblioteka-milicz.pl\/wp-content\/uploads\/2025\/10\/569213923_1230081929157790_2600190075797142121_n-768x576.jpg 768w, https:\/\/biblioteka-milicz.pl\/wp-content\/uploads\/2025\/10\/569213923_1230081929157790_2600190075797142121_n-1536x1152.jpg 1536w, https:\/\/biblioteka-milicz.pl\/wp-content\/uploads\/2025\/10\/569213923_1230081929157790_2600190075797142121_n.jpg 2048w\" sizes=\"auto, (max-width: 1024px) 100vw, 1024px\" \/><\/figure>\n\n\n\n<figure class=\"wp-block-image size-large\"><img loading=\"lazy\" decoding=\"async\" width=\"1024\" height=\"768\" data-id=\"7165\" src=\"https:\/\/biblioteka-milicz.pl\/wp-content\/uploads\/2025\/10\/571145119_1230081785824471_1802300661732345958_n-1024x768.jpg\" alt=\"\" class=\"wp-image-7165\" srcset=\"https:\/\/biblioteka-milicz.pl\/wp-content\/uploads\/2025\/10\/571145119_1230081785824471_1802300661732345958_n-1024x768.jpg 1024w, https:\/\/biblioteka-milicz.pl\/wp-content\/uploads\/2025\/10\/571145119_1230081785824471_1802300661732345958_n-300x225.jpg 300w, https:\/\/biblioteka-milicz.pl\/wp-content\/uploads\/2025\/10\/571145119_1230081785824471_1802300661732345958_n-768x576.jpg 768w, https:\/\/biblioteka-milicz.pl\/wp-content\/uploads\/2025\/10\/571145119_1230081785824471_1802300661732345958_n-1536x1152.jpg 1536w, https:\/\/biblioteka-milicz.pl\/wp-content\/uploads\/2025\/10\/571145119_1230081785824471_1802300661732345958_n.jpg 2048w\" sizes=\"auto, (max-width: 1024px) 100vw, 1024px\" \/><\/figure>\n\n\n\n<figure class=\"wp-block-image size-large\"><img loading=\"lazy\" decoding=\"async\" width=\"1024\" height=\"768\" data-id=\"7159\" src=\"https:\/\/biblioteka-milicz.pl\/wp-content\/uploads\/2025\/10\/569188849_1230082225824427_7504363675370291899_n-1024x768.jpg\" alt=\"\" class=\"wp-image-7159\" srcset=\"https:\/\/biblioteka-milicz.pl\/wp-content\/uploads\/2025\/10\/569188849_1230082225824427_7504363675370291899_n-1024x768.jpg 1024w, https:\/\/biblioteka-milicz.pl\/wp-content\/uploads\/2025\/10\/569188849_1230082225824427_7504363675370291899_n-300x225.jpg 300w, https:\/\/biblioteka-milicz.pl\/wp-content\/uploads\/2025\/10\/569188849_1230082225824427_7504363675370291899_n-768x576.jpg 768w, https:\/\/biblioteka-milicz.pl\/wp-content\/uploads\/2025\/10\/569188849_1230082225824427_7504363675370291899_n-1536x1152.jpg 1536w, https:\/\/biblioteka-milicz.pl\/wp-content\/uploads\/2025\/10\/569188849_1230082225824427_7504363675370291899_n.jpg 2048w\" sizes=\"auto, (max-width: 1024px) 100vw, 1024px\" \/><\/figure>\n\n\n\n<figure class=\"wp-block-image size-large\"><img loading=\"lazy\" decoding=\"async\" width=\"1024\" height=\"768\" data-id=\"7164\" src=\"https:\/\/biblioteka-milicz.pl\/wp-content\/uploads\/2025\/10\/571246197_1230082062491110_1424734017156089344_n-1024x768.jpg\" alt=\"\" class=\"wp-image-7164\" srcset=\"https:\/\/biblioteka-milicz.pl\/wp-content\/uploads\/2025\/10\/571246197_1230082062491110_1424734017156089344_n-1024x768.jpg 1024w, https:\/\/biblioteka-milicz.pl\/wp-content\/uploads\/2025\/10\/571246197_1230082062491110_1424734017156089344_n-300x225.jpg 300w, https:\/\/biblioteka-milicz.pl\/wp-content\/uploads\/2025\/10\/571246197_1230082062491110_1424734017156089344_n-768x576.jpg 768w, https:\/\/biblioteka-milicz.pl\/wp-content\/uploads\/2025\/10\/571246197_1230082062491110_1424734017156089344_n-1536x1152.jpg 1536w, https:\/\/biblioteka-milicz.pl\/wp-content\/uploads\/2025\/10\/571246197_1230082062491110_1424734017156089344_n.jpg 2048w\" sizes=\"auto, (max-width: 1024px) 100vw, 1024px\" \/><\/figure>\n\n\n\n<figure class=\"wp-block-image size-large\"><img loading=\"lazy\" decoding=\"async\" width=\"1024\" height=\"768\" data-id=\"7161\" src=\"https:\/\/biblioteka-milicz.pl\/wp-content\/uploads\/2025\/10\/569421102_1230082329157750_4547128543769877998_n-1024x768.jpg\" alt=\"\" class=\"wp-image-7161\" srcset=\"https:\/\/biblioteka-milicz.pl\/wp-content\/uploads\/2025\/10\/569421102_1230082329157750_4547128543769877998_n-1024x768.jpg 1024w, https:\/\/biblioteka-milicz.pl\/wp-content\/uploads\/2025\/10\/569421102_1230082329157750_4547128543769877998_n-300x225.jpg 300w, https:\/\/biblioteka-milicz.pl\/wp-content\/uploads\/2025\/10\/569421102_1230082329157750_4547128543769877998_n-768x576.jpg 768w, https:\/\/biblioteka-milicz.pl\/wp-content\/uploads\/2025\/10\/569421102_1230082329157750_4547128543769877998_n-1536x1152.jpg 1536w, https:\/\/biblioteka-milicz.pl\/wp-content\/uploads\/2025\/10\/569421102_1230082329157750_4547128543769877998_n.jpg 2048w\" sizes=\"auto, (max-width: 1024px) 100vw, 1024px\" \/><\/figure>\n<\/figure>\n\n\n\n<p><\/p>\n","protected":false},"excerpt":{"rendered":"<p>Czasem uczestniczymy w spotkaniach z autorami ksi\u0105\u017cek, ale czy kto\u015b mia\u0142 okazj\u0119 zobaczy\u0107 \u201ena \u017cywo\u201d bohatera literackiego? Przyznajcie, \u017ce to nie lada gratka! 24 pa\u017adziernika w su\u0142owskiej filii bibliotecznej trzydziestoosobowa grupa uczni\u00f3w mia\u0142a okazj\u0119&#46;&#46;&#46;<\/p>\n","protected":false},"author":2,"featured_media":7166,"comment_status":"closed","ping_status":"closed","sticky":false,"template":"","format":"standard","meta":{"_uag_custom_page_level_css":"","footnotes":""},"categories":[3],"tags":[],"class_list":["post-7156","post","type-post","status-publish","format-standard","has-post-thumbnail","hentry","category-aktualnosci"],"uagb_featured_image_src":{"full":["https:\/\/biblioteka-milicz.pl\/wp-content\/uploads\/2025\/10\/Precel-Sulow-1.jpg",2048,1536,false],"thumbnail":["https:\/\/biblioteka-milicz.pl\/wp-content\/uploads\/2025\/10\/Precel-Sulow-1-150x150.jpg",150,150,true],"medium":["https:\/\/biblioteka-milicz.pl\/wp-content\/uploads\/2025\/10\/Precel-Sulow-1-300x225.jpg",300,225,true],"medium_large":["https:\/\/biblioteka-milicz.pl\/wp-content\/uploads\/2025\/10\/Precel-Sulow-1-768x576.jpg",768,576,true],"large":["https:\/\/biblioteka-milicz.pl\/wp-content\/uploads\/2025\/10\/Precel-Sulow-1-1024x768.jpg",1024,768,true],"1536x1536":["https:\/\/biblioteka-milicz.pl\/wp-content\/uploads\/2025\/10\/Precel-Sulow-1-1536x1152.jpg",1536,1152,true],"2048x2048":["https:\/\/biblioteka-milicz.pl\/wp-content\/uploads\/2025\/10\/Precel-Sulow-1.jpg",2048,1536,false],"thumb-small":["https:\/\/biblioteka-milicz.pl\/wp-content\/uploads\/2025\/10\/Precel-Sulow-1-80x80.jpg",80,80,true],"thumb-standard":["https:\/\/biblioteka-milicz.pl\/wp-content\/uploads\/2025\/10\/Precel-Sulow-1-320x320.jpg",320,320,true],"thumb-medium":["https:\/\/biblioteka-milicz.pl\/wp-content\/uploads\/2025\/10\/Precel-Sulow-1-520x245.jpg",520,245,true],"thumb-large":["https:\/\/biblioteka-milicz.pl\/wp-content\/uploads\/2025\/10\/Precel-Sulow-1-720x340.jpg",720,340,true],"thumb-xlarge":["https:\/\/biblioteka-milicz.pl\/wp-content\/uploads\/2025\/10\/Precel-Sulow-1-980x450.jpg",980,450,true],"thumb-xxlarge":["https:\/\/biblioteka-milicz.pl\/wp-content\/uploads\/2025\/10\/Precel-Sulow-1-1320x500.jpg",1320,500,true]},"uagb_author_info":{"display_name":"Marlena Grodzi\u0144ska","author_link":"https:\/\/biblioteka-milicz.pl\/index.php\/author\/marlena\/"},"uagb_comment_info":0,"uagb_excerpt":"Czasem uczestniczymy w spotkaniach z autorami ksi\u0105\u017cek, ale czy kto\u015b mia\u0142 okazj\u0119 zobaczy\u0107 \u201ena \u017cywo\u201d bohatera literackiego? Przyznajcie, \u017ce to nie lada gratka! 24 pa\u017adziernika w su\u0142owskiej filii bibliotecznej trzydziestoosobowa grupa uczni\u00f3w mia\u0142a okazj\u0119&#46;&#46;&#46;","_links":{"self":[{"href":"https:\/\/biblioteka-milicz.pl\/index.php\/wp-json\/wp\/v2\/posts\/7156","targetHints":{"allow":["GET"]}}],"collection":[{"href":"https:\/\/biblioteka-milicz.pl\/index.php\/wp-json\/wp\/v2\/posts"}],"about":[{"href":"https:\/\/biblioteka-milicz.pl\/index.php\/wp-json\/wp\/v2\/types\/post"}],"author":[{"embeddable":true,"href":"https:\/\/biblioteka-milicz.pl\/index.php\/wp-json\/wp\/v2\/users\/2"}],"replies":[{"embeddable":true,"href":"https:\/\/biblioteka-milicz.pl\/index.php\/wp-json\/wp\/v2\/comments?post=7156"}],"version-history":[{"count":1,"href":"https:\/\/biblioteka-milicz.pl\/index.php\/wp-json\/wp\/v2\/posts\/7156\/revisions"}],"predecessor-version":[{"id":7167,"href":"https:\/\/biblioteka-milicz.pl\/index.php\/wp-json\/wp\/v2\/posts\/7156\/revisions\/7167"}],"wp:featuredmedia":[{"embeddable":true,"href":"https:\/\/biblioteka-milicz.pl\/index.php\/wp-json\/wp\/v2\/media\/7166"}],"wp:attachment":[{"href":"https:\/\/biblioteka-milicz.pl\/index.php\/wp-json\/wp\/v2\/media?parent=7156"}],"wp:term":[{"taxonomy":"category","embeddable":true,"href":"https:\/\/biblioteka-milicz.pl\/index.php\/wp-json\/wp\/v2\/categories?post=7156"},{"taxonomy":"post_tag","embeddable":true,"href":"https:\/\/biblioteka-milicz.pl\/index.php\/wp-json\/wp\/v2\/tags?post=7156"}],"curies":[{"name":"wp","href":"https:\/\/api.w.org\/{rel}","templated":true}]}}