{"id":703,"date":"2019-05-13T14:09:00","date_gmt":"2019-05-13T12:09:00","guid":{"rendered":"http:\/\/biblioteka-milicz.pl\/?p=703"},"modified":"2022-03-13T21:00:24","modified_gmt":"2022-03-13T20:00:24","slug":"poniedzialkowy-poranek-czytanek","status":"publish","type":"post","link":"https:\/\/biblioteka-milicz.pl\/index.php\/2019\/05\/13\/poniedzialkowy-poranek-czytanek\/","title":{"rendered":"Poniedzia\u0142kowy poranek czytanek"},"content":{"rendered":"\n<p>Czy uzale\u017cnienie od telewizji to tylko ludzka przypad\u0142o\u015b\u0107? Okazuje si\u0119 \u017ce wcale nie. Mog\u0142y si\u0119 o tym przekona\u0107 su\u0142owskie przedszkolaki, s\u0142uchaj\u0105c opowiadania o Kreciku i jego przyjacio\u0142ach ze S\u0142onecznego Stoczku. C\u00f3\u017c takiego si\u0119 tam sta\u0142o? Ot\u00f3\u017c \u015blimak w swoim domku, przywi\u00f3z\u0142 zwierz\u0119tom telewizj\u0119. A wi\u0119c siedz\u0105 i ogl\u0105daj\u0105, ogl\u0105daj\u0105\u2026 I przesta\u0107 nie mog\u0105\u2026 Tak, \u017ce w ko\u0144cu zarastaj\u0105 bujnym zielskiem. Czy Krecikowi uda\u0142o si\u0119 uratowa\u0107 przyjaci\u00f3\u0142? Opowiadanie arcyciekawe i bardzo pouczaj\u0105ce Na zako\u0144czenie zadanie dla dzieci :pokolorowa\u0107 wiosenny obrazek, przedstawiaj\u0105cy portret Krecika &#8211; oczywi\u015bcie bez telewizora\u2026<\/p>\n\n\n\n<figure class=\"wp-block-gallery has-nested-images columns-default is-cropped wp-block-gallery-1 is-layout-flex wp-block-gallery-is-layout-flex\">\n<figure class=\"wp-block-image size-large\"><img loading=\"lazy\" decoding=\"async\" width=\"750\" height=\"422\" data-id=\"2521\" src=\"http:\/\/biblioteka-milicz.pl\/wp-content\/uploads\/2022\/03\/60001273_859831481032977_7234996474537312256_n.jpg\" alt=\"\" class=\"wp-image-2521\" srcset=\"https:\/\/biblioteka-milicz.pl\/wp-content\/uploads\/2022\/03\/60001273_859831481032977_7234996474537312256_n.jpg 750w, https:\/\/biblioteka-milicz.pl\/wp-content\/uploads\/2022\/03\/60001273_859831481032977_7234996474537312256_n-300x169.jpg 300w\" sizes=\"auto, (max-width: 750px) 100vw, 750px\" \/><\/figure>\n\n\n\n<figure class=\"wp-block-image size-large\"><img loading=\"lazy\" decoding=\"async\" width=\"960\" height=\"540\" data-id=\"2520\" src=\"http:\/\/biblioteka-milicz.pl\/wp-content\/uploads\/2022\/03\/60158720_859831487699643_3758025813392359424_n.jpg\" alt=\"\" class=\"wp-image-2520\" srcset=\"https:\/\/biblioteka-milicz.pl\/wp-content\/uploads\/2022\/03\/60158720_859831487699643_3758025813392359424_n.jpg 960w, https:\/\/biblioteka-milicz.pl\/wp-content\/uploads\/2022\/03\/60158720_859831487699643_3758025813392359424_n-300x169.jpg 300w, https:\/\/biblioteka-milicz.pl\/wp-content\/uploads\/2022\/03\/60158720_859831487699643_3758025813392359424_n-768x432.jpg 768w\" sizes=\"auto, (max-width: 960px) 100vw, 960px\" \/><\/figure>\n\n\n\n<figure class=\"wp-block-image size-large\"><img loading=\"lazy\" decoding=\"async\" width=\"960\" height=\"540\" data-id=\"2519\" src=\"http:\/\/biblioteka-milicz.pl\/wp-content\/uploads\/2022\/03\/60210327_859831544366304_8640512135467630592_n-1.jpg\" alt=\"\" class=\"wp-image-2519\" srcset=\"https:\/\/biblioteka-milicz.pl\/wp-content\/uploads\/2022\/03\/60210327_859831544366304_8640512135467630592_n-1.jpg 960w, https:\/\/biblioteka-milicz.pl\/wp-content\/uploads\/2022\/03\/60210327_859831544366304_8640512135467630592_n-1-300x169.jpg 300w, https:\/\/biblioteka-milicz.pl\/wp-content\/uploads\/2022\/03\/60210327_859831544366304_8640512135467630592_n-1-768x432.jpg 768w\" sizes=\"auto, (max-width: 960px) 100vw, 960px\" \/><\/figure>\n<\/figure>\n","protected":false},"excerpt":{"rendered":"<p>Czy uzale\u017cnienie od telewizji to tylko ludzka przypad\u0142o\u015b\u0107? Okazuje si\u0119 \u017ce wcale nie. Mog\u0142y si\u0119 o tym przekona\u0107 su\u0142owskie przedszkolaki, s\u0142uchaj\u0105c opowiadania o Kreciku i jego przyjacio\u0142ach ze S\u0142onecznego Stoczku. C\u00f3\u017c takiego si\u0119 tam&#46;&#46;&#46;<\/p>\n","protected":false},"author":1,"featured_media":704,"comment_status":"closed","ping_status":"open","sticky":false,"template":"","format":"standard","meta":{"_uag_custom_page_level_css":"","footnotes":""},"categories":[3],"tags":[],"class_list":["post-703","post","type-post","status-publish","format-standard","has-post-thumbnail","hentry","category-aktualnosci"],"uagb_featured_image_src":{"full":["https:\/\/biblioteka-milicz.pl\/wp-content\/uploads\/2022\/03\/60210327_859831544366304_8640512135467630592_n.jpg",960,540,false],"thumbnail":["https:\/\/biblioteka-milicz.pl\/wp-content\/uploads\/2022\/03\/60210327_859831544366304_8640512135467630592_n-150x150.jpg",150,150,true],"medium":["https:\/\/biblioteka-milicz.pl\/wp-content\/uploads\/2022\/03\/60210327_859831544366304_8640512135467630592_n-300x169.jpg",300,169,true],"medium_large":["https:\/\/biblioteka-milicz.pl\/wp-content\/uploads\/2022\/03\/60210327_859831544366304_8640512135467630592_n-768x432.jpg",768,432,true],"large":["https:\/\/biblioteka-milicz.pl\/wp-content\/uploads\/2022\/03\/60210327_859831544366304_8640512135467630592_n.jpg",960,540,false],"1536x1536":["https:\/\/biblioteka-milicz.pl\/wp-content\/uploads\/2022\/03\/60210327_859831544366304_8640512135467630592_n.jpg",960,540,false],"2048x2048":["https:\/\/biblioteka-milicz.pl\/wp-content\/uploads\/2022\/03\/60210327_859831544366304_8640512135467630592_n.jpg",960,540,false],"thumb-small":["https:\/\/biblioteka-milicz.pl\/wp-content\/uploads\/2022\/03\/60210327_859831544366304_8640512135467630592_n-80x80.jpg",80,80,true],"thumb-standard":["https:\/\/biblioteka-milicz.pl\/wp-content\/uploads\/2022\/03\/60210327_859831544366304_8640512135467630592_n-320x320.jpg",320,320,true],"thumb-medium":["https:\/\/biblioteka-milicz.pl\/wp-content\/uploads\/2022\/03\/60210327_859831544366304_8640512135467630592_n-520x245.jpg",520,245,true],"thumb-large":["https:\/\/biblioteka-milicz.pl\/wp-content\/uploads\/2022\/03\/60210327_859831544366304_8640512135467630592_n-720x340.jpg",720,340,true],"thumb-xlarge":["https:\/\/biblioteka-milicz.pl\/wp-content\/uploads\/2022\/03\/60210327_859831544366304_8640512135467630592_n-960x450.jpg",960,450,true],"thumb-xxlarge":["https:\/\/biblioteka-milicz.pl\/wp-content\/uploads\/2022\/03\/60210327_859831544366304_8640512135467630592_n-960x500.jpg",960,500,true]},"uagb_author_info":{"display_name":"admin","author_link":"https:\/\/biblioteka-milicz.pl\/index.php\/author\/admin\/"},"uagb_comment_info":0,"uagb_excerpt":"Czy uzale\u017cnienie od telewizji to tylko ludzka przypad\u0142o\u015b\u0107? Okazuje si\u0119 \u017ce wcale nie. Mog\u0142y si\u0119 o tym przekona\u0107 su\u0142owskie przedszkolaki, s\u0142uchaj\u0105c opowiadania o Kreciku i jego przyjacio\u0142ach ze S\u0142onecznego Stoczku. C\u00f3\u017c takiego si\u0119 tam&#46;&#46;&#46;","_links":{"self":[{"href":"https:\/\/biblioteka-milicz.pl\/index.php\/wp-json\/wp\/v2\/posts\/703","targetHints":{"allow":["GET"]}}],"collection":[{"href":"https:\/\/biblioteka-milicz.pl\/index.php\/wp-json\/wp\/v2\/posts"}],"about":[{"href":"https:\/\/biblioteka-milicz.pl\/index.php\/wp-json\/wp\/v2\/types\/post"}],"author":[{"embeddable":true,"href":"https:\/\/biblioteka-milicz.pl\/index.php\/wp-json\/wp\/v2\/users\/1"}],"replies":[{"embeddable":true,"href":"https:\/\/biblioteka-milicz.pl\/index.php\/wp-json\/wp\/v2\/comments?post=703"}],"version-history":[{"count":2,"href":"https:\/\/biblioteka-milicz.pl\/index.php\/wp-json\/wp\/v2\/posts\/703\/revisions"}],"predecessor-version":[{"id":2522,"href":"https:\/\/biblioteka-milicz.pl\/index.php\/wp-json\/wp\/v2\/posts\/703\/revisions\/2522"}],"wp:featuredmedia":[{"embeddable":true,"href":"https:\/\/biblioteka-milicz.pl\/index.php\/wp-json\/wp\/v2\/media\/704"}],"wp:attachment":[{"href":"https:\/\/biblioteka-milicz.pl\/index.php\/wp-json\/wp\/v2\/media?parent=703"}],"wp:term":[{"taxonomy":"category","embeddable":true,"href":"https:\/\/biblioteka-milicz.pl\/index.php\/wp-json\/wp\/v2\/categories?post=703"},{"taxonomy":"post_tag","embeddable":true,"href":"https:\/\/biblioteka-milicz.pl\/index.php\/wp-json\/wp\/v2\/tags?post=703"}],"curies":[{"name":"wp","href":"https:\/\/api.w.org\/{rel}","templated":true}]}}