{"id":700,"date":"2019-05-13T14:08:00","date_gmt":"2019-05-13T12:08:00","guid":{"rendered":"http:\/\/biblioteka-milicz.pl\/?p=700"},"modified":"2022-03-12T14:09:20","modified_gmt":"2022-03-12T13:09:20","slug":"tydzien-bibliotek-w-dunkowej","status":"publish","type":"post","link":"https:\/\/biblioteka-milicz.pl\/index.php\/2019\/05\/13\/tydzien-bibliotek-w-dunkowej\/","title":{"rendered":"Tydzie\u0144 Bibliotek w Dunkowej"},"content":{"rendered":"\n<p>W poniedzia\u0142ek 13 maja, z okazji Tygodnia Bibliotek odwiedzili\u015bmy grup\u0119 przedszkolak\u00f3w ze SP w Dunkowej. Najm\u0142odsi dowiedzieli si\u0119, \u017ce w tym tygodniu biblioteki maj\u0105 swoje \u015bwi\u0119to, poznali r\u00f3wnie\u017c specyfik\u0119 pracy bibliotekarza. Potem tradycyjnie przysz\u0142a pora na czytanie bajki. Przeczytali\u015bmy ksi\u0105\u017ceczk\u0119 \u201eZuzia na pikniku\u201d, a w zwi\u0105zku z tym, \u017ce zbli\u017ca si\u0119 czas piknik\u00f3w i wycieczek opowiedzieli\u015bmy sobie o bezpiecze\u0144stwie na takich wyjazdach. Nast\u0119pnie dzieci pokolorowa\u0142y obrazek o bezpiecznej zabawie na powietrzu. Dzi\u0119kujemy bardzo za zaproszenie.<\/p>\n","protected":false},"excerpt":{"rendered":"<p>W poniedzia\u0142ek 13 maja, z okazji Tygodnia Bibliotek odwiedzili\u015bmy grup\u0119 przedszkolak\u00f3w ze SP w Dunkowej. Najm\u0142odsi dowiedzieli si\u0119, \u017ce w tym tygodniu biblioteki maj\u0105 swoje \u015bwi\u0119to, poznali r\u00f3wnie\u017c specyfik\u0119 pracy bibliotekarza. Potem tradycyjnie przysz\u0142a&#46;&#46;&#46;<\/p>\n","protected":false},"author":1,"featured_media":701,"comment_status":"closed","ping_status":"open","sticky":false,"template":"","format":"standard","meta":{"_uag_custom_page_level_css":"","footnotes":""},"categories":[3],"tags":[],"class_list":["post-700","post","type-post","status-publish","format-standard","has-post-thumbnail","hentry","category-aktualnosci"],"uagb_featured_image_src":{"full":["https:\/\/biblioteka-milicz.pl\/wp-content\/uploads\/2022\/03\/60149783_861136180902507_6514384379123335168_n.jpg",960,720,false],"thumbnail":["https:\/\/biblioteka-milicz.pl\/wp-content\/uploads\/2022\/03\/60149783_861136180902507_6514384379123335168_n-150x150.jpg",150,150,true],"medium":["https:\/\/biblioteka-milicz.pl\/wp-content\/uploads\/2022\/03\/60149783_861136180902507_6514384379123335168_n-300x225.jpg",300,225,true],"medium_large":["https:\/\/biblioteka-milicz.pl\/wp-content\/uploads\/2022\/03\/60149783_861136180902507_6514384379123335168_n-768x576.jpg",768,576,true],"large":["https:\/\/biblioteka-milicz.pl\/wp-content\/uploads\/2022\/03\/60149783_861136180902507_6514384379123335168_n.jpg",960,720,false],"1536x1536":["https:\/\/biblioteka-milicz.pl\/wp-content\/uploads\/2022\/03\/60149783_861136180902507_6514384379123335168_n.jpg",960,720,false],"2048x2048":["https:\/\/biblioteka-milicz.pl\/wp-content\/uploads\/2022\/03\/60149783_861136180902507_6514384379123335168_n.jpg",960,720,false],"thumb-small":["https:\/\/biblioteka-milicz.pl\/wp-content\/uploads\/2022\/03\/60149783_861136180902507_6514384379123335168_n-80x80.jpg",80,80,true],"thumb-standard":["https:\/\/biblioteka-milicz.pl\/wp-content\/uploads\/2022\/03\/60149783_861136180902507_6514384379123335168_n-320x320.jpg",320,320,true],"thumb-medium":["https:\/\/biblioteka-milicz.pl\/wp-content\/uploads\/2022\/03\/60149783_861136180902507_6514384379123335168_n-520x245.jpg",520,245,true],"thumb-large":["https:\/\/biblioteka-milicz.pl\/wp-content\/uploads\/2022\/03\/60149783_861136180902507_6514384379123335168_n-720x340.jpg",720,340,true],"thumb-xlarge":["https:\/\/biblioteka-milicz.pl\/wp-content\/uploads\/2022\/03\/60149783_861136180902507_6514384379123335168_n-960x450.jpg",960,450,true],"thumb-xxlarge":["https:\/\/biblioteka-milicz.pl\/wp-content\/uploads\/2022\/03\/60149783_861136180902507_6514384379123335168_n-960x500.jpg",960,500,true]},"uagb_author_info":{"display_name":"admin","author_link":"https:\/\/biblioteka-milicz.pl\/index.php\/author\/admin\/"},"uagb_comment_info":0,"uagb_excerpt":"W poniedzia\u0142ek 13 maja, z okazji Tygodnia Bibliotek odwiedzili\u015bmy grup\u0119 przedszkolak\u00f3w ze SP w Dunkowej. Najm\u0142odsi dowiedzieli si\u0119, \u017ce w tym tygodniu biblioteki maj\u0105 swoje \u015bwi\u0119to, poznali r\u00f3wnie\u017c specyfik\u0119 pracy bibliotekarza. Potem tradycyjnie przysz\u0142a&#46;&#46;&#46;","_links":{"self":[{"href":"https:\/\/biblioteka-milicz.pl\/index.php\/wp-json\/wp\/v2\/posts\/700","targetHints":{"allow":["GET"]}}],"collection":[{"href":"https:\/\/biblioteka-milicz.pl\/index.php\/wp-json\/wp\/v2\/posts"}],"about":[{"href":"https:\/\/biblioteka-milicz.pl\/index.php\/wp-json\/wp\/v2\/types\/post"}],"author":[{"embeddable":true,"href":"https:\/\/biblioteka-milicz.pl\/index.php\/wp-json\/wp\/v2\/users\/1"}],"replies":[{"embeddable":true,"href":"https:\/\/biblioteka-milicz.pl\/index.php\/wp-json\/wp\/v2\/comments?post=700"}],"version-history":[{"count":1,"href":"https:\/\/biblioteka-milicz.pl\/index.php\/wp-json\/wp\/v2\/posts\/700\/revisions"}],"predecessor-version":[{"id":702,"href":"https:\/\/biblioteka-milicz.pl\/index.php\/wp-json\/wp\/v2\/posts\/700\/revisions\/702"}],"wp:featuredmedia":[{"embeddable":true,"href":"https:\/\/biblioteka-milicz.pl\/index.php\/wp-json\/wp\/v2\/media\/701"}],"wp:attachment":[{"href":"https:\/\/biblioteka-milicz.pl\/index.php\/wp-json\/wp\/v2\/media?parent=700"}],"wp:term":[{"taxonomy":"category","embeddable":true,"href":"https:\/\/biblioteka-milicz.pl\/index.php\/wp-json\/wp\/v2\/categories?post=700"},{"taxonomy":"post_tag","embeddable":true,"href":"https:\/\/biblioteka-milicz.pl\/index.php\/wp-json\/wp\/v2\/tags?post=700"}],"curies":[{"name":"wp","href":"https:\/\/api.w.org\/{rel}","templated":true}]}}