{"id":6897,"date":"2025-09-05T12:23:34","date_gmt":"2025-09-05T10:23:34","guid":{"rendered":"https:\/\/biblioteka-milicz.pl\/?p=6897"},"modified":"2025-09-05T12:30:21","modified_gmt":"2025-09-05T10:30:21","slug":"spotkanie-dyskusyjnego-klubu-seniora-sierpien-w-tradycji-i-pamieci","status":"publish","type":"post","link":"https:\/\/biblioteka-milicz.pl\/index.php\/2025\/09\/05\/spotkanie-dyskusyjnego-klubu-seniora-sierpien-w-tradycji-i-pamieci\/","title":{"rendered":"Spotkanie Dyskusyjnego Klubu Seniora \u2013 sierpie\u0144 w tradycji i pami\u0119ci"},"content":{"rendered":"\n<p>W ostatni czwartek w Domu Pomocy Spo\u0142ecznej w Miliczu zebra\u0142 si\u0119 Dyskusyjny Klub Seniora. By\u0142o to pierwsze wydarzenie po wakacyjnej przerwie, kt\u00f3re zainaugurowa\u0142o cykl regularnych spotka\u0144 klubu.<\/p>\n\n\n\n<p>Tematem rozm\u00f3w by\u0142 miesi\u0105c sierpie\u0144 \u2013 jego znaczenie w tradycji i dawnym \u017cyciu codziennym. Seniorzy wspominali prace polowe zwi\u0105zane ze \u017cniwami, zwyczaje do\u017cynkowe oraz \u015bwi\u0119ta religijne obchodzone w tym czasie. Wsp\u00f3lne wspomnienia, anegdoty i opowie\u015bci przywo\u0142a\u0142y atmosfer\u0119 ko\u0144ca lata, przygotowa\u0144 do jesieni oraz bogactwa dawnej obyczajowo\u015bci.<\/p>\n\n\n\n<p>Spotkanie mia\u0142o ciep\u0142y, wspomnieniowy charakter i sta\u0142o si\u0119 okazj\u0105 do powrotu do tradycji, kt\u00f3re kszta\u0142towa\u0142y \u017cycie spo\u0142eczno\u015bci wiejskiej.<\/p>\n\n\n\n<p><strong>Kolejne spotkanie Dyskusyjnego Klubu Seniora odb\u0119dzie si\u0119 25 wrze\u015bnia<\/strong>.<\/p>\n\n\n\n<figure class=\"wp-block-gallery has-nested-images columns-default is-cropped wp-block-gallery-1 is-layout-flex wp-block-gallery-is-layout-flex\">\n<figure class=\"wp-block-image size-large\"><img loading=\"lazy\" decoding=\"async\" width=\"424\" height=\"563\" data-id=\"6898\" src=\"https:\/\/biblioteka-milicz.pl\/wp-content\/uploads\/2025\/09\/541155204_1186021236897193_1550570939546623320_n.jpg\" alt=\"\" class=\"wp-image-6898\" srcset=\"https:\/\/biblioteka-milicz.pl\/wp-content\/uploads\/2025\/09\/541155204_1186021236897193_1550570939546623320_n.jpg 424w, https:\/\/biblioteka-milicz.pl\/wp-content\/uploads\/2025\/09\/541155204_1186021236897193_1550570939546623320_n-226x300.jpg 226w\" sizes=\"auto, (max-width: 424px) 100vw, 424px\" \/><\/figure>\n\n\n\n<figure class=\"wp-block-image size-large\"><img loading=\"lazy\" decoding=\"async\" width=\"1024\" height=\"1024\" data-id=\"6901\" src=\"https:\/\/biblioteka-milicz.pl\/wp-content\/uploads\/2025\/09\/541748692_1185841046915212_3423192751926328092_n-1-1024x1024.jpg\" alt=\"\" class=\"wp-image-6901\" srcset=\"https:\/\/biblioteka-milicz.pl\/wp-content\/uploads\/2025\/09\/541748692_1185841046915212_3423192751926328092_n-1-1024x1024.jpg 1024w, https:\/\/biblioteka-milicz.pl\/wp-content\/uploads\/2025\/09\/541748692_1185841046915212_3423192751926328092_n-1-300x300.jpg 300w, https:\/\/biblioteka-milicz.pl\/wp-content\/uploads\/2025\/09\/541748692_1185841046915212_3423192751926328092_n-1-150x150.jpg 150w, https:\/\/biblioteka-milicz.pl\/wp-content\/uploads\/2025\/09\/541748692_1185841046915212_3423192751926328092_n-1-768x768.jpg 768w, https:\/\/biblioteka-milicz.pl\/wp-content\/uploads\/2025\/09\/541748692_1185841046915212_3423192751926328092_n-1-1536x1536.jpg 1536w, https:\/\/biblioteka-milicz.pl\/wp-content\/uploads\/2025\/09\/541748692_1185841046915212_3423192751926328092_n-1-80x80.jpg 80w, https:\/\/biblioteka-milicz.pl\/wp-content\/uploads\/2025\/09\/541748692_1185841046915212_3423192751926328092_n-1-320x320.jpg 320w, https:\/\/biblioteka-milicz.pl\/wp-content\/uploads\/2025\/09\/541748692_1185841046915212_3423192751926328092_n-1.jpg 2048w\" sizes=\"auto, (max-width: 1024px) 100vw, 1024px\" \/><\/figure>\n\n\n\n<figure class=\"wp-block-image size-large\"><img loading=\"lazy\" decoding=\"async\" width=\"1024\" height=\"1024\" data-id=\"6903\" src=\"https:\/\/biblioteka-milicz.pl\/wp-content\/uploads\/2025\/09\/541823559_1185841103581873_6594736974936103674_n-1024x1024.jpg\" alt=\"\" class=\"wp-image-6903\" srcset=\"https:\/\/biblioteka-milicz.pl\/wp-content\/uploads\/2025\/09\/541823559_1185841103581873_6594736974936103674_n-1024x1024.jpg 1024w, https:\/\/biblioteka-milicz.pl\/wp-content\/uploads\/2025\/09\/541823559_1185841103581873_6594736974936103674_n-300x300.jpg 300w, https:\/\/biblioteka-milicz.pl\/wp-content\/uploads\/2025\/09\/541823559_1185841103581873_6594736974936103674_n-150x150.jpg 150w, https:\/\/biblioteka-milicz.pl\/wp-content\/uploads\/2025\/09\/541823559_1185841103581873_6594736974936103674_n-768x768.jpg 768w, https:\/\/biblioteka-milicz.pl\/wp-content\/uploads\/2025\/09\/541823559_1185841103581873_6594736974936103674_n-1536x1536.jpg 1536w, https:\/\/biblioteka-milicz.pl\/wp-content\/uploads\/2025\/09\/541823559_1185841103581873_6594736974936103674_n-80x80.jpg 80w, https:\/\/biblioteka-milicz.pl\/wp-content\/uploads\/2025\/09\/541823559_1185841103581873_6594736974936103674_n-320x320.jpg 320w, https:\/\/biblioteka-milicz.pl\/wp-content\/uploads\/2025\/09\/541823559_1185841103581873_6594736974936103674_n.jpg 2048w\" sizes=\"auto, (max-width: 1024px) 100vw, 1024px\" \/><\/figure>\n\n\n\n<figure class=\"wp-block-image size-large\"><img loading=\"lazy\" decoding=\"async\" width=\"1024\" height=\"1024\" data-id=\"6902\" src=\"https:\/\/biblioteka-milicz.pl\/wp-content\/uploads\/2025\/09\/541839679_1185840930248557_5579798747821622787_n-1024x1024.jpg\" alt=\"\" class=\"wp-image-6902\" srcset=\"https:\/\/biblioteka-milicz.pl\/wp-content\/uploads\/2025\/09\/541839679_1185840930248557_5579798747821622787_n-1024x1024.jpg 1024w, https:\/\/biblioteka-milicz.pl\/wp-content\/uploads\/2025\/09\/541839679_1185840930248557_5579798747821622787_n-300x300.jpg 300w, https:\/\/biblioteka-milicz.pl\/wp-content\/uploads\/2025\/09\/541839679_1185840930248557_5579798747821622787_n-150x150.jpg 150w, https:\/\/biblioteka-milicz.pl\/wp-content\/uploads\/2025\/09\/541839679_1185840930248557_5579798747821622787_n-768x768.jpg 768w, https:\/\/biblioteka-milicz.pl\/wp-content\/uploads\/2025\/09\/541839679_1185840930248557_5579798747821622787_n-1536x1536.jpg 1536w, https:\/\/biblioteka-milicz.pl\/wp-content\/uploads\/2025\/09\/541839679_1185840930248557_5579798747821622787_n-80x80.jpg 80w, https:\/\/biblioteka-milicz.pl\/wp-content\/uploads\/2025\/09\/541839679_1185840930248557_5579798747821622787_n-320x320.jpg 320w, https:\/\/biblioteka-milicz.pl\/wp-content\/uploads\/2025\/09\/541839679_1185840930248557_5579798747821622787_n.jpg 2048w\" sizes=\"auto, (max-width: 1024px) 100vw, 1024px\" \/><\/figure>\n\n\n\n<figure class=\"wp-block-image size-large\"><img loading=\"lazy\" decoding=\"async\" width=\"397\" height=\"299\" data-id=\"6899\" src=\"https:\/\/biblioteka-milicz.pl\/wp-content\/uploads\/2025\/09\/542139692_1186021270230523_6440303714367933922_n.jpg\" alt=\"\" class=\"wp-image-6899\" srcset=\"https:\/\/biblioteka-milicz.pl\/wp-content\/uploads\/2025\/09\/542139692_1186021270230523_6440303714367933922_n.jpg 397w, https:\/\/biblioteka-milicz.pl\/wp-content\/uploads\/2025\/09\/542139692_1186021270230523_6440303714367933922_n-300x226.jpg 300w\" sizes=\"auto, (max-width: 397px) 100vw, 397px\" \/><\/figure>\n\n\n\n<figure class=\"wp-block-image size-large\"><img loading=\"lazy\" decoding=\"async\" width=\"424\" height=\"318\" data-id=\"6900\" src=\"https:\/\/biblioteka-milicz.pl\/wp-content\/uploads\/2025\/09\/sierpien-1.jpg\" alt=\"\" class=\"wp-image-6900\" srcset=\"https:\/\/biblioteka-milicz.pl\/wp-content\/uploads\/2025\/09\/sierpien-1.jpg 424w, https:\/\/biblioteka-milicz.pl\/wp-content\/uploads\/2025\/09\/sierpien-1-300x225.jpg 300w\" sizes=\"auto, (max-width: 424px) 100vw, 424px\" \/><\/figure>\n\n\n\n<figure class=\"wp-block-image size-large\"><img loading=\"lazy\" decoding=\"async\" width=\"1024\" height=\"768\" data-id=\"6904\" src=\"https:\/\/biblioteka-milicz.pl\/wp-content\/uploads\/2025\/09\/sierpien-1024x768.jpg\" alt=\"\" class=\"wp-image-6904\" srcset=\"https:\/\/biblioteka-milicz.pl\/wp-content\/uploads\/2025\/09\/sierpien-1024x768.jpg 1024w, https:\/\/biblioteka-milicz.pl\/wp-content\/uploads\/2025\/09\/sierpien-300x225.jpg 300w, https:\/\/biblioteka-milicz.pl\/wp-content\/uploads\/2025\/09\/sierpien-768x576.jpg 768w, https:\/\/biblioteka-milicz.pl\/wp-content\/uploads\/2025\/09\/sierpien-1536x1152.jpg 1536w, https:\/\/biblioteka-milicz.pl\/wp-content\/uploads\/2025\/09\/sierpien.jpg 2048w\" sizes=\"auto, (max-width: 1024px) 100vw, 1024px\" \/><\/figure>\n<\/figure>\n","protected":false},"excerpt":{"rendered":"<p>W ostatni czwartek w Domu Pomocy Spo\u0142ecznej w Miliczu zebra\u0142 si\u0119 Dyskusyjny Klub Seniora. By\u0142o to pierwsze wydarzenie po wakacyjnej przerwie, kt\u00f3re zainaugurowa\u0142o cykl regularnych spotka\u0144 klubu. Tematem rozm\u00f3w by\u0142 miesi\u0105c sierpie\u0144 \u2013 jego&#46;&#46;&#46;<\/p>\n","protected":false},"author":2,"featured_media":6906,"comment_status":"closed","ping_status":"closed","sticky":false,"template":"","format":"standard","meta":{"_uag_custom_page_level_css":"","footnotes":""},"categories":[3],"tags":[],"class_list":["post-6897","post","type-post","status-publish","format-standard","has-post-thumbnail","hentry","category-aktualnosci"],"uagb_featured_image_src":{"full":["https:\/\/biblioteka-milicz.pl\/wp-content\/uploads\/2025\/09\/sierpien-2.jpg",2048,1536,false],"thumbnail":["https:\/\/biblioteka-milicz.pl\/wp-content\/uploads\/2025\/09\/sierpien-2-150x150.jpg",150,150,true],"medium":["https:\/\/biblioteka-milicz.pl\/wp-content\/uploads\/2025\/09\/sierpien-2-300x225.jpg",300,225,true],"medium_large":["https:\/\/biblioteka-milicz.pl\/wp-content\/uploads\/2025\/09\/sierpien-2-768x576.jpg",768,576,true],"large":["https:\/\/biblioteka-milicz.pl\/wp-content\/uploads\/2025\/09\/sierpien-2-1024x768.jpg",1024,768,true],"1536x1536":["https:\/\/biblioteka-milicz.pl\/wp-content\/uploads\/2025\/09\/sierpien-2-1536x1152.jpg",1536,1152,true],"2048x2048":["https:\/\/biblioteka-milicz.pl\/wp-content\/uploads\/2025\/09\/sierpien-2.jpg",2048,1536,false],"thumb-small":["https:\/\/biblioteka-milicz.pl\/wp-content\/uploads\/2025\/09\/sierpien-2-80x80.jpg",80,80,true],"thumb-standard":["https:\/\/biblioteka-milicz.pl\/wp-content\/uploads\/2025\/09\/sierpien-2-320x320.jpg",320,320,true],"thumb-medium":["https:\/\/biblioteka-milicz.pl\/wp-content\/uploads\/2025\/09\/sierpien-2-520x245.jpg",520,245,true],"thumb-large":["https:\/\/biblioteka-milicz.pl\/wp-content\/uploads\/2025\/09\/sierpien-2-720x340.jpg",720,340,true],"thumb-xlarge":["https:\/\/biblioteka-milicz.pl\/wp-content\/uploads\/2025\/09\/sierpien-2-980x450.jpg",980,450,true],"thumb-xxlarge":["https:\/\/biblioteka-milicz.pl\/wp-content\/uploads\/2025\/09\/sierpien-2-1320x500.jpg",1320,500,true]},"uagb_author_info":{"display_name":"Marlena Grodzi\u0144ska","author_link":"https:\/\/biblioteka-milicz.pl\/index.php\/author\/marlena\/"},"uagb_comment_info":0,"uagb_excerpt":"W ostatni czwartek w Domu Pomocy Spo\u0142ecznej w Miliczu zebra\u0142 si\u0119 Dyskusyjny Klub Seniora. By\u0142o to pierwsze wydarzenie po wakacyjnej przerwie, kt\u00f3re zainaugurowa\u0142o cykl regularnych spotka\u0144 klubu. Tematem rozm\u00f3w by\u0142 miesi\u0105c sierpie\u0144 \u2013 jego&#46;&#46;&#46;","_links":{"self":[{"href":"https:\/\/biblioteka-milicz.pl\/index.php\/wp-json\/wp\/v2\/posts\/6897","targetHints":{"allow":["GET"]}}],"collection":[{"href":"https:\/\/biblioteka-milicz.pl\/index.php\/wp-json\/wp\/v2\/posts"}],"about":[{"href":"https:\/\/biblioteka-milicz.pl\/index.php\/wp-json\/wp\/v2\/types\/post"}],"author":[{"embeddable":true,"href":"https:\/\/biblioteka-milicz.pl\/index.php\/wp-json\/wp\/v2\/users\/2"}],"replies":[{"embeddable":true,"href":"https:\/\/biblioteka-milicz.pl\/index.php\/wp-json\/wp\/v2\/comments?post=6897"}],"version-history":[{"count":2,"href":"https:\/\/biblioteka-milicz.pl\/index.php\/wp-json\/wp\/v2\/posts\/6897\/revisions"}],"predecessor-version":[{"id":6909,"href":"https:\/\/biblioteka-milicz.pl\/index.php\/wp-json\/wp\/v2\/posts\/6897\/revisions\/6909"}],"wp:featuredmedia":[{"embeddable":true,"href":"https:\/\/biblioteka-milicz.pl\/index.php\/wp-json\/wp\/v2\/media\/6906"}],"wp:attachment":[{"href":"https:\/\/biblioteka-milicz.pl\/index.php\/wp-json\/wp\/v2\/media?parent=6897"}],"wp:term":[{"taxonomy":"category","embeddable":true,"href":"https:\/\/biblioteka-milicz.pl\/index.php\/wp-json\/wp\/v2\/categories?post=6897"},{"taxonomy":"post_tag","embeddable":true,"href":"https:\/\/biblioteka-milicz.pl\/index.php\/wp-json\/wp\/v2\/tags?post=6897"}],"curies":[{"name":"wp","href":"https:\/\/api.w.org\/{rel}","templated":true}]}}