{"id":682,"date":"2019-05-23T14:01:00","date_gmt":"2019-05-23T12:01:00","guid":{"rendered":"http:\/\/biblioteka-milicz.pl\/?p=682"},"modified":"2022-03-13T20:52:32","modified_gmt":"2022-03-13T19:52:32","slug":"z-przedszkolem-do-biblioteki","status":"publish","type":"post","link":"https:\/\/biblioteka-milicz.pl\/index.php\/2019\/05\/23\/z-przedszkolem-do-biblioteki\/","title":{"rendered":"Z przedszkolem do biblioteki"},"content":{"rendered":"\n<p>I znowu w bibliotece!!! Sze\u015bciolatki z Przedszkola Parafialnego w czwartkowe przedpo\u0142udnie odwiedzi\u0142y nasz Oddzia\u0142 Dzieci\u0119cy. Comiesi\u0119czne wizyty s\u0105 dla nas bardzo cenne, bo po pierwsze- ka\u017cdy przedszkolak utrwala sobie drog\u0119 do biblioteki, po drugie- utrwala znajomo\u015b\u0107 literatury dzieci\u0119cej, a po trzecie- wyrabia sobie nawyk odwiedzania biblioteki. I jest to jeden ze sposob\u00f3w &#8222;pozyskiwania&#8221; czytelnik\u00f3w. Z przedszkolem do biblioteki!!! Na dzisiejszym spotkaniu przypomnieli\u015bmy sobie znane wiersze polskich poet\u00f3w. Grupa odwa\u017cnych dzieciak\u00f3w wyrecytowa\u0142a p\u0142ynnie dwa wiersze: \u201eKaczk\u0119 dziwaczk\u0119\u201doraz \u201eNa straganie\u201d. Brawo za odwag\u0119!<\/p>\n\n\n\n<figure class=\"wp-block-gallery has-nested-images columns-default is-cropped wp-block-gallery-1 is-layout-flex wp-block-gallery-is-layout-flex\">\n<figure class=\"wp-block-image size-large\"><img loading=\"lazy\" decoding=\"async\" width=\"720\" height=\"960\" data-id=\"2508\" src=\"http:\/\/biblioteka-milicz.pl\/wp-content\/uploads\/2022\/03\/60693284_866553007027491_822576955483226112_n.jpg\" alt=\"\" class=\"wp-image-2508\" srcset=\"https:\/\/biblioteka-milicz.pl\/wp-content\/uploads\/2022\/03\/60693284_866553007027491_822576955483226112_n.jpg 720w, https:\/\/biblioteka-milicz.pl\/wp-content\/uploads\/2022\/03\/60693284_866553007027491_822576955483226112_n-225x300.jpg 225w\" sizes=\"auto, (max-width: 720px) 100vw, 720px\" \/><\/figure>\n\n\n\n<figure class=\"wp-block-image size-large\"><img loading=\"lazy\" decoding=\"async\" width=\"720\" height=\"960\" data-id=\"2506\" src=\"http:\/\/biblioteka-milicz.pl\/wp-content\/uploads\/2022\/03\/60845235_866552970360828_8469028651277484032_n.jpg\" alt=\"\" class=\"wp-image-2506\" srcset=\"https:\/\/biblioteka-milicz.pl\/wp-content\/uploads\/2022\/03\/60845235_866552970360828_8469028651277484032_n.jpg 720w, https:\/\/biblioteka-milicz.pl\/wp-content\/uploads\/2022\/03\/60845235_866552970360828_8469028651277484032_n-225x300.jpg 225w\" sizes=\"auto, (max-width: 720px) 100vw, 720px\" \/><\/figure>\n\n\n\n<figure class=\"wp-block-image size-large\"><img loading=\"lazy\" decoding=\"async\" width=\"960\" height=\"720\" data-id=\"2505\" src=\"http:\/\/biblioteka-milicz.pl\/wp-content\/uploads\/2022\/03\/60847524_866553043694154_7293947821252673536_n.jpg\" alt=\"\" class=\"wp-image-2505\" srcset=\"https:\/\/biblioteka-milicz.pl\/wp-content\/uploads\/2022\/03\/60847524_866553043694154_7293947821252673536_n.jpg 960w, https:\/\/biblioteka-milicz.pl\/wp-content\/uploads\/2022\/03\/60847524_866553043694154_7293947821252673536_n-300x225.jpg 300w, https:\/\/biblioteka-milicz.pl\/wp-content\/uploads\/2022\/03\/60847524_866553043694154_7293947821252673536_n-768x576.jpg 768w\" sizes=\"auto, (max-width: 960px) 100vw, 960px\" \/><\/figure>\n\n\n\n<figure class=\"wp-block-image size-large\"><img loading=\"lazy\" decoding=\"async\" width=\"720\" height=\"960\" data-id=\"2504\" src=\"http:\/\/biblioteka-milicz.pl\/wp-content\/uploads\/2022\/03\/60865154_866553137027478_4232563134881071104_n.jpg\" alt=\"\" class=\"wp-image-2504\" srcset=\"https:\/\/biblioteka-milicz.pl\/wp-content\/uploads\/2022\/03\/60865154_866553137027478_4232563134881071104_n.jpg 720w, https:\/\/biblioteka-milicz.pl\/wp-content\/uploads\/2022\/03\/60865154_866553137027478_4232563134881071104_n-225x300.jpg 225w\" sizes=\"auto, (max-width: 720px) 100vw, 720px\" \/><\/figure>\n\n\n\n<figure class=\"wp-block-image size-large\"><img loading=\"lazy\" decoding=\"async\" width=\"720\" height=\"960\" data-id=\"2503\" src=\"http:\/\/biblioteka-milicz.pl\/wp-content\/uploads\/2022\/03\/61398318_866552973694161_1213022480923361280_n-1.jpg\" alt=\"\" class=\"wp-image-2503\" srcset=\"https:\/\/biblioteka-milicz.pl\/wp-content\/uploads\/2022\/03\/61398318_866552973694161_1213022480923361280_n-1.jpg 720w, https:\/\/biblioteka-milicz.pl\/wp-content\/uploads\/2022\/03\/61398318_866552973694161_1213022480923361280_n-1-225x300.jpg 225w\" sizes=\"auto, (max-width: 720px) 100vw, 720px\" \/><\/figure>\n\n\n\n<figure class=\"wp-block-image size-large\"><img loading=\"lazy\" decoding=\"async\" width=\"960\" height=\"720\" data-id=\"2507\" src=\"http:\/\/biblioteka-milicz.pl\/wp-content\/uploads\/2022\/03\/61421303_866553057027486_4830001950567170048_n.jpg\" alt=\"\" class=\"wp-image-2507\" srcset=\"https:\/\/biblioteka-milicz.pl\/wp-content\/uploads\/2022\/03\/61421303_866553057027486_4830001950567170048_n.jpg 960w, https:\/\/biblioteka-milicz.pl\/wp-content\/uploads\/2022\/03\/61421303_866553057027486_4830001950567170048_n-300x225.jpg 300w, https:\/\/biblioteka-milicz.pl\/wp-content\/uploads\/2022\/03\/61421303_866553057027486_4830001950567170048_n-768x576.jpg 768w\" sizes=\"auto, (max-width: 960px) 100vw, 960px\" \/><\/figure>\n<\/figure>\n","protected":false},"excerpt":{"rendered":"<p>I znowu w bibliotece!!! Sze\u015bciolatki z Przedszkola Parafialnego w czwartkowe przedpo\u0142udnie odwiedzi\u0142y nasz Oddzia\u0142 Dzieci\u0119cy. Comiesi\u0119czne wizyty s\u0105 dla nas bardzo cenne, bo po pierwsze- ka\u017cdy przedszkolak utrwala sobie drog\u0119 do biblioteki, po drugie-&#46;&#46;&#46;<\/p>\n","protected":false},"author":1,"featured_media":683,"comment_status":"closed","ping_status":"open","sticky":false,"template":"","format":"standard","meta":{"_uag_custom_page_level_css":"","footnotes":""},"categories":[3],"tags":[],"class_list":["post-682","post","type-post","status-publish","format-standard","has-post-thumbnail","hentry","category-aktualnosci"],"uagb_featured_image_src":{"full":["https:\/\/biblioteka-milicz.pl\/wp-content\/uploads\/2022\/03\/61398318_866552973694161_1213022480923361280_n.jpg",720,960,false],"thumbnail":["https:\/\/biblioteka-milicz.pl\/wp-content\/uploads\/2022\/03\/61398318_866552973694161_1213022480923361280_n-150x150.jpg",150,150,true],"medium":["https:\/\/biblioteka-milicz.pl\/wp-content\/uploads\/2022\/03\/61398318_866552973694161_1213022480923361280_n-225x300.jpg",225,300,true],"medium_large":["https:\/\/biblioteka-milicz.pl\/wp-content\/uploads\/2022\/03\/61398318_866552973694161_1213022480923361280_n.jpg",720,960,false],"large":["https:\/\/biblioteka-milicz.pl\/wp-content\/uploads\/2022\/03\/61398318_866552973694161_1213022480923361280_n.jpg",720,960,false],"1536x1536":["https:\/\/biblioteka-milicz.pl\/wp-content\/uploads\/2022\/03\/61398318_866552973694161_1213022480923361280_n.jpg",720,960,false],"2048x2048":["https:\/\/biblioteka-milicz.pl\/wp-content\/uploads\/2022\/03\/61398318_866552973694161_1213022480923361280_n.jpg",720,960,false],"thumb-small":["https:\/\/biblioteka-milicz.pl\/wp-content\/uploads\/2022\/03\/61398318_866552973694161_1213022480923361280_n-80x80.jpg",80,80,true],"thumb-standard":["https:\/\/biblioteka-milicz.pl\/wp-content\/uploads\/2022\/03\/61398318_866552973694161_1213022480923361280_n-320x320.jpg",320,320,true],"thumb-medium":["https:\/\/biblioteka-milicz.pl\/wp-content\/uploads\/2022\/03\/61398318_866552973694161_1213022480923361280_n-520x245.jpg",520,245,true],"thumb-large":["https:\/\/biblioteka-milicz.pl\/wp-content\/uploads\/2022\/03\/61398318_866552973694161_1213022480923361280_n-720x340.jpg",720,340,true],"thumb-xlarge":["https:\/\/biblioteka-milicz.pl\/wp-content\/uploads\/2022\/03\/61398318_866552973694161_1213022480923361280_n-720x450.jpg",720,450,true],"thumb-xxlarge":["https:\/\/biblioteka-milicz.pl\/wp-content\/uploads\/2022\/03\/61398318_866552973694161_1213022480923361280_n-720x500.jpg",720,500,true]},"uagb_author_info":{"display_name":"admin","author_link":"https:\/\/biblioteka-milicz.pl\/index.php\/author\/admin\/"},"uagb_comment_info":0,"uagb_excerpt":"I znowu w bibliotece!!! Sze\u015bciolatki z Przedszkola Parafialnego w czwartkowe przedpo\u0142udnie odwiedzi\u0142y nasz Oddzia\u0142 Dzieci\u0119cy. Comiesi\u0119czne wizyty s\u0105 dla nas bardzo cenne, bo po pierwsze- ka\u017cdy przedszkolak utrwala sobie drog\u0119 do biblioteki, po drugie-&#46;&#46;&#46;","_links":{"self":[{"href":"https:\/\/biblioteka-milicz.pl\/index.php\/wp-json\/wp\/v2\/posts\/682","targetHints":{"allow":["GET"]}}],"collection":[{"href":"https:\/\/biblioteka-milicz.pl\/index.php\/wp-json\/wp\/v2\/posts"}],"about":[{"href":"https:\/\/biblioteka-milicz.pl\/index.php\/wp-json\/wp\/v2\/types\/post"}],"author":[{"embeddable":true,"href":"https:\/\/biblioteka-milicz.pl\/index.php\/wp-json\/wp\/v2\/users\/1"}],"replies":[{"embeddable":true,"href":"https:\/\/biblioteka-milicz.pl\/index.php\/wp-json\/wp\/v2\/comments?post=682"}],"version-history":[{"count":2,"href":"https:\/\/biblioteka-milicz.pl\/index.php\/wp-json\/wp\/v2\/posts\/682\/revisions"}],"predecessor-version":[{"id":2509,"href":"https:\/\/biblioteka-milicz.pl\/index.php\/wp-json\/wp\/v2\/posts\/682\/revisions\/2509"}],"wp:featuredmedia":[{"embeddable":true,"href":"https:\/\/biblioteka-milicz.pl\/index.php\/wp-json\/wp\/v2\/media\/683"}],"wp:attachment":[{"href":"https:\/\/biblioteka-milicz.pl\/index.php\/wp-json\/wp\/v2\/media?parent=682"}],"wp:term":[{"taxonomy":"category","embeddable":true,"href":"https:\/\/biblioteka-milicz.pl\/index.php\/wp-json\/wp\/v2\/categories?post=682"},{"taxonomy":"post_tag","embeddable":true,"href":"https:\/\/biblioteka-milicz.pl\/index.php\/wp-json\/wp\/v2\/tags?post=682"}],"curies":[{"name":"wp","href":"https:\/\/api.w.org\/{rel}","templated":true}]}}