{"id":649,"date":"2019-06-18T13:47:00","date_gmt":"2019-06-18T11:47:00","guid":{"rendered":"http:\/\/biblioteka-milicz.pl\/?p=649"},"modified":"2022-03-13T20:23:33","modified_gmt":"2022-03-13T19:23:33","slug":"wakacyjny-czas","status":"publish","type":"post","link":"https:\/\/biblioteka-milicz.pl\/index.php\/2019\/06\/18\/wakacyjny-czas\/","title":{"rendered":"Wakacyjny czas"},"content":{"rendered":"\n<p>Czas wakacyjnego wypoczynku nadchodzi wielkimi krokami. Dzi\u015b ostatnia grupa dzieci odwiedzi\u0142a nasz\u0105 fili\u0119 biblioteczn\u0105 w Su\u0142owie. G\u0142owy uczni\u00f3w zaj\u0119te s\u0105 ju\u017c wakacjami. Ksi\u0105\u017cki jednak przydadz\u0105 si\u0119 w tym czasie, ka\u017cdemu. Pomog\u0105 pokona\u0107 nud\u0119 deszczowych dni i sprawi\u0105, \u017ce prze\u017cyjemy wiele ciekawych przyg\u00f3d nie opuszczaj\u0105c zacisznego pokoju. Dzieci m\u00f3wi\u0142y o swoich planach i marzeniach wakacyjnych, a swoje wypowiedzi przela\u0142y na papier, tworz\u0105c pi\u0119kne prace plastyczne.<\/p>\n\n\n\n<figure class=\"wp-block-gallery has-nested-images columns-default is-cropped wp-block-gallery-1 is-layout-flex wp-block-gallery-is-layout-flex\">\n<figure class=\"wp-block-image size-large\"><img loading=\"lazy\" decoding=\"async\" width=\"750\" height=\"422\" data-id=\"2393\" src=\"http:\/\/biblioteka-milicz.pl\/wp-content\/uploads\/2022\/03\/64641981_884354071914051_3386469399501209600_n-2.jpg\" alt=\"\" class=\"wp-image-2393\" srcset=\"https:\/\/biblioteka-milicz.pl\/wp-content\/uploads\/2022\/03\/64641981_884354071914051_3386469399501209600_n-2.jpg 750w, https:\/\/biblioteka-milicz.pl\/wp-content\/uploads\/2022\/03\/64641981_884354071914051_3386469399501209600_n-2-300x169.jpg 300w\" sizes=\"auto, (max-width: 750px) 100vw, 750px\" \/><\/figure>\n<\/figure>\n","protected":false},"excerpt":{"rendered":"<p>Czas wakacyjnego wypoczynku nadchodzi wielkimi krokami. Dzi\u015b ostatnia grupa dzieci odwiedzi\u0142a nasz\u0105 fili\u0119 biblioteczn\u0105 w Su\u0142owie. G\u0142owy uczni\u00f3w zaj\u0119te s\u0105 ju\u017c wakacjami. Ksi\u0105\u017cki jednak przydadz\u0105 si\u0119 w tym czasie, ka\u017cdemu. Pomog\u0105 pokona\u0107 nud\u0119 deszczowych&#46;&#46;&#46;<\/p>\n","protected":false},"author":1,"featured_media":650,"comment_status":"closed","ping_status":"open","sticky":false,"template":"","format":"standard","meta":{"_uag_custom_page_level_css":"","footnotes":""},"categories":[3],"tags":[],"class_list":["post-649","post","type-post","status-publish","format-standard","has-post-thumbnail","hentry","category-aktualnosci"],"uagb_featured_image_src":{"full":["https:\/\/biblioteka-milicz.pl\/wp-content\/uploads\/2022\/03\/64641981_884354071914051_3386469399501209600_n.jpg",750,422,false],"thumbnail":["https:\/\/biblioteka-milicz.pl\/wp-content\/uploads\/2022\/03\/64641981_884354071914051_3386469399501209600_n-150x150.jpg",150,150,true],"medium":["https:\/\/biblioteka-milicz.pl\/wp-content\/uploads\/2022\/03\/64641981_884354071914051_3386469399501209600_n-300x169.jpg",300,169,true],"medium_large":["https:\/\/biblioteka-milicz.pl\/wp-content\/uploads\/2022\/03\/64641981_884354071914051_3386469399501209600_n.jpg",750,422,false],"large":["https:\/\/biblioteka-milicz.pl\/wp-content\/uploads\/2022\/03\/64641981_884354071914051_3386469399501209600_n.jpg",750,422,false],"1536x1536":["https:\/\/biblioteka-milicz.pl\/wp-content\/uploads\/2022\/03\/64641981_884354071914051_3386469399501209600_n.jpg",750,422,false],"2048x2048":["https:\/\/biblioteka-milicz.pl\/wp-content\/uploads\/2022\/03\/64641981_884354071914051_3386469399501209600_n.jpg",750,422,false],"thumb-small":["https:\/\/biblioteka-milicz.pl\/wp-content\/uploads\/2022\/03\/64641981_884354071914051_3386469399501209600_n-80x80.jpg",80,80,true],"thumb-standard":["https:\/\/biblioteka-milicz.pl\/wp-content\/uploads\/2022\/03\/64641981_884354071914051_3386469399501209600_n-320x320.jpg",320,320,true],"thumb-medium":["https:\/\/biblioteka-milicz.pl\/wp-content\/uploads\/2022\/03\/64641981_884354071914051_3386469399501209600_n-520x245.jpg",520,245,true],"thumb-large":["https:\/\/biblioteka-milicz.pl\/wp-content\/uploads\/2022\/03\/64641981_884354071914051_3386469399501209600_n-720x340.jpg",720,340,true],"thumb-xlarge":["https:\/\/biblioteka-milicz.pl\/wp-content\/uploads\/2022\/03\/64641981_884354071914051_3386469399501209600_n.jpg",750,422,false],"thumb-xxlarge":["https:\/\/biblioteka-milicz.pl\/wp-content\/uploads\/2022\/03\/64641981_884354071914051_3386469399501209600_n.jpg",750,422,false]},"uagb_author_info":{"display_name":"admin","author_link":"https:\/\/biblioteka-milicz.pl\/index.php\/author\/admin\/"},"uagb_comment_info":0,"uagb_excerpt":"Czas wakacyjnego wypoczynku nadchodzi wielkimi krokami. Dzi\u015b ostatnia grupa dzieci odwiedzi\u0142a nasz\u0105 fili\u0119 biblioteczn\u0105 w Su\u0142owie. G\u0142owy uczni\u00f3w zaj\u0119te s\u0105 ju\u017c wakacjami. Ksi\u0105\u017cki jednak przydadz\u0105 si\u0119 w tym czasie, ka\u017cdemu. Pomog\u0105 pokona\u0107 nud\u0119 deszczowych&#46;&#46;&#46;","_links":{"self":[{"href":"https:\/\/biblioteka-milicz.pl\/index.php\/wp-json\/wp\/v2\/posts\/649","targetHints":{"allow":["GET"]}}],"collection":[{"href":"https:\/\/biblioteka-milicz.pl\/index.php\/wp-json\/wp\/v2\/posts"}],"about":[{"href":"https:\/\/biblioteka-milicz.pl\/index.php\/wp-json\/wp\/v2\/types\/post"}],"author":[{"embeddable":true,"href":"https:\/\/biblioteka-milicz.pl\/index.php\/wp-json\/wp\/v2\/users\/1"}],"replies":[{"embeddable":true,"href":"https:\/\/biblioteka-milicz.pl\/index.php\/wp-json\/wp\/v2\/comments?post=649"}],"version-history":[{"count":2,"href":"https:\/\/biblioteka-milicz.pl\/index.php\/wp-json\/wp\/v2\/posts\/649\/revisions"}],"predecessor-version":[{"id":2394,"href":"https:\/\/biblioteka-milicz.pl\/index.php\/wp-json\/wp\/v2\/posts\/649\/revisions\/2394"}],"wp:featuredmedia":[{"embeddable":true,"href":"https:\/\/biblioteka-milicz.pl\/index.php\/wp-json\/wp\/v2\/media\/650"}],"wp:attachment":[{"href":"https:\/\/biblioteka-milicz.pl\/index.php\/wp-json\/wp\/v2\/media?parent=649"}],"wp:term":[{"taxonomy":"category","embeddable":true,"href":"https:\/\/biblioteka-milicz.pl\/index.php\/wp-json\/wp\/v2\/categories?post=649"},{"taxonomy":"post_tag","embeddable":true,"href":"https:\/\/biblioteka-milicz.pl\/index.php\/wp-json\/wp\/v2\/tags?post=649"}],"curies":[{"name":"wp","href":"https:\/\/api.w.org\/{rel}","templated":true}]}}