{"id":646,"date":"2019-06-18T13:46:00","date_gmt":"2019-06-18T11:46:00","guid":{"rendered":"http:\/\/biblioteka-milicz.pl\/?p=646"},"modified":"2022-03-13T20:22:33","modified_gmt":"2022-03-13T19:22:33","slug":"przed-wakacyjne-poranki-czytanek","status":"publish","type":"post","link":"https:\/\/biblioteka-milicz.pl\/index.php\/2019\/06\/18\/przed-wakacyjne-poranki-czytanek\/","title":{"rendered":"Przed wakacyjne poranki czytanek"},"content":{"rendered":"\n<p>18 czerwca, w zaprzyja\u017anionym z bibliotek\u0105 su\u0142owskim przedszkolu, odby\u0142a si\u0119 uroczysto\u015b\u0107 po\u017cegnania starszak\u00f3w. Przez ca\u0142y rok odbywa\u0142y si\u0119 tutaj \u201ePoranki Czytanek\u201d. Dlatego, kiedy 5-latki \u017cegna\u0142y si\u0119 z grup\u0105, nie mog\u0142o nas przy tym zabrakn\u0105\u0107. \u017byczymy wszystkim przedszkolakom udanych wakacji i dobrego startu w szkoln\u0105 rzeczywisto\u015b\u0107. Dodatkiem do \u017cycze\u0144 by\u0142y s\u0142odko\u015bci, kt\u00f3re jak wiadomo s\u0105 najlepsze na ma\u0142e i wi\u0119ksze smuteczki. Dzi\u0119kujemy za podzi\u0119kowanie i kwiaty, kt\u00f3re Biblioteka otrzyma\u0142a od Pa\u0144 i ich wychowank\u00f3w.<\/p>\n\n\n\n<figure class=\"wp-block-gallery has-nested-images columns-default is-cropped wp-block-gallery-1 is-layout-flex wp-block-gallery-is-layout-flex\">\n<figure class=\"wp-block-image size-large\"><img loading=\"lazy\" decoding=\"async\" width=\"750\" height=\"422\" data-id=\"2391\" src=\"http:\/\/biblioteka-milicz.pl\/wp-content\/uploads\/2022\/03\/64463396_884350201914438_8378644921413795840_n-1.jpg\" alt=\"\" class=\"wp-image-2391\" srcset=\"https:\/\/biblioteka-milicz.pl\/wp-content\/uploads\/2022\/03\/64463396_884350201914438_8378644921413795840_n-1.jpg 750w, https:\/\/biblioteka-milicz.pl\/wp-content\/uploads\/2022\/03\/64463396_884350201914438_8378644921413795840_n-1-300x169.jpg 300w\" sizes=\"auto, (max-width: 750px) 100vw, 750px\" \/><\/figure>\n\n\n\n<figure class=\"wp-block-image size-large\"><img loading=\"lazy\" decoding=\"async\" width=\"540\" height=\"960\" data-id=\"2390\" src=\"http:\/\/biblioteka-milicz.pl\/wp-content\/uploads\/2022\/03\/64655338_884350208581104_8583405863752957952_n.jpg\" alt=\"\" class=\"wp-image-2390\" srcset=\"https:\/\/biblioteka-milicz.pl\/wp-content\/uploads\/2022\/03\/64655338_884350208581104_8583405863752957952_n.jpg 540w, https:\/\/biblioteka-milicz.pl\/wp-content\/uploads\/2022\/03\/64655338_884350208581104_8583405863752957952_n-169x300.jpg 169w\" sizes=\"auto, (max-width: 540px) 100vw, 540px\" \/><\/figure>\n<\/figure>\n","protected":false},"excerpt":{"rendered":"<p>18 czerwca, w zaprzyja\u017anionym z bibliotek\u0105 su\u0142owskim przedszkolu, odby\u0142a si\u0119 uroczysto\u015b\u0107 po\u017cegnania starszak\u00f3w. Przez ca\u0142y rok odbywa\u0142y si\u0119 tutaj \u201ePoranki Czytanek\u201d. Dlatego, kiedy 5-latki \u017cegna\u0142y si\u0119 z grup\u0105, nie mog\u0142o nas przy tym zabrakn\u0105\u0107.&#46;&#46;&#46;<\/p>\n","protected":false},"author":1,"featured_media":647,"comment_status":"closed","ping_status":"open","sticky":false,"template":"","format":"standard","meta":{"_uag_custom_page_level_css":"","footnotes":""},"categories":[3],"tags":[],"class_list":["post-646","post","type-post","status-publish","format-standard","has-post-thumbnail","hentry","category-aktualnosci"],"uagb_featured_image_src":{"full":["https:\/\/biblioteka-milicz.pl\/wp-content\/uploads\/2022\/03\/64463396_884350201914438_8378644921413795840_n.jpg",750,422,false],"thumbnail":["https:\/\/biblioteka-milicz.pl\/wp-content\/uploads\/2022\/03\/64463396_884350201914438_8378644921413795840_n-150x150.jpg",150,150,true],"medium":["https:\/\/biblioteka-milicz.pl\/wp-content\/uploads\/2022\/03\/64463396_884350201914438_8378644921413795840_n-300x169.jpg",300,169,true],"medium_large":["https:\/\/biblioteka-milicz.pl\/wp-content\/uploads\/2022\/03\/64463396_884350201914438_8378644921413795840_n.jpg",750,422,false],"large":["https:\/\/biblioteka-milicz.pl\/wp-content\/uploads\/2022\/03\/64463396_884350201914438_8378644921413795840_n.jpg",750,422,false],"1536x1536":["https:\/\/biblioteka-milicz.pl\/wp-content\/uploads\/2022\/03\/64463396_884350201914438_8378644921413795840_n.jpg",750,422,false],"2048x2048":["https:\/\/biblioteka-milicz.pl\/wp-content\/uploads\/2022\/03\/64463396_884350201914438_8378644921413795840_n.jpg",750,422,false],"thumb-small":["https:\/\/biblioteka-milicz.pl\/wp-content\/uploads\/2022\/03\/64463396_884350201914438_8378644921413795840_n-80x80.jpg",80,80,true],"thumb-standard":["https:\/\/biblioteka-milicz.pl\/wp-content\/uploads\/2022\/03\/64463396_884350201914438_8378644921413795840_n-320x320.jpg",320,320,true],"thumb-medium":["https:\/\/biblioteka-milicz.pl\/wp-content\/uploads\/2022\/03\/64463396_884350201914438_8378644921413795840_n-520x245.jpg",520,245,true],"thumb-large":["https:\/\/biblioteka-milicz.pl\/wp-content\/uploads\/2022\/03\/64463396_884350201914438_8378644921413795840_n-720x340.jpg",720,340,true],"thumb-xlarge":["https:\/\/biblioteka-milicz.pl\/wp-content\/uploads\/2022\/03\/64463396_884350201914438_8378644921413795840_n.jpg",750,422,false],"thumb-xxlarge":["https:\/\/biblioteka-milicz.pl\/wp-content\/uploads\/2022\/03\/64463396_884350201914438_8378644921413795840_n.jpg",750,422,false]},"uagb_author_info":{"display_name":"admin","author_link":"https:\/\/biblioteka-milicz.pl\/index.php\/author\/admin\/"},"uagb_comment_info":0,"uagb_excerpt":"18 czerwca, w zaprzyja\u017anionym z bibliotek\u0105 su\u0142owskim przedszkolu, odby\u0142a si\u0119 uroczysto\u015b\u0107 po\u017cegnania starszak\u00f3w. Przez ca\u0142y rok odbywa\u0142y si\u0119 tutaj \u201ePoranki Czytanek\u201d. Dlatego, kiedy 5-latki \u017cegna\u0142y si\u0119 z grup\u0105, nie mog\u0142o nas przy tym zabrakn\u0105\u0107.&#46;&#46;&#46;","_links":{"self":[{"href":"https:\/\/biblioteka-milicz.pl\/index.php\/wp-json\/wp\/v2\/posts\/646","targetHints":{"allow":["GET"]}}],"collection":[{"href":"https:\/\/biblioteka-milicz.pl\/index.php\/wp-json\/wp\/v2\/posts"}],"about":[{"href":"https:\/\/biblioteka-milicz.pl\/index.php\/wp-json\/wp\/v2\/types\/post"}],"author":[{"embeddable":true,"href":"https:\/\/biblioteka-milicz.pl\/index.php\/wp-json\/wp\/v2\/users\/1"}],"replies":[{"embeddable":true,"href":"https:\/\/biblioteka-milicz.pl\/index.php\/wp-json\/wp\/v2\/comments?post=646"}],"version-history":[{"count":2,"href":"https:\/\/biblioteka-milicz.pl\/index.php\/wp-json\/wp\/v2\/posts\/646\/revisions"}],"predecessor-version":[{"id":2392,"href":"https:\/\/biblioteka-milicz.pl\/index.php\/wp-json\/wp\/v2\/posts\/646\/revisions\/2392"}],"wp:featuredmedia":[{"embeddable":true,"href":"https:\/\/biblioteka-milicz.pl\/index.php\/wp-json\/wp\/v2\/media\/647"}],"wp:attachment":[{"href":"https:\/\/biblioteka-milicz.pl\/index.php\/wp-json\/wp\/v2\/media?parent=646"}],"wp:term":[{"taxonomy":"category","embeddable":true,"href":"https:\/\/biblioteka-milicz.pl\/index.php\/wp-json\/wp\/v2\/categories?post=646"},{"taxonomy":"post_tag","embeddable":true,"href":"https:\/\/biblioteka-milicz.pl\/index.php\/wp-json\/wp\/v2\/tags?post=646"}],"curies":[{"name":"wp","href":"https:\/\/api.w.org\/{rel}","templated":true}]}}