{"id":6310,"date":"2025-05-07T13:08:37","date_gmt":"2025-05-07T11:08:37","guid":{"rendered":"https:\/\/biblioteka-milicz.pl\/?p=6310"},"modified":"2025-06-20T13:15:08","modified_gmt":"2025-06-20T11:15:08","slug":"z-wizyta-w-bibliotece-zaczarowany-swiat-bajek-dla-smerfow-i-promyczkow","status":"publish","type":"post","link":"https:\/\/biblioteka-milicz.pl\/index.php\/2025\/05\/07\/z-wizyta-w-bibliotece-zaczarowany-swiat-bajek-dla-smerfow-i-promyczkow\/","title":{"rendered":"Z wizyt\u0105 w bibliotece \u2013 zaczarowany \u015bwiat bajek dla &#8222;Smerf\u00f3w&#8221; i &#8222;Promyczk\u00f3w&#8221;"},"content":{"rendered":"\n<p>We wtorek, 7 maja, Oddzia\u0142 Dzieci\u0119cy naszej biblioteki t\u0119tni\u0142 wyj\u0105tkow\u0105 rado\u015bci\u0105 i kolorami. Odwiedzi\u0142y nas grupy <strong>\u201eSmerfy\u201d i \u201ePromyczki\u201d<\/strong> z <strong>Przedszkola Specjalnego przy Milickim Stowarzyszeniu Przyjaci\u00f3\u0142 Dzieci i Os\u00f3b Niepe\u0142nosprawnych<\/strong>.<\/p>\n\n\n\n<p>Dzieci z ogromnym zaciekawieniem odkrywa\u0142y \u015bwiat ksi\u0105\u017cek \u2013 przegl\u0105da\u0142y kolorowe, bogato ilustrowane bajeczki, wymienia\u0142y si\u0119 nimi i z uwag\u0105 s\u0142ucha\u0142y tych, kt\u00f3re specjalnie dla nich wybrali\u015bmy. Wielobarwny \u015bwiat literatury wywo\u0142a\u0142 szerokie u\u015bmiechy i pobudzi\u0142 wyobra\u017ani\u0119 naszych ma\u0142ych go\u015bci.<\/p>\n\n\n\n<p>Po wsp\u00f3lnym czytaniu przedszkolaki z r\u00f3wnie du\u017cym entuzjazmem zainteresowa\u0142y si\u0119 koszem z zabawkami, co tylko doda\u0142o spotkaniu energii i dzieci\u0119cej rado\u015bci. By\u0142o kolorowo, weso\u0142o i \u2013 co dla nas najwa\u017cniejsze \u2013 bardzo ciekawie! Najlepszym dowodem na to by\u0142o to, \u017ce dzieci&#8230; nie chcia\u0142y od nas wychodzi\u0107.<\/p>\n\n\n\n<p>Serdecznie dzi\u0119kujemy Paniom za zorganizowanie wizyty i za mo\u017cliwo\u015b\u0107 zaprezentowania dzieciom, jak pi\u0119kny, pe\u0142en barw i niezwyk\u0142o\u015bci jest \u015bwiat ksi\u0105\u017cek.<br>Ju\u017c teraz z niecierpliwo\u015bci\u0105 czekamy na kolejne odwiedziny!<\/p>\n\n\n\n<figure class=\"wp-block-gallery has-nested-images columns-default is-cropped wp-block-gallery-1 is-layout-flex wp-block-gallery-is-layout-flex\">\n<figure class=\"wp-block-image size-large\"><img loading=\"lazy\" decoding=\"async\" width=\"768\" height=\"1024\" data-id=\"6330\" src=\"https:\/\/biblioteka-milicz.pl\/wp-content\/uploads\/2025\/06\/495205437_1090797119752939_8186599776473992450_n-1-768x1024.jpg\" alt=\"\" class=\"wp-image-6330\" srcset=\"https:\/\/biblioteka-milicz.pl\/wp-content\/uploads\/2025\/06\/495205437_1090797119752939_8186599776473992450_n-1-768x1024.jpg 768w, https:\/\/biblioteka-milicz.pl\/wp-content\/uploads\/2025\/06\/495205437_1090797119752939_8186599776473992450_n-1-225x300.jpg 225w, https:\/\/biblioteka-milicz.pl\/wp-content\/uploads\/2025\/06\/495205437_1090797119752939_8186599776473992450_n-1-1152x1536.jpg 1152w, https:\/\/biblioteka-milicz.pl\/wp-content\/uploads\/2025\/06\/495205437_1090797119752939_8186599776473992450_n-1.jpg 1536w\" sizes=\"auto, (max-width: 768px) 100vw, 768px\" \/><\/figure>\n\n\n\n<figure class=\"wp-block-image size-large\"><img loading=\"lazy\" decoding=\"async\" width=\"768\" height=\"1024\" data-id=\"6325\" src=\"https:\/\/biblioteka-milicz.pl\/wp-content\/uploads\/2025\/06\/495443396_1090797686419549_125014309983415240_n-1-768x1024.jpg\" alt=\"\" class=\"wp-image-6325\" srcset=\"https:\/\/biblioteka-milicz.pl\/wp-content\/uploads\/2025\/06\/495443396_1090797686419549_125014309983415240_n-1-768x1024.jpg 768w, https:\/\/biblioteka-milicz.pl\/wp-content\/uploads\/2025\/06\/495443396_1090797686419549_125014309983415240_n-1-225x300.jpg 225w, https:\/\/biblioteka-milicz.pl\/wp-content\/uploads\/2025\/06\/495443396_1090797686419549_125014309983415240_n-1-1152x1536.jpg 1152w, https:\/\/biblioteka-milicz.pl\/wp-content\/uploads\/2025\/06\/495443396_1090797686419549_125014309983415240_n-1.jpg 1536w\" sizes=\"auto, (max-width: 768px) 100vw, 768px\" \/><\/figure>\n\n\n\n<figure class=\"wp-block-image size-large\"><img loading=\"lazy\" decoding=\"async\" width=\"768\" height=\"1024\" data-id=\"6329\" src=\"https:\/\/biblioteka-milicz.pl\/wp-content\/uploads\/2025\/06\/495377357_1090797583086226_4452858190800901483_n-1-768x1024.jpg\" alt=\"\" class=\"wp-image-6329\" srcset=\"https:\/\/biblioteka-milicz.pl\/wp-content\/uploads\/2025\/06\/495377357_1090797583086226_4452858190800901483_n-1-768x1024.jpg 768w, https:\/\/biblioteka-milicz.pl\/wp-content\/uploads\/2025\/06\/495377357_1090797583086226_4452858190800901483_n-1-225x300.jpg 225w, https:\/\/biblioteka-milicz.pl\/wp-content\/uploads\/2025\/06\/495377357_1090797583086226_4452858190800901483_n-1-1152x1536.jpg 1152w, https:\/\/biblioteka-milicz.pl\/wp-content\/uploads\/2025\/06\/495377357_1090797583086226_4452858190800901483_n-1.jpg 1536w\" sizes=\"auto, (max-width: 768px) 100vw, 768px\" \/><\/figure>\n\n\n\n<figure class=\"wp-block-image size-large\"><img loading=\"lazy\" decoding=\"async\" width=\"1024\" height=\"768\" data-id=\"6322\" src=\"https:\/\/biblioteka-milicz.pl\/wp-content\/uploads\/2025\/06\/495157076_1090797219752929_8921067317931590736_n-1-1024x768.jpg\" alt=\"\" class=\"wp-image-6322\" srcset=\"https:\/\/biblioteka-milicz.pl\/wp-content\/uploads\/2025\/06\/495157076_1090797219752929_8921067317931590736_n-1-1024x768.jpg 1024w, https:\/\/biblioteka-milicz.pl\/wp-content\/uploads\/2025\/06\/495157076_1090797219752929_8921067317931590736_n-1-300x225.jpg 300w, https:\/\/biblioteka-milicz.pl\/wp-content\/uploads\/2025\/06\/495157076_1090797219752929_8921067317931590736_n-1-768x576.jpg 768w, https:\/\/biblioteka-milicz.pl\/wp-content\/uploads\/2025\/06\/495157076_1090797219752929_8921067317931590736_n-1-1536x1152.jpg 1536w, https:\/\/biblioteka-milicz.pl\/wp-content\/uploads\/2025\/06\/495157076_1090797219752929_8921067317931590736_n-1.jpg 2048w\" sizes=\"auto, (max-width: 1024px) 100vw, 1024px\" \/><\/figure>\n\n\n\n<figure class=\"wp-block-image size-large\"><img loading=\"lazy\" decoding=\"async\" width=\"1024\" height=\"768\" data-id=\"6333\" src=\"https:\/\/biblioteka-milicz.pl\/wp-content\/uploads\/2025\/06\/495386628_1090798379752813_2164503545112333615_n-1-1024x768.jpg\" alt=\"\" class=\"wp-image-6333\" srcset=\"https:\/\/biblioteka-milicz.pl\/wp-content\/uploads\/2025\/06\/495386628_1090798379752813_2164503545112333615_n-1-1024x768.jpg 1024w, https:\/\/biblioteka-milicz.pl\/wp-content\/uploads\/2025\/06\/495386628_1090798379752813_2164503545112333615_n-1-300x225.jpg 300w, https:\/\/biblioteka-milicz.pl\/wp-content\/uploads\/2025\/06\/495386628_1090798379752813_2164503545112333615_n-1-768x576.jpg 768w, https:\/\/biblioteka-milicz.pl\/wp-content\/uploads\/2025\/06\/495386628_1090798379752813_2164503545112333615_n-1-1536x1152.jpg 1536w, https:\/\/biblioteka-milicz.pl\/wp-content\/uploads\/2025\/06\/495386628_1090798379752813_2164503545112333615_n-1.jpg 2048w\" sizes=\"auto, (max-width: 1024px) 100vw, 1024px\" \/><\/figure>\n\n\n\n<figure class=\"wp-block-image size-large\"><img loading=\"lazy\" decoding=\"async\" width=\"1024\" height=\"768\" data-id=\"6326\" src=\"https:\/\/biblioteka-milicz.pl\/wp-content\/uploads\/2025\/06\/495509710_1090797299752921_8789153354315810125_n-1-1024x768.jpg\" alt=\"\" class=\"wp-image-6326\" srcset=\"https:\/\/biblioteka-milicz.pl\/wp-content\/uploads\/2025\/06\/495509710_1090797299752921_8789153354315810125_n-1-1024x768.jpg 1024w, https:\/\/biblioteka-milicz.pl\/wp-content\/uploads\/2025\/06\/495509710_1090797299752921_8789153354315810125_n-1-300x225.jpg 300w, https:\/\/biblioteka-milicz.pl\/wp-content\/uploads\/2025\/06\/495509710_1090797299752921_8789153354315810125_n-1-768x576.jpg 768w, https:\/\/biblioteka-milicz.pl\/wp-content\/uploads\/2025\/06\/495509710_1090797299752921_8789153354315810125_n-1-1536x1152.jpg 1536w, https:\/\/biblioteka-milicz.pl\/wp-content\/uploads\/2025\/06\/495509710_1090797299752921_8789153354315810125_n-1.jpg 2048w\" sizes=\"auto, (max-width: 1024px) 100vw, 1024px\" \/><\/figure>\n\n\n\n<figure class=\"wp-block-image size-large\"><img loading=\"lazy\" decoding=\"async\" width=\"963\" height=\"1024\" data-id=\"6332\" src=\"https:\/\/biblioteka-milicz.pl\/wp-content\/uploads\/2025\/06\/495398340_1090796783086306_776439447728588210_n-1-963x1024.jpg\" alt=\"\" class=\"wp-image-6332\" srcset=\"https:\/\/biblioteka-milicz.pl\/wp-content\/uploads\/2025\/06\/495398340_1090796783086306_776439447728588210_n-1-963x1024.jpg 963w, https:\/\/biblioteka-milicz.pl\/wp-content\/uploads\/2025\/06\/495398340_1090796783086306_776439447728588210_n-1-282x300.jpg 282w, https:\/\/biblioteka-milicz.pl\/wp-content\/uploads\/2025\/06\/495398340_1090796783086306_776439447728588210_n-1-768x817.jpg 768w, https:\/\/biblioteka-milicz.pl\/wp-content\/uploads\/2025\/06\/495398340_1090796783086306_776439447728588210_n-1-1445x1536.jpg 1445w, https:\/\/biblioteka-milicz.pl\/wp-content\/uploads\/2025\/06\/495398340_1090796783086306_776439447728588210_n-1.jpg 1926w\" sizes=\"auto, (max-width: 963px) 100vw, 963px\" \/><\/figure>\n\n\n\n<figure class=\"wp-block-image size-large\"><img loading=\"lazy\" decoding=\"async\" width=\"1024\" height=\"768\" data-id=\"6328\" src=\"https:\/\/biblioteka-milicz.pl\/wp-content\/uploads\/2025\/06\/496223512_1090798633086121_4255425854328905453_n-1-1024x768.jpg\" alt=\"\" class=\"wp-image-6328\" srcset=\"https:\/\/biblioteka-milicz.pl\/wp-content\/uploads\/2025\/06\/496223512_1090798633086121_4255425854328905453_n-1-1024x768.jpg 1024w, https:\/\/biblioteka-milicz.pl\/wp-content\/uploads\/2025\/06\/496223512_1090798633086121_4255425854328905453_n-1-300x225.jpg 300w, https:\/\/biblioteka-milicz.pl\/wp-content\/uploads\/2025\/06\/496223512_1090798633086121_4255425854328905453_n-1-768x576.jpg 768w, https:\/\/biblioteka-milicz.pl\/wp-content\/uploads\/2025\/06\/496223512_1090798633086121_4255425854328905453_n-1-1536x1152.jpg 1536w, https:\/\/biblioteka-milicz.pl\/wp-content\/uploads\/2025\/06\/496223512_1090798633086121_4255425854328905453_n-1.jpg 2048w\" sizes=\"auto, (max-width: 1024px) 100vw, 1024px\" \/><\/figure>\n\n\n\n<figure class=\"wp-block-image size-large\"><img loading=\"lazy\" decoding=\"async\" width=\"1024\" height=\"839\" data-id=\"6331\" src=\"https:\/\/biblioteka-milicz.pl\/wp-content\/uploads\/2025\/06\/496149175_1090797939752857_250125422613351533_n-1-1024x839.jpg\" alt=\"\" class=\"wp-image-6331\" srcset=\"https:\/\/biblioteka-milicz.pl\/wp-content\/uploads\/2025\/06\/496149175_1090797939752857_250125422613351533_n-1-1024x839.jpg 1024w, https:\/\/biblioteka-milicz.pl\/wp-content\/uploads\/2025\/06\/496149175_1090797939752857_250125422613351533_n-1-300x246.jpg 300w, https:\/\/biblioteka-milicz.pl\/wp-content\/uploads\/2025\/06\/496149175_1090797939752857_250125422613351533_n-1-768x629.jpg 768w, https:\/\/biblioteka-milicz.pl\/wp-content\/uploads\/2025\/06\/496149175_1090797939752857_250125422613351533_n-1-1536x1259.jpg 1536w, https:\/\/biblioteka-milicz.pl\/wp-content\/uploads\/2025\/06\/496149175_1090797939752857_250125422613351533_n-1.jpg 2048w\" sizes=\"auto, (max-width: 1024px) 100vw, 1024px\" \/><\/figure>\n<\/figure>\n","protected":false},"excerpt":{"rendered":"<p>We wtorek, 7 maja, Oddzia\u0142 Dzieci\u0119cy naszej biblioteki t\u0119tni\u0142 wyj\u0105tkow\u0105 rado\u015bci\u0105 i kolorami. Odwiedzi\u0142y nas grupy \u201eSmerfy\u201d i \u201ePromyczki\u201d z Przedszkola Specjalnego przy Milickim Stowarzyszeniu Przyjaci\u00f3\u0142 Dzieci i Os\u00f3b Niepe\u0142nosprawnych. Dzieci z ogromnym zaciekawieniem&#46;&#46;&#46;<\/p>\n","protected":false},"author":2,"featured_media":6328,"comment_status":"closed","ping_status":"closed","sticky":false,"template":"","format":"standard","meta":{"_uag_custom_page_level_css":"","footnotes":""},"categories":[3],"tags":[],"class_list":["post-6310","post","type-post","status-publish","format-standard","has-post-thumbnail","hentry","category-aktualnosci"],"uagb_featured_image_src":{"full":["https:\/\/biblioteka-milicz.pl\/wp-content\/uploads\/2025\/06\/496223512_1090798633086121_4255425854328905453_n-1.jpg",2048,1536,false],"thumbnail":["https:\/\/biblioteka-milicz.pl\/wp-content\/uploads\/2025\/06\/496223512_1090798633086121_4255425854328905453_n-1-150x150.jpg",150,150,true],"medium":["https:\/\/biblioteka-milicz.pl\/wp-content\/uploads\/2025\/06\/496223512_1090798633086121_4255425854328905453_n-1-300x225.jpg",300,225,true],"medium_large":["https:\/\/biblioteka-milicz.pl\/wp-content\/uploads\/2025\/06\/496223512_1090798633086121_4255425854328905453_n-1-768x576.jpg",768,576,true],"large":["https:\/\/biblioteka-milicz.pl\/wp-content\/uploads\/2025\/06\/496223512_1090798633086121_4255425854328905453_n-1-1024x768.jpg",1024,768,true],"1536x1536":["https:\/\/biblioteka-milicz.pl\/wp-content\/uploads\/2025\/06\/496223512_1090798633086121_4255425854328905453_n-1-1536x1152.jpg",1536,1152,true],"2048x2048":["https:\/\/biblioteka-milicz.pl\/wp-content\/uploads\/2025\/06\/496223512_1090798633086121_4255425854328905453_n-1.jpg",2048,1536,false],"thumb-small":["https:\/\/biblioteka-milicz.pl\/wp-content\/uploads\/2025\/06\/496223512_1090798633086121_4255425854328905453_n-1-80x80.jpg",80,80,true],"thumb-standard":["https:\/\/biblioteka-milicz.pl\/wp-content\/uploads\/2025\/06\/496223512_1090798633086121_4255425854328905453_n-1-320x320.jpg",320,320,true],"thumb-medium":["https:\/\/biblioteka-milicz.pl\/wp-content\/uploads\/2025\/06\/496223512_1090798633086121_4255425854328905453_n-1-520x245.jpg",520,245,true],"thumb-large":["https:\/\/biblioteka-milicz.pl\/wp-content\/uploads\/2025\/06\/496223512_1090798633086121_4255425854328905453_n-1-720x340.jpg",720,340,true],"thumb-xlarge":["https:\/\/biblioteka-milicz.pl\/wp-content\/uploads\/2025\/06\/496223512_1090798633086121_4255425854328905453_n-1-980x450.jpg",980,450,true],"thumb-xxlarge":["https:\/\/biblioteka-milicz.pl\/wp-content\/uploads\/2025\/06\/496223512_1090798633086121_4255425854328905453_n-1-1320x500.jpg",1320,500,true]},"uagb_author_info":{"display_name":"Marlena Grodzi\u0144ska","author_link":"https:\/\/biblioteka-milicz.pl\/index.php\/author\/marlena\/"},"uagb_comment_info":0,"uagb_excerpt":"We wtorek, 7 maja, Oddzia\u0142 Dzieci\u0119cy naszej biblioteki t\u0119tni\u0142 wyj\u0105tkow\u0105 rado\u015bci\u0105 i kolorami. Odwiedzi\u0142y nas grupy \u201eSmerfy\u201d i \u201ePromyczki\u201d z Przedszkola Specjalnego przy Milickim Stowarzyszeniu Przyjaci\u00f3\u0142 Dzieci i Os\u00f3b Niepe\u0142nosprawnych. Dzieci z ogromnym zaciekawieniem&#46;&#46;&#46;","_links":{"self":[{"href":"https:\/\/biblioteka-milicz.pl\/index.php\/wp-json\/wp\/v2\/posts\/6310","targetHints":{"allow":["GET"]}}],"collection":[{"href":"https:\/\/biblioteka-milicz.pl\/index.php\/wp-json\/wp\/v2\/posts"}],"about":[{"href":"https:\/\/biblioteka-milicz.pl\/index.php\/wp-json\/wp\/v2\/types\/post"}],"author":[{"embeddable":true,"href":"https:\/\/biblioteka-milicz.pl\/index.php\/wp-json\/wp\/v2\/users\/2"}],"replies":[{"embeddable":true,"href":"https:\/\/biblioteka-milicz.pl\/index.php\/wp-json\/wp\/v2\/comments?post=6310"}],"version-history":[{"count":1,"href":"https:\/\/biblioteka-milicz.pl\/index.php\/wp-json\/wp\/v2\/posts\/6310\/revisions"}],"predecessor-version":[{"id":6334,"href":"https:\/\/biblioteka-milicz.pl\/index.php\/wp-json\/wp\/v2\/posts\/6310\/revisions\/6334"}],"wp:featuredmedia":[{"embeddable":true,"href":"https:\/\/biblioteka-milicz.pl\/index.php\/wp-json\/wp\/v2\/media\/6328"}],"wp:attachment":[{"href":"https:\/\/biblioteka-milicz.pl\/index.php\/wp-json\/wp\/v2\/media?parent=6310"}],"wp:term":[{"taxonomy":"category","embeddable":true,"href":"https:\/\/biblioteka-milicz.pl\/index.php\/wp-json\/wp\/v2\/categories?post=6310"},{"taxonomy":"post_tag","embeddable":true,"href":"https:\/\/biblioteka-milicz.pl\/index.php\/wp-json\/wp\/v2\/tags?post=6310"}],"curies":[{"name":"wp","href":"https:\/\/api.w.org\/{rel}","templated":true}]}}