{"id":6291,"date":"2025-05-06T12:48:48","date_gmt":"2025-05-06T10:48:48","guid":{"rendered":"https:\/\/biblioteka-milicz.pl\/?p=6291"},"modified":"2025-06-20T12:55:08","modified_gmt":"2025-06-20T10:55:08","slug":"dzien-walki-z-dyskryminacja-w-czatkowickiej-bibliotece","status":"publish","type":"post","link":"https:\/\/biblioteka-milicz.pl\/index.php\/2025\/05\/06\/dzien-walki-z-dyskryminacja-w-czatkowickiej-bibliotece\/","title":{"rendered":"Dzie\u0144 Walki z Dyskryminacj\u0105 w czatkowickiej bibliotece"},"content":{"rendered":"\n<p>W poniedzia\u0142ek, 5 maja, filia biblioteczna w Czatkowicach zamieni\u0142a si\u0119 w przestrze\u0144 wa\u017cnych rozm\u00f3w, empatii i otwarto\u015bci. Wszystko za spraw\u0105 wyj\u0105tkowych zaj\u0119\u0107 zorganizowanych z okazji <strong>Dnia Walki z Dyskryminacj\u0105 Os\u00f3b z Niepe\u0142nosprawno\u015bciami<\/strong>.<\/p>\n\n\n\n<p>Tego dnia nasz\u0105 bibliotek\u0119 odwiedzi\u0142y przedszkolaki, kt\u00f3re regularnie uczestnicz\u0105 w spotkaniach z ksi\u0105\u017ck\u0105. Tym razem jednak, opr\u00f3cz literackiej przygody, dzieci wzi\u0119\u0142y udzia\u0142 w rozmowie o r\u00f3\u017cnorodno\u015bci, akceptacji i wzajemnym szacunku.<\/p>\n\n\n\n<p>&nbsp;Zaj\u0119cia rozpocz\u0119\u0142y si\u0119 od wys\u0142uchania bajki <strong>\u201eNowy kolega, czyli dzieci niewidome s\u0105 w\u015br\u00f3d nas\u201d<\/strong> z serii o sympatycznym lisku Fenku. Dzi\u0119ki tej historii dzieci pozna\u0142y podstawowe informacje o niewidomych osobach, dowiedzia\u0142y si\u0119, czym jest alfabet Braille\u2019a i z wielkim zainteresowaniem pr\u00f3bowa\u0142y zapisa\u0107 w nim swoje imiona. By\u0142o to dla nich niema\u0142e wyzwanie, ale te\u017c ogromna frajda!<\/p>\n\n\n\n<p>Nast\u0119pnie przeczytali\u015bmy opowiadanie <strong>\u201eStella, Piku\u015b i tajemniczy kto\u015b\u201d<\/strong>, kt\u00f3re w przyst\u0119pny spos\u00f3b porusza temat widocznych niepe\u0142nosprawno\u015bci. Wsp\u00f3lna rozmowa, wsparta kolorowymi ilustracjami, pozwoli\u0142a dzieciom lepiej zrozumie\u0107, jak wa\u017cna jest \u017cyczliwo\u015b\u0107, wsparcie i otwarto\u015b\u0107 wobec os\u00f3b, kt\u00f3re w jaki\u015b spos\u00f3b si\u0119 od nas r\u00f3\u017cni\u0105.<\/p>\n\n\n\n<p>\u00a0Na zako\u0144czenie dzieci wykona\u0142y kolorowy plakat pe\u0142en pozytywnych emocji, kt\u00f3ry sta\u0142 si\u0119 wyrazem ich solidarno\u015bci z osobami z niepe\u0142nosprawno\u015bciami. Jak zawsze, by\u0142 te\u017c czas na wypo\u017cyczenie ksi\u0105\u017cek i chwil\u0119 swobodnej zabawy w\u015br\u00f3d bibliotecznych p\u00f3\u0142ek.<\/p>\n\n\n\n<p>Serdecznie dzi\u0119kujemy pani Paulinie za przygotowanie zaj\u0119\u0107 i wszystkim przedszkolakom za ich aktywno\u015b\u0107, zaanga\u017cowanie i pi\u0119kne postawy.<\/p>\n\n\n\n<p>Spotkania w bibliotece to nie tylko spotkania z literatur\u0105 \u2013 to r\u00f3wnie\u017c lekcje wra\u017cliwo\u015bci, zrozumienia i otwarto\u015bci na drugiego cz\u0142owieka.<\/p>\n\n\n\n<figure class=\"wp-block-gallery has-nested-images columns-default is-cropped wp-block-gallery-1 is-layout-flex wp-block-gallery-is-layout-flex\">\n<figure class=\"wp-block-image size-large\"><img loading=\"lazy\" decoding=\"async\" width=\"768\" height=\"1024\" data-id=\"6293\" src=\"https:\/\/biblioteka-milicz.pl\/wp-content\/uploads\/2025\/06\/495130830_1091019223064062_3382726200141533592_n-768x1024.jpg\" alt=\"\" class=\"wp-image-6293\" srcset=\"https:\/\/biblioteka-milicz.pl\/wp-content\/uploads\/2025\/06\/495130830_1091019223064062_3382726200141533592_n-768x1024.jpg 768w, https:\/\/biblioteka-milicz.pl\/wp-content\/uploads\/2025\/06\/495130830_1091019223064062_3382726200141533592_n-225x300.jpg 225w, https:\/\/biblioteka-milicz.pl\/wp-content\/uploads\/2025\/06\/495130830_1091019223064062_3382726200141533592_n-1152x1536.jpg 1152w, https:\/\/biblioteka-milicz.pl\/wp-content\/uploads\/2025\/06\/495130830_1091019223064062_3382726200141533592_n.jpg 1536w\" sizes=\"auto, (max-width: 768px) 100vw, 768px\" \/><\/figure>\n\n\n\n<figure class=\"wp-block-image size-large\"><img loading=\"lazy\" decoding=\"async\" width=\"768\" height=\"1024\" data-id=\"6297\" src=\"https:\/\/biblioteka-milicz.pl\/wp-content\/uploads\/2025\/06\/495358020_1091018966397421_4288523683897456120_n-768x1024.jpg\" alt=\"\" class=\"wp-image-6297\" srcset=\"https:\/\/biblioteka-milicz.pl\/wp-content\/uploads\/2025\/06\/495358020_1091018966397421_4288523683897456120_n-768x1024.jpg 768w, https:\/\/biblioteka-milicz.pl\/wp-content\/uploads\/2025\/06\/495358020_1091018966397421_4288523683897456120_n-225x300.jpg 225w, https:\/\/biblioteka-milicz.pl\/wp-content\/uploads\/2025\/06\/495358020_1091018966397421_4288523683897456120_n-1152x1536.jpg 1152w, https:\/\/biblioteka-milicz.pl\/wp-content\/uploads\/2025\/06\/495358020_1091018966397421_4288523683897456120_n.jpg 1536w\" sizes=\"auto, (max-width: 768px) 100vw, 768px\" \/><\/figure>\n\n\n\n<figure class=\"wp-block-image size-large\"><img loading=\"lazy\" decoding=\"async\" width=\"768\" height=\"1024\" data-id=\"6295\" src=\"https:\/\/biblioteka-milicz.pl\/wp-content\/uploads\/2025\/06\/495568699_1091019256397392_787556391028274488_n-768x1024.jpg\" alt=\"\" class=\"wp-image-6295\" srcset=\"https:\/\/biblioteka-milicz.pl\/wp-content\/uploads\/2025\/06\/495568699_1091019256397392_787556391028274488_n-768x1024.jpg 768w, https:\/\/biblioteka-milicz.pl\/wp-content\/uploads\/2025\/06\/495568699_1091019256397392_787556391028274488_n-225x300.jpg 225w, https:\/\/biblioteka-milicz.pl\/wp-content\/uploads\/2025\/06\/495568699_1091019256397392_787556391028274488_n-1152x1536.jpg 1152w, https:\/\/biblioteka-milicz.pl\/wp-content\/uploads\/2025\/06\/495568699_1091019256397392_787556391028274488_n.jpg 1536w\" sizes=\"auto, (max-width: 768px) 100vw, 768px\" \/><\/figure>\n\n\n\n<figure class=\"wp-block-image size-large\"><img loading=\"lazy\" decoding=\"async\" width=\"1024\" height=\"768\" data-id=\"6296\" src=\"https:\/\/biblioteka-milicz.pl\/wp-content\/uploads\/2025\/06\/495491349_1091018846397433_5491620839152151820_n-1024x768.jpg\" alt=\"\" class=\"wp-image-6296\" srcset=\"https:\/\/biblioteka-milicz.pl\/wp-content\/uploads\/2025\/06\/495491349_1091018846397433_5491620839152151820_n-1024x768.jpg 1024w, https:\/\/biblioteka-milicz.pl\/wp-content\/uploads\/2025\/06\/495491349_1091018846397433_5491620839152151820_n-300x225.jpg 300w, https:\/\/biblioteka-milicz.pl\/wp-content\/uploads\/2025\/06\/495491349_1091018846397433_5491620839152151820_n-768x576.jpg 768w, https:\/\/biblioteka-milicz.pl\/wp-content\/uploads\/2025\/06\/495491349_1091018846397433_5491620839152151820_n-1536x1152.jpg 1536w, https:\/\/biblioteka-milicz.pl\/wp-content\/uploads\/2025\/06\/495491349_1091018846397433_5491620839152151820_n.jpg 2048w\" sizes=\"auto, (max-width: 1024px) 100vw, 1024px\" \/><\/figure>\n\n\n\n<figure class=\"wp-block-image size-large\"><img loading=\"lazy\" decoding=\"async\" width=\"1024\" height=\"768\" data-id=\"6292\" src=\"https:\/\/biblioteka-milicz.pl\/wp-content\/uploads\/2025\/06\/495491548_1091019089730742_6521797596118499907_n-1024x768.jpg\" alt=\"\" class=\"wp-image-6292\" srcset=\"https:\/\/biblioteka-milicz.pl\/wp-content\/uploads\/2025\/06\/495491548_1091019089730742_6521797596118499907_n-1024x768.jpg 1024w, https:\/\/biblioteka-milicz.pl\/wp-content\/uploads\/2025\/06\/495491548_1091019089730742_6521797596118499907_n-300x225.jpg 300w, https:\/\/biblioteka-milicz.pl\/wp-content\/uploads\/2025\/06\/495491548_1091019089730742_6521797596118499907_n-768x576.jpg 768w, https:\/\/biblioteka-milicz.pl\/wp-content\/uploads\/2025\/06\/495491548_1091019089730742_6521797596118499907_n-1536x1152.jpg 1536w, https:\/\/biblioteka-milicz.pl\/wp-content\/uploads\/2025\/06\/495491548_1091019089730742_6521797596118499907_n.jpg 2048w\" sizes=\"auto, (max-width: 1024px) 100vw, 1024px\" \/><\/figure>\n\n\n\n<figure class=\"wp-block-image size-large\"><img loading=\"lazy\" decoding=\"async\" width=\"1024\" height=\"768\" data-id=\"6298\" src=\"https:\/\/biblioteka-milicz.pl\/wp-content\/uploads\/2025\/06\/496100539_1091019136397404_5025390169093575695_n-1024x768.jpg\" alt=\"\" class=\"wp-image-6298\" srcset=\"https:\/\/biblioteka-milicz.pl\/wp-content\/uploads\/2025\/06\/496100539_1091019136397404_5025390169093575695_n-1024x768.jpg 1024w, https:\/\/biblioteka-milicz.pl\/wp-content\/uploads\/2025\/06\/496100539_1091019136397404_5025390169093575695_n-300x225.jpg 300w, https:\/\/biblioteka-milicz.pl\/wp-content\/uploads\/2025\/06\/496100539_1091019136397404_5025390169093575695_n-768x576.jpg 768w, https:\/\/biblioteka-milicz.pl\/wp-content\/uploads\/2025\/06\/496100539_1091019136397404_5025390169093575695_n-1536x1152.jpg 1536w, https:\/\/biblioteka-milicz.pl\/wp-content\/uploads\/2025\/06\/496100539_1091019136397404_5025390169093575695_n.jpg 2048w\" sizes=\"auto, (max-width: 1024px) 100vw, 1024px\" \/><\/figure>\n\n\n\n<figure class=\"wp-block-image size-large\"><img loading=\"lazy\" decoding=\"async\" width=\"1024\" height=\"519\" data-id=\"6294\" src=\"https:\/\/biblioteka-milicz.pl\/wp-content\/uploads\/2025\/06\/495491548_1091018839730767_4935776485062032436_n-1024x519.jpg\" alt=\"\" class=\"wp-image-6294\" srcset=\"https:\/\/biblioteka-milicz.pl\/wp-content\/uploads\/2025\/06\/495491548_1091018839730767_4935776485062032436_n-1024x519.jpg 1024w, https:\/\/biblioteka-milicz.pl\/wp-content\/uploads\/2025\/06\/495491548_1091018839730767_4935776485062032436_n-300x152.jpg 300w, https:\/\/biblioteka-milicz.pl\/wp-content\/uploads\/2025\/06\/495491548_1091018839730767_4935776485062032436_n-768x389.jpg 768w, https:\/\/biblioteka-milicz.pl\/wp-content\/uploads\/2025\/06\/495491548_1091018839730767_4935776485062032436_n-1536x778.jpg 1536w, https:\/\/biblioteka-milicz.pl\/wp-content\/uploads\/2025\/06\/495491548_1091018839730767_4935776485062032436_n.jpg 1920w\" sizes=\"auto, (max-width: 1024px) 100vw, 1024px\" \/><\/figure>\n<\/figure>\n","protected":false},"excerpt":{"rendered":"<p>W poniedzia\u0142ek, 5 maja, filia biblioteczna w Czatkowicach zamieni\u0142a si\u0119 w przestrze\u0144 wa\u017cnych rozm\u00f3w, empatii i otwarto\u015bci. Wszystko za spraw\u0105 wyj\u0105tkowych zaj\u0119\u0107 zorganizowanych z okazji Dnia Walki z Dyskryminacj\u0105 Os\u00f3b z Niepe\u0142nosprawno\u015bciami. Tego dnia&#46;&#46;&#46;<\/p>\n","protected":false},"author":2,"featured_media":6299,"comment_status":"closed","ping_status":"closed","sticky":false,"template":"","format":"standard","meta":{"_uag_custom_page_level_css":"","footnotes":""},"categories":[3],"tags":[],"class_list":["post-6291","post","type-post","status-publish","format-standard","has-post-thumbnail","hentry","category-aktualnosci"],"uagb_featured_image_src":{"full":["https:\/\/biblioteka-milicz.pl\/wp-content\/uploads\/2025\/06\/Dzien-rownosci.jpg",1297,973,false],"thumbnail":["https:\/\/biblioteka-milicz.pl\/wp-content\/uploads\/2025\/06\/Dzien-rownosci-150x150.jpg",150,150,true],"medium":["https:\/\/biblioteka-milicz.pl\/wp-content\/uploads\/2025\/06\/Dzien-rownosci-300x225.jpg",300,225,true],"medium_large":["https:\/\/biblioteka-milicz.pl\/wp-content\/uploads\/2025\/06\/Dzien-rownosci-768x576.jpg",768,576,true],"large":["https:\/\/biblioteka-milicz.pl\/wp-content\/uploads\/2025\/06\/Dzien-rownosci-1024x768.jpg",1024,768,true],"1536x1536":["https:\/\/biblioteka-milicz.pl\/wp-content\/uploads\/2025\/06\/Dzien-rownosci.jpg",1297,973,false],"2048x2048":["https:\/\/biblioteka-milicz.pl\/wp-content\/uploads\/2025\/06\/Dzien-rownosci.jpg",1297,973,false],"thumb-small":["https:\/\/biblioteka-milicz.pl\/wp-content\/uploads\/2025\/06\/Dzien-rownosci-80x80.jpg",80,80,true],"thumb-standard":["https:\/\/biblioteka-milicz.pl\/wp-content\/uploads\/2025\/06\/Dzien-rownosci-320x320.jpg",320,320,true],"thumb-medium":["https:\/\/biblioteka-milicz.pl\/wp-content\/uploads\/2025\/06\/Dzien-rownosci-520x245.jpg",520,245,true],"thumb-large":["https:\/\/biblioteka-milicz.pl\/wp-content\/uploads\/2025\/06\/Dzien-rownosci-720x340.jpg",720,340,true],"thumb-xlarge":["https:\/\/biblioteka-milicz.pl\/wp-content\/uploads\/2025\/06\/Dzien-rownosci-980x450.jpg",980,450,true],"thumb-xxlarge":["https:\/\/biblioteka-milicz.pl\/wp-content\/uploads\/2025\/06\/Dzien-rownosci-1297x500.jpg",1297,500,true]},"uagb_author_info":{"display_name":"Marlena Grodzi\u0144ska","author_link":"https:\/\/biblioteka-milicz.pl\/index.php\/author\/marlena\/"},"uagb_comment_info":0,"uagb_excerpt":"W poniedzia\u0142ek, 5 maja, filia biblioteczna w Czatkowicach zamieni\u0142a si\u0119 w przestrze\u0144 wa\u017cnych rozm\u00f3w, empatii i otwarto\u015bci. Wszystko za spraw\u0105 wyj\u0105tkowych zaj\u0119\u0107 zorganizowanych z okazji Dnia Walki z Dyskryminacj\u0105 Os\u00f3b z Niepe\u0142nosprawno\u015bciami. Tego dnia&#46;&#46;&#46;","_links":{"self":[{"href":"https:\/\/biblioteka-milicz.pl\/index.php\/wp-json\/wp\/v2\/posts\/6291","targetHints":{"allow":["GET"]}}],"collection":[{"href":"https:\/\/biblioteka-milicz.pl\/index.php\/wp-json\/wp\/v2\/posts"}],"about":[{"href":"https:\/\/biblioteka-milicz.pl\/index.php\/wp-json\/wp\/v2\/types\/post"}],"author":[{"embeddable":true,"href":"https:\/\/biblioteka-milicz.pl\/index.php\/wp-json\/wp\/v2\/users\/2"}],"replies":[{"embeddable":true,"href":"https:\/\/biblioteka-milicz.pl\/index.php\/wp-json\/wp\/v2\/comments?post=6291"}],"version-history":[{"count":1,"href":"https:\/\/biblioteka-milicz.pl\/index.php\/wp-json\/wp\/v2\/posts\/6291\/revisions"}],"predecessor-version":[{"id":6300,"href":"https:\/\/biblioteka-milicz.pl\/index.php\/wp-json\/wp\/v2\/posts\/6291\/revisions\/6300"}],"wp:featuredmedia":[{"embeddable":true,"href":"https:\/\/biblioteka-milicz.pl\/index.php\/wp-json\/wp\/v2\/media\/6299"}],"wp:attachment":[{"href":"https:\/\/biblioteka-milicz.pl\/index.php\/wp-json\/wp\/v2\/media?parent=6291"}],"wp:term":[{"taxonomy":"category","embeddable":true,"href":"https:\/\/biblioteka-milicz.pl\/index.php\/wp-json\/wp\/v2\/categories?post=6291"},{"taxonomy":"post_tag","embeddable":true,"href":"https:\/\/biblioteka-milicz.pl\/index.php\/wp-json\/wp\/v2\/tags?post=6291"}],"curies":[{"name":"wp","href":"https:\/\/api.w.org\/{rel}","templated":true}]}}