{"id":6279,"date":"2025-05-08T14:37:00","date_gmt":"2025-05-08T12:37:00","guid":{"rendered":"https:\/\/biblioteka-milicz.pl\/?p=6279"},"modified":"2025-06-20T12:45:32","modified_gmt":"2025-06-20T10:45:32","slug":"chrzescimy-i-brzeczymy-w-sulowie","status":"publish","type":"post","link":"https:\/\/biblioteka-milicz.pl\/index.php\/2025\/05\/08\/chrzescimy-i-brzeczymy-w-sulowie\/","title":{"rendered":"\u201eChrz\u0119\u015bcimy i brz\u0119czymy\u201d \u00a0w Su\u0142owie!"},"content":{"rendered":"\n<p>8 maja w su\u0142owskiej filii bibliotecznej zainaugurowali\u015bmy <strong>Tydzie\u0144 Bibliotek<\/strong> \u2013 coroczne \u015bwi\u0119to promuj\u0105ce czytelnictwo i mi\u0142o\u015b\u0107 do ksi\u0105\u017cek. Pierwsze spotkanie odby\u0142o si\u0119 pod intryguj\u0105cym tytu\u0142em <strong>\u201eChrz\u0119\u015bcimy i brz\u0119czymy\u201d<\/strong>, a jego uczestnikami byli uczniowie klasy drugiej.<\/p>\n\n\n\n<p>Zanim jednak przeszli\u015bmy do j\u0119zykowych \u0142ama\u0144c\u00f3w, dzieci pozna\u0142y kr\u00f3tk\u0105 histori\u0119 bibliotek \u2013 od glinianych tabliczek z pismem klinowym, przez zwoje w amforach, a\u017c po wsp\u00f3\u0142czesne ksi\u0105\u017cki i e-booki. Zaskoczenie na twarzach drugoklasist\u00f3w by\u0142o bezcenne \u2013 kto by pomy\u015bla\u0142, \u017ce kiedy\u015b ksi\u0105\u017ck\u0119 mo\u017cna by\u0142o przechowywa\u0107&#8230; w dzbanie?<\/p>\n\n\n\n<p>Por\u00f3wnali\u015bmy te\u017c, jak wygl\u0105da\u0142o tworzenie ksi\u0105\u017cki kiedy\u015b, a jak wygl\u0105da dzi\u015b \u2013 od r\u0119cznie przepisywanych manuskrypt\u00f3w po nowoczesne drukarnie. Rozmawiaj\u0105c o tre\u015bci ksi\u0105\u017cek, zgodnie stwierdzili\u015bmy, \u017ce j\u0119zyk polski, cho\u0107 dla nas codzienny, potrafi by\u0107 naprawd\u0119 wymagaj\u0105cy \u2013 szczeg\u00f3lnie, gdy w gr\u0119 wchodz\u0105 <strong>\u201echrz\u0119szcz\u0105ce\u201d wierszyki<\/strong>.<\/p>\n\n\n\n<p>Ka\u017cdy z uczestnik\u00f3w mia\u0142 okazj\u0119 sprawdzi\u0107 si\u0119 w g\u0142o\u015bnym czytaniu j\u0119zykowych \u0142ama\u0144c\u00f3w. Pomimo drobnych potkni\u0119\u0107, wszyscy poradzili sobie znakomicie i zas\u0142u\u017cyli na pi\u0105tk\u0119 z plusem!<\/p>\n\n\n\n<p>W nagrod\u0119 zorganizowali\u015bmy mini konkurs wiedzy o literaturze dzieci\u0119cej. Za prawid\u0142ow\u0105 odpowied\u017a mo\u017cna by\u0142o wylosowa\u0107 nagrod\u0119-niespodziank\u0119 z <strong>czarodziejskiego kufra<\/strong>. Rado\u015b\u0107, emocje i duma z trafionych odpowiedzi towarzyszy\u0142y dzieciom do samego ko\u0144ca.<\/p>\n\n\n\n<p>Na zako\u0144czenie nie mog\u0142o zabrakn\u0105\u0107 tego, co dzieci lubi\u0105 najbardziej \u2013 wypo\u017cyczania ksi\u0105\u017cek. Bo przecie\u017c najlepiej \u015bwi\u0119towa\u0107 Tydzie\u0144 Bibliotek&#8230; z ksi\u0105\u017ck\u0105 w r\u0119ku.<\/p>\n\n\n\n<p>Dzi\u0119kujemy za aktywny udzia\u0142 i ju\u017c teraz zapraszamy na kolejne spotkania w naszej bibliotece!<\/p>\n\n\n\n<figure class=\"wp-block-gallery has-nested-images columns-default is-cropped wp-block-gallery-1 is-layout-flex wp-block-gallery-is-layout-flex\">\n<figure class=\"wp-block-image size-large\"><img loading=\"lazy\" decoding=\"async\" width=\"768\" height=\"1024\" data-id=\"6280\" src=\"https:\/\/biblioteka-milicz.pl\/wp-content\/uploads\/2025\/06\/495387164_1091622146337103_2630248107046758190_n-768x1024.jpg\" alt=\"\" class=\"wp-image-6280\" srcset=\"https:\/\/biblioteka-milicz.pl\/wp-content\/uploads\/2025\/06\/495387164_1091622146337103_2630248107046758190_n-768x1024.jpg 768w, https:\/\/biblioteka-milicz.pl\/wp-content\/uploads\/2025\/06\/495387164_1091622146337103_2630248107046758190_n-225x300.jpg 225w, https:\/\/biblioteka-milicz.pl\/wp-content\/uploads\/2025\/06\/495387164_1091622146337103_2630248107046758190_n-1152x1536.jpg 1152w, https:\/\/biblioteka-milicz.pl\/wp-content\/uploads\/2025\/06\/495387164_1091622146337103_2630248107046758190_n.jpg 1536w\" sizes=\"auto, (max-width: 768px) 100vw, 768px\" \/><\/figure>\n\n\n\n<figure class=\"wp-block-image size-large\"><img loading=\"lazy\" decoding=\"async\" width=\"768\" height=\"1024\" data-id=\"6283\" src=\"https:\/\/biblioteka-milicz.pl\/wp-content\/uploads\/2025\/06\/495390590_1091622096337108_4512917412602087266_n-768x1024.jpg\" alt=\"\" class=\"wp-image-6283\" srcset=\"https:\/\/biblioteka-milicz.pl\/wp-content\/uploads\/2025\/06\/495390590_1091622096337108_4512917412602087266_n-768x1024.jpg 768w, https:\/\/biblioteka-milicz.pl\/wp-content\/uploads\/2025\/06\/495390590_1091622096337108_4512917412602087266_n-225x300.jpg 225w, https:\/\/biblioteka-milicz.pl\/wp-content\/uploads\/2025\/06\/495390590_1091622096337108_4512917412602087266_n-1152x1536.jpg 1152w, https:\/\/biblioteka-milicz.pl\/wp-content\/uploads\/2025\/06\/495390590_1091622096337108_4512917412602087266_n.jpg 1536w\" sizes=\"auto, (max-width: 768px) 100vw, 768px\" \/><\/figure>\n\n\n\n<figure class=\"wp-block-image size-large\"><img loading=\"lazy\" decoding=\"async\" width=\"768\" height=\"1024\" data-id=\"6284\" src=\"https:\/\/biblioteka-milicz.pl\/wp-content\/uploads\/2025\/06\/495535992_1091622473003737_7357723081503603570_n-768x1024.jpg\" alt=\"\" class=\"wp-image-6284\" srcset=\"https:\/\/biblioteka-milicz.pl\/wp-content\/uploads\/2025\/06\/495535992_1091622473003737_7357723081503603570_n-768x1024.jpg 768w, https:\/\/biblioteka-milicz.pl\/wp-content\/uploads\/2025\/06\/495535992_1091622473003737_7357723081503603570_n-225x300.jpg 225w, https:\/\/biblioteka-milicz.pl\/wp-content\/uploads\/2025\/06\/495535992_1091622473003737_7357723081503603570_n-1152x1536.jpg 1152w, https:\/\/biblioteka-milicz.pl\/wp-content\/uploads\/2025\/06\/495535992_1091622473003737_7357723081503603570_n.jpg 1536w\" sizes=\"auto, (max-width: 768px) 100vw, 768px\" \/><\/figure>\n\n\n\n<figure class=\"wp-block-image size-large\"><img loading=\"lazy\" decoding=\"async\" width=\"768\" height=\"1024\" data-id=\"6281\" src=\"https:\/\/biblioteka-milicz.pl\/wp-content\/uploads\/2025\/06\/495563271_1091621959670455_5535097868972327452_n-768x1024.jpg\" alt=\"\" class=\"wp-image-6281\" srcset=\"https:\/\/biblioteka-milicz.pl\/wp-content\/uploads\/2025\/06\/495563271_1091621959670455_5535097868972327452_n-768x1024.jpg 768w, https:\/\/biblioteka-milicz.pl\/wp-content\/uploads\/2025\/06\/495563271_1091621959670455_5535097868972327452_n-225x300.jpg 225w, https:\/\/biblioteka-milicz.pl\/wp-content\/uploads\/2025\/06\/495563271_1091621959670455_5535097868972327452_n-1152x1536.jpg 1152w, https:\/\/biblioteka-milicz.pl\/wp-content\/uploads\/2025\/06\/495563271_1091621959670455_5535097868972327452_n.jpg 1536w\" sizes=\"auto, (max-width: 768px) 100vw, 768px\" \/><\/figure>\n\n\n\n<figure class=\"wp-block-image size-large\"><img loading=\"lazy\" decoding=\"async\" width=\"768\" height=\"1024\" data-id=\"6286\" src=\"https:\/\/biblioteka-milicz.pl\/wp-content\/uploads\/2025\/06\/495579628_1091622546337063_9003739303303262225_n-768x1024.jpg\" alt=\"\" class=\"wp-image-6286\" srcset=\"https:\/\/biblioteka-milicz.pl\/wp-content\/uploads\/2025\/06\/495579628_1091622546337063_9003739303303262225_n-768x1024.jpg 768w, https:\/\/biblioteka-milicz.pl\/wp-content\/uploads\/2025\/06\/495579628_1091622546337063_9003739303303262225_n-225x300.jpg 225w, https:\/\/biblioteka-milicz.pl\/wp-content\/uploads\/2025\/06\/495579628_1091622546337063_9003739303303262225_n-1152x1536.jpg 1152w, https:\/\/biblioteka-milicz.pl\/wp-content\/uploads\/2025\/06\/495579628_1091622546337063_9003739303303262225_n.jpg 1536w\" sizes=\"auto, (max-width: 768px) 100vw, 768px\" \/><\/figure>\n\n\n\n<figure class=\"wp-block-image size-large\"><img loading=\"lazy\" decoding=\"async\" width=\"768\" height=\"1024\" data-id=\"6282\" src=\"https:\/\/biblioteka-milicz.pl\/wp-content\/uploads\/2025\/06\/496048304_1091622209670430_9085153238528090635_n-768x1024.jpg\" alt=\"\" class=\"wp-image-6282\" srcset=\"https:\/\/biblioteka-milicz.pl\/wp-content\/uploads\/2025\/06\/496048304_1091622209670430_9085153238528090635_n-768x1024.jpg 768w, https:\/\/biblioteka-milicz.pl\/wp-content\/uploads\/2025\/06\/496048304_1091622209670430_9085153238528090635_n-225x300.jpg 225w, https:\/\/biblioteka-milicz.pl\/wp-content\/uploads\/2025\/06\/496048304_1091622209670430_9085153238528090635_n-1152x1536.jpg 1152w, https:\/\/biblioteka-milicz.pl\/wp-content\/uploads\/2025\/06\/496048304_1091622209670430_9085153238528090635_n.jpg 1536w\" sizes=\"auto, (max-width: 768px) 100vw, 768px\" \/><\/figure>\n\n\n\n<figure class=\"wp-block-image size-large\"><img loading=\"lazy\" decoding=\"async\" width=\"768\" height=\"1024\" data-id=\"6285\" src=\"https:\/\/biblioteka-milicz.pl\/wp-content\/uploads\/2025\/06\/496186434_1091622506337067_8033735873584772913_n-768x1024.jpg\" alt=\"\" class=\"wp-image-6285\" srcset=\"https:\/\/biblioteka-milicz.pl\/wp-content\/uploads\/2025\/06\/496186434_1091622506337067_8033735873584772913_n-768x1024.jpg 768w, https:\/\/biblioteka-milicz.pl\/wp-content\/uploads\/2025\/06\/496186434_1091622506337067_8033735873584772913_n-225x300.jpg 225w, https:\/\/biblioteka-milicz.pl\/wp-content\/uploads\/2025\/06\/496186434_1091622506337067_8033735873584772913_n-1152x1536.jpg 1152w, https:\/\/biblioteka-milicz.pl\/wp-content\/uploads\/2025\/06\/496186434_1091622506337067_8033735873584772913_n.jpg 1536w\" sizes=\"auto, (max-width: 768px) 100vw, 768px\" \/><\/figure>\n\n\n\n<figure class=\"wp-block-image size-large\"><img loading=\"lazy\" decoding=\"async\" width=\"768\" height=\"1024\" data-id=\"6287\" src=\"https:\/\/biblioteka-milicz.pl\/wp-content\/uploads\/2025\/06\/496768665_1091621806337137_688494525576489597_n-768x1024.jpg\" alt=\"\" class=\"wp-image-6287\" srcset=\"https:\/\/biblioteka-milicz.pl\/wp-content\/uploads\/2025\/06\/496768665_1091621806337137_688494525576489597_n-768x1024.jpg 768w, https:\/\/biblioteka-milicz.pl\/wp-content\/uploads\/2025\/06\/496768665_1091621806337137_688494525576489597_n-225x300.jpg 225w, https:\/\/biblioteka-milicz.pl\/wp-content\/uploads\/2025\/06\/496768665_1091621806337137_688494525576489597_n-1152x1536.jpg 1152w, https:\/\/biblioteka-milicz.pl\/wp-content\/uploads\/2025\/06\/496768665_1091621806337137_688494525576489597_n.jpg 1536w\" sizes=\"auto, (max-width: 768px) 100vw, 768px\" \/><\/figure>\n\n\n\n<figure class=\"wp-block-image size-large\"><img loading=\"lazy\" decoding=\"async\" width=\"768\" height=\"1024\" data-id=\"6288\" src=\"https:\/\/biblioteka-milicz.pl\/wp-content\/uploads\/2025\/06\/496769184_1091622606337057_5439354824252474948_n-768x1024.jpg\" alt=\"\" class=\"wp-image-6288\" srcset=\"https:\/\/biblioteka-milicz.pl\/wp-content\/uploads\/2025\/06\/496769184_1091622606337057_5439354824252474948_n-768x1024.jpg 768w, https:\/\/biblioteka-milicz.pl\/wp-content\/uploads\/2025\/06\/496769184_1091622606337057_5439354824252474948_n-225x300.jpg 225w, https:\/\/biblioteka-milicz.pl\/wp-content\/uploads\/2025\/06\/496769184_1091622606337057_5439354824252474948_n-1152x1536.jpg 1152w, https:\/\/biblioteka-milicz.pl\/wp-content\/uploads\/2025\/06\/496769184_1091622606337057_5439354824252474948_n.jpg 1536w\" sizes=\"auto, (max-width: 768px) 100vw, 768px\" \/><\/figure>\n<\/figure>\n","protected":false},"excerpt":{"rendered":"<p>8 maja w su\u0142owskiej filii bibliotecznej zainaugurowali\u015bmy Tydzie\u0144 Bibliotek \u2013 coroczne \u015bwi\u0119to promuj\u0105ce czytelnictwo i mi\u0142o\u015b\u0107 do ksi\u0105\u017cek. Pierwsze spotkanie odby\u0142o si\u0119 pod intryguj\u0105cym tytu\u0142em \u201eChrz\u0119\u015bcimy i brz\u0119czymy\u201d, a jego uczestnikami byli uczniowie klasy&#46;&#46;&#46;<\/p>\n","protected":false},"author":2,"featured_media":6289,"comment_status":"closed","ping_status":"closed","sticky":false,"template":"","format":"standard","meta":{"_uag_custom_page_level_css":"","footnotes":""},"categories":[3],"tags":[],"class_list":["post-6279","post","type-post","status-publish","format-standard","has-post-thumbnail","hentry","category-aktualnosci"],"uagb_featured_image_src":{"full":["https:\/\/biblioteka-milicz.pl\/wp-content\/uploads\/2025\/06\/Crzascimy.jpg",1536,1152,false],"thumbnail":["https:\/\/biblioteka-milicz.pl\/wp-content\/uploads\/2025\/06\/Crzascimy-150x150.jpg",150,150,true],"medium":["https:\/\/biblioteka-milicz.pl\/wp-content\/uploads\/2025\/06\/Crzascimy-300x225.jpg",300,225,true],"medium_large":["https:\/\/biblioteka-milicz.pl\/wp-content\/uploads\/2025\/06\/Crzascimy-768x576.jpg",768,576,true],"large":["https:\/\/biblioteka-milicz.pl\/wp-content\/uploads\/2025\/06\/Crzascimy-1024x768.jpg",1024,768,true],"1536x1536":["https:\/\/biblioteka-milicz.pl\/wp-content\/uploads\/2025\/06\/Crzascimy.jpg",1536,1152,false],"2048x2048":["https:\/\/biblioteka-milicz.pl\/wp-content\/uploads\/2025\/06\/Crzascimy.jpg",1536,1152,false],"thumb-small":["https:\/\/biblioteka-milicz.pl\/wp-content\/uploads\/2025\/06\/Crzascimy-80x80.jpg",80,80,true],"thumb-standard":["https:\/\/biblioteka-milicz.pl\/wp-content\/uploads\/2025\/06\/Crzascimy-320x320.jpg",320,320,true],"thumb-medium":["https:\/\/biblioteka-milicz.pl\/wp-content\/uploads\/2025\/06\/Crzascimy-520x245.jpg",520,245,true],"thumb-large":["https:\/\/biblioteka-milicz.pl\/wp-content\/uploads\/2025\/06\/Crzascimy-720x340.jpg",720,340,true],"thumb-xlarge":["https:\/\/biblioteka-milicz.pl\/wp-content\/uploads\/2025\/06\/Crzascimy-980x450.jpg",980,450,true],"thumb-xxlarge":["https:\/\/biblioteka-milicz.pl\/wp-content\/uploads\/2025\/06\/Crzascimy-1320x500.jpg",1320,500,true]},"uagb_author_info":{"display_name":"Marlena Grodzi\u0144ska","author_link":"https:\/\/biblioteka-milicz.pl\/index.php\/author\/marlena\/"},"uagb_comment_info":0,"uagb_excerpt":"8 maja w su\u0142owskiej filii bibliotecznej zainaugurowali\u015bmy Tydzie\u0144 Bibliotek \u2013 coroczne \u015bwi\u0119to promuj\u0105ce czytelnictwo i mi\u0142o\u015b\u0107 do ksi\u0105\u017cek. Pierwsze spotkanie odby\u0142o si\u0119 pod intryguj\u0105cym tytu\u0142em \u201eChrz\u0119\u015bcimy i brz\u0119czymy\u201d, a jego uczestnikami byli uczniowie klasy&#46;&#46;&#46;","_links":{"self":[{"href":"https:\/\/biblioteka-milicz.pl\/index.php\/wp-json\/wp\/v2\/posts\/6279","targetHints":{"allow":["GET"]}}],"collection":[{"href":"https:\/\/biblioteka-milicz.pl\/index.php\/wp-json\/wp\/v2\/posts"}],"about":[{"href":"https:\/\/biblioteka-milicz.pl\/index.php\/wp-json\/wp\/v2\/types\/post"}],"author":[{"embeddable":true,"href":"https:\/\/biblioteka-milicz.pl\/index.php\/wp-json\/wp\/v2\/users\/2"}],"replies":[{"embeddable":true,"href":"https:\/\/biblioteka-milicz.pl\/index.php\/wp-json\/wp\/v2\/comments?post=6279"}],"version-history":[{"count":1,"href":"https:\/\/biblioteka-milicz.pl\/index.php\/wp-json\/wp\/v2\/posts\/6279\/revisions"}],"predecessor-version":[{"id":6290,"href":"https:\/\/biblioteka-milicz.pl\/index.php\/wp-json\/wp\/v2\/posts\/6279\/revisions\/6290"}],"wp:featuredmedia":[{"embeddable":true,"href":"https:\/\/biblioteka-milicz.pl\/index.php\/wp-json\/wp\/v2\/media\/6289"}],"wp:attachment":[{"href":"https:\/\/biblioteka-milicz.pl\/index.php\/wp-json\/wp\/v2\/media?parent=6279"}],"wp:term":[{"taxonomy":"category","embeddable":true,"href":"https:\/\/biblioteka-milicz.pl\/index.php\/wp-json\/wp\/v2\/categories?post=6279"},{"taxonomy":"post_tag","embeddable":true,"href":"https:\/\/biblioteka-milicz.pl\/index.php\/wp-json\/wp\/v2\/tags?post=6279"}],"curies":[{"name":"wp","href":"https:\/\/api.w.org\/{rel}","templated":true}]}}