{"id":6168,"date":"2025-05-09T10:04:35","date_gmt":"2025-05-09T08:04:35","guid":{"rendered":"https:\/\/biblioteka-milicz.pl\/?p=6168"},"modified":"2025-06-16T10:13:06","modified_gmt":"2025-06-16T08:13:06","slug":"spotkanie-z-anna-gibasiewicz-w-czatkowicach","status":"publish","type":"post","link":"https:\/\/biblioteka-milicz.pl\/index.php\/2025\/05\/09\/spotkanie-z-anna-gibasiewicz-w-czatkowicach\/","title":{"rendered":"Spotkanie z Ann\u0105 Gibasiewicz w Czatkowicach"},"content":{"rendered":"\n<p>W czwartek, 8 maja, z okazji Tygodnia Bibliotek w Szkole Podstawowej w Czatkowicach odby\u0142o si\u0119 spotkanie autorskie z <strong>Ann\u0105 Gibasiewicz<\/strong> \u2013 wroc\u0142awsk\u0105 pisark\u0105 i autork\u0105 ksi\u0105\u017cek dla dzieci.<\/p>\n\n\n\n<p>W spotkaniu uczestniczyli uczniowie najm\u0142odszych klas. Anna Gibasiewicz zaprezentowa\u0142a swoj\u0105 ksi\u0105\u017ck\u0119 <strong>\u201eBa\u015b\u0144 o perle\u201d<\/strong>, przeczyta\u0142a jej fragmenty i rozmawia\u0142a z dzie\u0107mi o mo\u017cliwych zako\u0144czeniach opowie\u015bci. Uczniowie ch\u0119tnie dzielili si\u0119 w\u0142asnymi pomys\u0142ami, wykazuj\u0105c si\u0119 kreatywno\u015bci\u0105 i wyobra\u017ani\u0105. Dzieci mia\u0142y r\u00f3wnie\u017c mo\u017cliwo\u015b\u0107 zadawania pyta\u0144 \u2013 zar\u00f3wno o sam\u0105 ksi\u0105\u017ck\u0119, jak i o codzienno\u015b\u0107 pisarsk\u0105.<\/p>\n\n\n\n<p>Dzi\u0119kujemy Annie Gibasiewicz za wizyt\u0119, a dyrekcji i nauczycielom Szko\u0142y Podstawowej w Czatkowicach za wsp\u00f3\u0142prac\u0119 i pomoc w organizacji wydarzenia. Cieszymy si\u0119, \u017ce literatura mo\u017ce \u0142\u0105czy\u0107 pokolenia i pobudza\u0107 dzieci\u0119c\u0105 wyobra\u017ani\u0119.<\/p>\n\n\n\n<figure class=\"wp-block-gallery has-nested-images columns-default is-cropped wp-block-gallery-1 is-layout-flex wp-block-gallery-is-layout-flex\">\n<figure class=\"wp-block-image size-large\"><img loading=\"lazy\" decoding=\"async\" width=\"1024\" height=\"768\" data-id=\"6172\" src=\"https:\/\/biblioteka-milicz.pl\/wp-content\/uploads\/2025\/06\/495229547_1686505435578287_3987376970139000364_n-1024x768.jpg\" alt=\"\" class=\"wp-image-6172\" srcset=\"https:\/\/biblioteka-milicz.pl\/wp-content\/uploads\/2025\/06\/495229547_1686505435578287_3987376970139000364_n-1024x768.jpg 1024w, https:\/\/biblioteka-milicz.pl\/wp-content\/uploads\/2025\/06\/495229547_1686505435578287_3987376970139000364_n-300x225.jpg 300w, https:\/\/biblioteka-milicz.pl\/wp-content\/uploads\/2025\/06\/495229547_1686505435578287_3987376970139000364_n-768x576.jpg 768w, https:\/\/biblioteka-milicz.pl\/wp-content\/uploads\/2025\/06\/495229547_1686505435578287_3987376970139000364_n-1536x1152.jpg 1536w, https:\/\/biblioteka-milicz.pl\/wp-content\/uploads\/2025\/06\/495229547_1686505435578287_3987376970139000364_n.jpg 2048w\" sizes=\"auto, (max-width: 1024px) 100vw, 1024px\" \/><\/figure>\n\n\n\n<figure class=\"wp-block-image size-large\"><img loading=\"lazy\" decoding=\"async\" width=\"1020\" height=\"765\" data-id=\"6169\" src=\"https:\/\/biblioteka-milicz.pl\/wp-content\/uploads\/2025\/06\/495588816_1686501578912006_5942508100947175150_n.jpg\" alt=\"\" class=\"wp-image-6169\" srcset=\"https:\/\/biblioteka-milicz.pl\/wp-content\/uploads\/2025\/06\/495588816_1686501578912006_5942508100947175150_n.jpg 1020w, https:\/\/biblioteka-milicz.pl\/wp-content\/uploads\/2025\/06\/495588816_1686501578912006_5942508100947175150_n-300x225.jpg 300w, https:\/\/biblioteka-milicz.pl\/wp-content\/uploads\/2025\/06\/495588816_1686501578912006_5942508100947175150_n-768x576.jpg 768w\" sizes=\"auto, (max-width: 1020px) 100vw, 1020px\" \/><\/figure>\n\n\n\n<figure class=\"wp-block-image size-large\"><img loading=\"lazy\" decoding=\"async\" width=\"1024\" height=\"768\" data-id=\"6173\" src=\"https:\/\/biblioteka-milicz.pl\/wp-content\/uploads\/2025\/06\/496921015_1686506132244884_1710135795814646705_n-1024x768.jpg\" alt=\"\" class=\"wp-image-6173\" srcset=\"https:\/\/biblioteka-milicz.pl\/wp-content\/uploads\/2025\/06\/496921015_1686506132244884_1710135795814646705_n-1024x768.jpg 1024w, https:\/\/biblioteka-milicz.pl\/wp-content\/uploads\/2025\/06\/496921015_1686506132244884_1710135795814646705_n-300x225.jpg 300w, https:\/\/biblioteka-milicz.pl\/wp-content\/uploads\/2025\/06\/496921015_1686506132244884_1710135795814646705_n-768x576.jpg 768w, https:\/\/biblioteka-milicz.pl\/wp-content\/uploads\/2025\/06\/496921015_1686506132244884_1710135795814646705_n-1536x1152.jpg 1536w, https:\/\/biblioteka-milicz.pl\/wp-content\/uploads\/2025\/06\/496921015_1686506132244884_1710135795814646705_n.jpg 2048w\" sizes=\"auto, (max-width: 1024px) 100vw, 1024px\" \/><\/figure>\n\n\n\n<figure class=\"wp-block-image size-large\"><img loading=\"lazy\" decoding=\"async\" width=\"1024\" height=\"477\" data-id=\"6171\" src=\"https:\/\/biblioteka-milicz.pl\/wp-content\/uploads\/2025\/06\/495540973_1686502238911940_1790191019398537103_n-1024x477.jpg\" alt=\"\" class=\"wp-image-6171\" srcset=\"https:\/\/biblioteka-milicz.pl\/wp-content\/uploads\/2025\/06\/495540973_1686502238911940_1790191019398537103_n-1024x477.jpg 1024w, https:\/\/biblioteka-milicz.pl\/wp-content\/uploads\/2025\/06\/495540973_1686502238911940_1790191019398537103_n-300x140.jpg 300w, https:\/\/biblioteka-milicz.pl\/wp-content\/uploads\/2025\/06\/495540973_1686502238911940_1790191019398537103_n-768x357.jpg 768w, https:\/\/biblioteka-milicz.pl\/wp-content\/uploads\/2025\/06\/495540973_1686502238911940_1790191019398537103_n-1536x715.jpg 1536w, https:\/\/biblioteka-milicz.pl\/wp-content\/uploads\/2025\/06\/495540973_1686502238911940_1790191019398537103_n.jpg 1949w\" sizes=\"auto, (max-width: 1024px) 100vw, 1024px\" \/><\/figure>\n<\/figure>\n","protected":false},"excerpt":{"rendered":"<p>W czwartek, 8 maja, z okazji Tygodnia Bibliotek w Szkole Podstawowej w Czatkowicach odby\u0142o si\u0119 spotkanie autorskie z Ann\u0105 Gibasiewicz \u2013 wroc\u0142awsk\u0105 pisark\u0105 i autork\u0105 ksi\u0105\u017cek dla dzieci. W spotkaniu uczestniczyli uczniowie najm\u0142odszych klas.&#46;&#46;&#46;<\/p>\n","protected":false},"author":2,"featured_media":6172,"comment_status":"closed","ping_status":"closed","sticky":false,"template":"","format":"standard","meta":{"_uag_custom_page_level_css":"","footnotes":""},"categories":[3],"tags":[],"class_list":["post-6168","post","type-post","status-publish","format-standard","has-post-thumbnail","hentry","category-aktualnosci"],"uagb_featured_image_src":{"full":["https:\/\/biblioteka-milicz.pl\/wp-content\/uploads\/2025\/06\/495229547_1686505435578287_3987376970139000364_n.jpg",2048,1536,false],"thumbnail":["https:\/\/biblioteka-milicz.pl\/wp-content\/uploads\/2025\/06\/495229547_1686505435578287_3987376970139000364_n-150x150.jpg",150,150,true],"medium":["https:\/\/biblioteka-milicz.pl\/wp-content\/uploads\/2025\/06\/495229547_1686505435578287_3987376970139000364_n-300x225.jpg",300,225,true],"medium_large":["https:\/\/biblioteka-milicz.pl\/wp-content\/uploads\/2025\/06\/495229547_1686505435578287_3987376970139000364_n-768x576.jpg",768,576,true],"large":["https:\/\/biblioteka-milicz.pl\/wp-content\/uploads\/2025\/06\/495229547_1686505435578287_3987376970139000364_n-1024x768.jpg",1024,768,true],"1536x1536":["https:\/\/biblioteka-milicz.pl\/wp-content\/uploads\/2025\/06\/495229547_1686505435578287_3987376970139000364_n-1536x1152.jpg",1536,1152,true],"2048x2048":["https:\/\/biblioteka-milicz.pl\/wp-content\/uploads\/2025\/06\/495229547_1686505435578287_3987376970139000364_n.jpg",2048,1536,false],"thumb-small":["https:\/\/biblioteka-milicz.pl\/wp-content\/uploads\/2025\/06\/495229547_1686505435578287_3987376970139000364_n-80x80.jpg",80,80,true],"thumb-standard":["https:\/\/biblioteka-milicz.pl\/wp-content\/uploads\/2025\/06\/495229547_1686505435578287_3987376970139000364_n-320x320.jpg",320,320,true],"thumb-medium":["https:\/\/biblioteka-milicz.pl\/wp-content\/uploads\/2025\/06\/495229547_1686505435578287_3987376970139000364_n-520x245.jpg",520,245,true],"thumb-large":["https:\/\/biblioteka-milicz.pl\/wp-content\/uploads\/2025\/06\/495229547_1686505435578287_3987376970139000364_n-720x340.jpg",720,340,true],"thumb-xlarge":["https:\/\/biblioteka-milicz.pl\/wp-content\/uploads\/2025\/06\/495229547_1686505435578287_3987376970139000364_n-980x450.jpg",980,450,true],"thumb-xxlarge":["https:\/\/biblioteka-milicz.pl\/wp-content\/uploads\/2025\/06\/495229547_1686505435578287_3987376970139000364_n-1320x500.jpg",1320,500,true]},"uagb_author_info":{"display_name":"Marlena Grodzi\u0144ska","author_link":"https:\/\/biblioteka-milicz.pl\/index.php\/author\/marlena\/"},"uagb_comment_info":0,"uagb_excerpt":"W czwartek, 8 maja, z okazji Tygodnia Bibliotek w Szkole Podstawowej w Czatkowicach odby\u0142o si\u0119 spotkanie autorskie z Ann\u0105 Gibasiewicz \u2013 wroc\u0142awsk\u0105 pisark\u0105 i autork\u0105 ksi\u0105\u017cek dla dzieci. W spotkaniu uczestniczyli uczniowie najm\u0142odszych klas.&#46;&#46;&#46;","_links":{"self":[{"href":"https:\/\/biblioteka-milicz.pl\/index.php\/wp-json\/wp\/v2\/posts\/6168","targetHints":{"allow":["GET"]}}],"collection":[{"href":"https:\/\/biblioteka-milicz.pl\/index.php\/wp-json\/wp\/v2\/posts"}],"about":[{"href":"https:\/\/biblioteka-milicz.pl\/index.php\/wp-json\/wp\/v2\/types\/post"}],"author":[{"embeddable":true,"href":"https:\/\/biblioteka-milicz.pl\/index.php\/wp-json\/wp\/v2\/users\/2"}],"replies":[{"embeddable":true,"href":"https:\/\/biblioteka-milicz.pl\/index.php\/wp-json\/wp\/v2\/comments?post=6168"}],"version-history":[{"count":1,"href":"https:\/\/biblioteka-milicz.pl\/index.php\/wp-json\/wp\/v2\/posts\/6168\/revisions"}],"predecessor-version":[{"id":6174,"href":"https:\/\/biblioteka-milicz.pl\/index.php\/wp-json\/wp\/v2\/posts\/6168\/revisions\/6174"}],"wp:featuredmedia":[{"embeddable":true,"href":"https:\/\/biblioteka-milicz.pl\/index.php\/wp-json\/wp\/v2\/media\/6172"}],"wp:attachment":[{"href":"https:\/\/biblioteka-milicz.pl\/index.php\/wp-json\/wp\/v2\/media?parent=6168"}],"wp:term":[{"taxonomy":"category","embeddable":true,"href":"https:\/\/biblioteka-milicz.pl\/index.php\/wp-json\/wp\/v2\/categories?post=6168"},{"taxonomy":"post_tag","embeddable":true,"href":"https:\/\/biblioteka-milicz.pl\/index.php\/wp-json\/wp\/v2\/tags?post=6168"}],"curies":[{"name":"wp","href":"https:\/\/api.w.org\/{rel}","templated":true}]}}