{"id":5768,"date":"2025-05-08T10:55:00","date_gmt":"2025-05-08T08:55:00","guid":{"rendered":"https:\/\/biblioteka-milicz.pl\/?p=5768"},"modified":"2025-05-09T11:00:40","modified_gmt":"2025-05-09T09:00:40","slug":"quiz-z-okazji-tygodnia-bibliotek","status":"publish","type":"post","link":"https:\/\/biblioteka-milicz.pl\/index.php\/2025\/05\/08\/quiz-z-okazji-tygodnia-bibliotek\/","title":{"rendered":"Quiz z okazji Tygodnia Bibliotek"},"content":{"rendered":"\n<p>Z okazji Tygodnia Bibliotek Biblioteka Publiczna w Miliczu zaprasza wszystkie dzieci do lat 13 do udzia\u0142u w \u201eQuizie wiedzy o literaturze dzieci\u0119cej\u201d. To doskona\u0142a okazja, by sprawdzi\u0107 swoj\u0105 znajomo\u015b\u0107 ksi\u0105\u017cek, przypomnie\u0107 sobie ulubionych bohater\u00f3w literackich i dobrze si\u0119 bawi\u0107.<\/p>\n\n\n\n<p>Quiz b\u0119dzie dost\u0119pny w dniach od 8 do 15 maja 2025 roku w nast\u0119puj\u0105cych plac\u00f3wkach:<\/p>\n\n\n\n<ul class=\"wp-block-list\">\n<li>Oddzia\u0142 Dzieci\u0119cy w Miliczu<\/li>\n\n\n\n<li>Filia w Su\u0142owie<\/li>\n\n\n\n<li>Filia w G\u0105dkowicach<\/li>\n\n\n\n<li>Filia w Czatkowicach<\/li>\n\n\n\n<li>Filia w Potaszni<\/li>\n<\/ul>\n\n\n\n<p>Ka\u017cde dziecko, kt\u00f3re rozwi\u0105\u017ce quiz i udzieli poprawnej odpowiedzi, otrzyma drobny upominek.<\/p>\n\n\n\n<p>Zach\u0119camy do odwiedzenia naszych bibliotek, wsp\u00f3lnej zabawy i literackich wyzwa\u0144. Do zobaczenia!<\/p>\n\n\n\n<figure class=\"wp-block-image size-full\"><img loading=\"lazy\" decoding=\"async\" width=\"600\" height=\"849\" src=\"https:\/\/biblioteka-milicz.pl\/wp-content\/uploads\/2025\/05\/Quiz.jpg\" alt=\"\" class=\"wp-image-5769\" srcset=\"https:\/\/biblioteka-milicz.pl\/wp-content\/uploads\/2025\/05\/Quiz.jpg 600w, https:\/\/biblioteka-milicz.pl\/wp-content\/uploads\/2025\/05\/Quiz-212x300.jpg 212w\" sizes=\"auto, (max-width: 600px) 100vw, 600px\" \/><\/figure>\n","protected":false},"excerpt":{"rendered":"<p>Z okazji Tygodnia Bibliotek Biblioteka Publiczna w Miliczu zaprasza wszystkie dzieci do lat 13 do udzia\u0142u w \u201eQuizie wiedzy o literaturze dzieci\u0119cej\u201d. To doskona\u0142a okazja, by sprawdzi\u0107 swoj\u0105 znajomo\u015b\u0107 ksi\u0105\u017cek, przypomnie\u0107 sobie ulubionych bohater\u00f3w&#46;&#46;&#46;<\/p>\n","protected":false},"author":2,"featured_media":5769,"comment_status":"closed","ping_status":"closed","sticky":false,"template":"","format":"standard","meta":{"_uag_custom_page_level_css":"","footnotes":""},"categories":[3],"tags":[],"class_list":["post-5768","post","type-post","status-publish","format-standard","has-post-thumbnail","hentry","category-aktualnosci"],"uagb_featured_image_src":{"full":["https:\/\/biblioteka-milicz.pl\/wp-content\/uploads\/2025\/05\/Quiz.jpg",600,849,false],"thumbnail":["https:\/\/biblioteka-milicz.pl\/wp-content\/uploads\/2025\/05\/Quiz-150x150.jpg",150,150,true],"medium":["https:\/\/biblioteka-milicz.pl\/wp-content\/uploads\/2025\/05\/Quiz-212x300.jpg",212,300,true],"medium_large":["https:\/\/biblioteka-milicz.pl\/wp-content\/uploads\/2025\/05\/Quiz.jpg",600,849,false],"large":["https:\/\/biblioteka-milicz.pl\/wp-content\/uploads\/2025\/05\/Quiz.jpg",600,849,false],"1536x1536":["https:\/\/biblioteka-milicz.pl\/wp-content\/uploads\/2025\/05\/Quiz.jpg",600,849,false],"2048x2048":["https:\/\/biblioteka-milicz.pl\/wp-content\/uploads\/2025\/05\/Quiz.jpg",600,849,false],"thumb-small":["https:\/\/biblioteka-milicz.pl\/wp-content\/uploads\/2025\/05\/Quiz-80x80.jpg",80,80,true],"thumb-standard":["https:\/\/biblioteka-milicz.pl\/wp-content\/uploads\/2025\/05\/Quiz-320x320.jpg",320,320,true],"thumb-medium":["https:\/\/biblioteka-milicz.pl\/wp-content\/uploads\/2025\/05\/Quiz-520x245.jpg",520,245,true],"thumb-large":["https:\/\/biblioteka-milicz.pl\/wp-content\/uploads\/2025\/05\/Quiz-600x340.jpg",600,340,true],"thumb-xlarge":["https:\/\/biblioteka-milicz.pl\/wp-content\/uploads\/2025\/05\/Quiz-600x450.jpg",600,450,true],"thumb-xxlarge":["https:\/\/biblioteka-milicz.pl\/wp-content\/uploads\/2025\/05\/Quiz-600x500.jpg",600,500,true]},"uagb_author_info":{"display_name":"Marlena Grodzi\u0144ska","author_link":"https:\/\/biblioteka-milicz.pl\/index.php\/author\/marlena\/"},"uagb_comment_info":0,"uagb_excerpt":"Z okazji Tygodnia Bibliotek Biblioteka Publiczna w Miliczu zaprasza wszystkie dzieci do lat 13 do udzia\u0142u w \u201eQuizie wiedzy o literaturze dzieci\u0119cej\u201d. To doskona\u0142a okazja, by sprawdzi\u0107 swoj\u0105 znajomo\u015b\u0107 ksi\u0105\u017cek, przypomnie\u0107 sobie ulubionych bohater\u00f3w&#46;&#46;&#46;","_links":{"self":[{"href":"https:\/\/biblioteka-milicz.pl\/index.php\/wp-json\/wp\/v2\/posts\/5768","targetHints":{"allow":["GET"]}}],"collection":[{"href":"https:\/\/biblioteka-milicz.pl\/index.php\/wp-json\/wp\/v2\/posts"}],"about":[{"href":"https:\/\/biblioteka-milicz.pl\/index.php\/wp-json\/wp\/v2\/types\/post"}],"author":[{"embeddable":true,"href":"https:\/\/biblioteka-milicz.pl\/index.php\/wp-json\/wp\/v2\/users\/2"}],"replies":[{"embeddable":true,"href":"https:\/\/biblioteka-milicz.pl\/index.php\/wp-json\/wp\/v2\/comments?post=5768"}],"version-history":[{"count":1,"href":"https:\/\/biblioteka-milicz.pl\/index.php\/wp-json\/wp\/v2\/posts\/5768\/revisions"}],"predecessor-version":[{"id":5770,"href":"https:\/\/biblioteka-milicz.pl\/index.php\/wp-json\/wp\/v2\/posts\/5768\/revisions\/5770"}],"wp:featuredmedia":[{"embeddable":true,"href":"https:\/\/biblioteka-milicz.pl\/index.php\/wp-json\/wp\/v2\/media\/5769"}],"wp:attachment":[{"href":"https:\/\/biblioteka-milicz.pl\/index.php\/wp-json\/wp\/v2\/media?parent=5768"}],"wp:term":[{"taxonomy":"category","embeddable":true,"href":"https:\/\/biblioteka-milicz.pl\/index.php\/wp-json\/wp\/v2\/categories?post=5768"},{"taxonomy":"post_tag","embeddable":true,"href":"https:\/\/biblioteka-milicz.pl\/index.php\/wp-json\/wp\/v2\/tags?post=5768"}],"curies":[{"name":"wp","href":"https:\/\/api.w.org\/{rel}","templated":true}]}}