{"id":5765,"date":"2025-05-05T09:50:00","date_gmt":"2025-05-05T07:50:00","guid":{"rendered":"https:\/\/biblioteka-milicz.pl\/?p=5765"},"modified":"2025-05-09T10:53:45","modified_gmt":"2025-05-09T08:53:45","slug":"maj-miesiacem-bibliotek","status":"publish","type":"post","link":"https:\/\/biblioteka-milicz.pl\/index.php\/2025\/05\/05\/maj-miesiacem-bibliotek\/","title":{"rendered":"MAJ MIESI\u0104CEM BIBLIOTEK"},"content":{"rendered":"\n<p><a><\/a>Ju\u017c niebawem zaczynamy Og\u00f3lnopolski Tydzie\u0144 Bibliotek, kt\u00f3ry w tym roku odbywa si\u0119 pod has\u0142em \u201eBiblioteka. Lubi\u0119 tu by\u0107\u201d.<\/p>\n\n\n\n<p>Oto, co przygotowali\u015bmy dla naszych Czytelnik\u00f3w.<\/p>\n\n\n\n<p><img loading=\"lazy\" decoding=\"async\" height=\"16\" width=\"16\" alt=\"&#x1f535;\" src=\"https:\/\/static.xx.fbcdn.net\/images\/emoji.php\/v9\/tef\/1\/16\/1f535.png\">Biblioteka Publiczna w Miliczu<\/p>\n\n\n\n<p><img loading=\"lazy\" decoding=\"async\" height=\"16\" width=\"16\" alt=\"&#x1f539;\" src=\"https:\/\/static.xx.fbcdn.net\/images\/emoji.php\/v9\/tf3\/1\/16\/1f539.png\">Wypo\u017cyczalnia dla Doros\u0142ych<\/p>\n\n\n\n<p>* 5.05 \u2013 17.05 \u2013 Abolicja w bibliotece<\/p>\n\n\n\n<p>* 8.05 \u2013 Turniej Gier Planszowych<\/p>\n\n\n\n<p>* 13.05 \u2013 Spotkanie autorskie z Patrycj\u0105 Dzie\u0144, autork\u0105 ksi\u0105\u017cki \u201eDalia\u201d<\/p>\n\n\n\n<p><img loading=\"lazy\" decoding=\"async\" height=\"16\" width=\"16\" alt=\"&#x1f539;\" src=\"https:\/\/static.xx.fbcdn.net\/images\/emoji.php\/v9\/tf3\/1\/16\/1f539.png\">Oddzia\u0142 Dzieci\u0119cy<\/p>\n\n\n\n<p>* 8.05 \u2013 15.05 \u2013 Quiz wiedzy o literaturze dzieci\u0119cej<\/p>\n\n\n\n<p>* 8.05 \u2013 Bibliotekarz czarodziej \u2013 zaj\u0119cia biblioteczne dla przedszkolak\u00f3w (\u015awiat Malucha)<\/p>\n\n\n\n<p>* 12.05 \u2013 Spotkanie autorskie z Magdalen\u0105 Zar\u0119bsk\u0105 dla kl. I \u2013 III (2 spotkania)<\/p>\n\n\n\n<p>* 13.05 \u2013 Bajki bawi\u0105, bajki ucz\u0105 \u2013 zaj\u0119cie biblioteczne dla przedszkolak\u00f3w (Przedszkole Samorz\u0105dowe)<\/p>\n\n\n\n<p>* 14.05 \u2013 Bohaterowie naszych bajek \u2013 zaj\u0119cia biblioteczne dla przedszkolak\u00f3w (Przedszkole Samorz\u0105dowe)<\/p>\n\n\n\n<p>* 15.05 \u2013 Spotkanie autorskie z Ma\u0142gorzat\u0105 \u017b\u00f3\u0142taszek \u2013 dla przedszkolak\u00f3w (2 spotkania)<\/p>\n\n\n\n<p>* 19.05 \u2013 Jak powstaje ksi\u0105\u017cka \u2013 warsztaty z Joann\u0105 Tylu\u015b-Malak dla kl. I \u2013 III (2 grupy)<\/p>\n\n\n\n<p><img loading=\"lazy\" decoding=\"async\" height=\"16\" width=\"16\" alt=\"&#x1f535;\" src=\"https:\/\/static.xx.fbcdn.net\/images\/emoji.php\/v9\/tef\/1\/16\/1f535.png\">Filia biblioteczna w Su\u0142owie<\/p>\n\n\n\n<p>* 8.05 \u2013 15.05 \u2013 Quiz wiedzy o literaturze dzieci\u0119cej<\/p>\n\n\n\n<p>* 08.05 &#8211; Biedronka Fionka z wizyt\u0105 w przedszkolu<\/p>\n\n\n\n<p>* 09.05 &#8211; Gimnastyka j\u0119zyka, czyli chrz\u0119\u015bcimy i brz\u0119czymy podczas Ksi\u0105\u017ckobrania<\/p>\n\n\n\n<p>* 13.05 &#8211; Zak\u0142adamy, bo ksi\u0105\u017cka tego potrzebuje \u2013 warsztaty dla dzieci<\/p>\n\n\n\n<p>* 14.05 &#8211; Masz zielone? &#8211; Mam, a doniczk\u0119 zrobi\u0119 sam! &#8211; warsztaty dla dzieci<\/p>\n\n\n\n<p>* 12.05 \u2013 Wyobra\u017ania \u2013 to tutaj mieszkaj\u0105 pomys\u0142y \u2013 spotkanie autorskie z Urszul\u0105 Ewertowsk\u0105 dla kl. III<\/p>\n\n\n\n<p>* 15.05 &#8211; Spotkanie Klubu \u201ePrzepi\u015bnik\u201d z Patrycj\u0105 Dzie\u0144, autork\u0105 ksi\u0105\u017cki \u201eDalia\u201d<\/p>\n\n\n\n<p>* 16.05 \u2013 Ksi\u0119ga marze\u0144 \u2013 spektakl teatralny w wykonaniu teatru Krak \u2013 Art dla grup szkolnych<\/p>\n\n\n\n<p><img loading=\"lazy\" decoding=\"async\" height=\"16\" width=\"16\" alt=\"&#x1f535;\" src=\"https:\/\/static.xx.fbcdn.net\/images\/emoji.php\/v9\/tef\/1\/16\/1f535.png\">Filia biblioteczna w G\u0105dkowicach<\/p>\n\n\n\n<p>* 8.05 \u2013 15.05 \u2013 Quiz wiedzy o literaturze dzieci\u0119cej<\/p>\n\n\n\n<p>* 13.05 &#8211; Obejrzyjmy ksi\u0105\u017cki &#8211; przygody z ksi\u0105\u017ckami na ekranie<\/p>\n\n\n\n<p>* 16.05 &#8211; Zr\u00f3bmy ok\u0142adk\u0119 \u2013 kreatywne warsztaty dla dzieci<\/p>\n\n\n\n<p><img loading=\"lazy\" decoding=\"async\" height=\"16\" width=\"16\" alt=\"&#x1f535;\" src=\"https:\/\/static.xx.fbcdn.net\/images\/emoji.php\/v9\/tef\/1\/16\/1f535.png\">Filia biblioteczna w Czatkowicach<\/p>\n\n\n\n<p>* 8.05 \u2013 15.05 \u2013 Quiz wiedzy o literaturze dzieci\u0119cej<\/p>\n\n\n\n<p>* 8.05 \u2013 15.05 \u2013 \u201eMoja ulubiona posta\u0107 z ksi\u0105\u017cki\u201d \u2013 konkurs plastyczny dla uczni\u00f3w SP<\/p>\n\n\n\n<p>* 8.05 \u2013 Spotkanie autorskie z Ann\u0105 Gibasiewicz, autork\u0105 ksi\u0105\u017cki \u201eBa\u015b\u0144 o perle\u201d dla grup szkolnych<\/p>\n\n\n\n<p>* 12.05 \u2013 Turniej Gier Planszowych<\/p>\n\n\n\n<p>* 15.05 &#8211; Ludek Czytalski \u2013 zaj\u0119cia biblioteczne<\/p>\n\n\n\n<p>* 16.05 \u2013 Ksi\u0119ga marze\u0144 \u2013 spektakl teatralny w wykonaniu teatru Krak \u2013 Art dla grup szkolnych<\/p>\n\n\n\n<p><img loading=\"lazy\" decoding=\"async\" height=\"16\" width=\"16\" alt=\"&#x1f535;\" src=\"https:\/\/static.xx.fbcdn.net\/images\/emoji.php\/v9\/tef\/1\/16\/1f535.png\">Filia biblioteczna w Potaszni<\/p>\n\n\n\n<p>* 8.05 \u2013 15.05 \u2013 Quiz wiedzy o literaturze dzieci\u0119cej<\/p>\n\n\n\n<p>* 08.05 &#8211; Ksi\u0105\u017cka przyjacielem dziecka &#8211; zak\u0142adka przyjacielem ksi\u0105\u017cki \u2013 warsztaty dla dzieci<\/p>\n\n\n\n<p>* 12.05 &#8211; Biblioteczne kubki &#8211; zainspiruj si\u0119 bajkowo \u2013 warsztaty dla dzieci<\/p>\n\n\n\n<p>* 15.05 \u2013 Ksi\u0119ga marze\u0144 \u2013 spektakl teatralny dla dzieci w wykonaniu teatru Krak \u2013 Art<\/p>\n\n\n\n<p><img loading=\"lazy\" decoding=\"async\" height=\"16\" width=\"16\" alt=\"&#x1f535;\" src=\"https:\/\/static.xx.fbcdn.net\/images\/emoji.php\/v9\/tef\/1\/16\/1f535.png\">Filia biblioteczna w Dunkowej<\/p>\n\n\n\n<p>* 16.05 \u2013 Ksi\u0119ga marze\u0144 \u2013 spektakl w wykonaniu teatru Krak \u2013 Art dla grup szkolnych<\/p>\n\n\n\n<p>* 28.05 \u2013 W poszukiwaniu warto\u015bciowych dr\u00f3g \u017cycia &#8211; spotkanie autorskie z Urszul\u0105 Ewrertowsk\u0105, autork\u0105 ksi\u0105\u017cki Sagesse dla grup szkolnych<\/p>\n\n\n\n<figure class=\"wp-block-image size-large\"><img loading=\"lazy\" decoding=\"async\" width=\"724\" height=\"1024\" src=\"https:\/\/biblioteka-milicz.pl\/wp-content\/uploads\/2025\/05\/tydzien-bibliotek-25-724x1024.png\" alt=\"\" class=\"wp-image-5766\" srcset=\"https:\/\/biblioteka-milicz.pl\/wp-content\/uploads\/2025\/05\/tydzien-bibliotek-25-724x1024.png 724w, https:\/\/biblioteka-milicz.pl\/wp-content\/uploads\/2025\/05\/tydzien-bibliotek-25-212x300.png 212w, https:\/\/biblioteka-milicz.pl\/wp-content\/uploads\/2025\/05\/tydzien-bibliotek-25-768x1086.png 768w, https:\/\/biblioteka-milicz.pl\/wp-content\/uploads\/2025\/05\/tydzien-bibliotek-25-1086x1536.png 1086w, https:\/\/biblioteka-milicz.pl\/wp-content\/uploads\/2025\/05\/tydzien-bibliotek-25-1448x2048.png 1448w, https:\/\/biblioteka-milicz.pl\/wp-content\/uploads\/2025\/05\/tydzien-bibliotek-25.png 1587w\" sizes=\"auto, (max-width: 724px) 100vw, 724px\" \/><\/figure>\n","protected":false},"excerpt":{"rendered":"<p>Ju\u017c niebawem zaczynamy Og\u00f3lnopolski Tydzie\u0144 Bibliotek, kt\u00f3ry w tym roku odbywa si\u0119 pod has\u0142em \u201eBiblioteka. Lubi\u0119 tu by\u0107\u201d. Oto, co przygotowali\u015bmy dla naszych Czytelnik\u00f3w. Biblioteka Publiczna w Miliczu Wypo\u017cyczalnia dla Doros\u0142ych * 5.05 \u2013&#46;&#46;&#46;<\/p>\n","protected":false},"author":2,"featured_media":5766,"comment_status":"closed","ping_status":"closed","sticky":false,"template":"","format":"standard","meta":{"_uag_custom_page_level_css":"","footnotes":""},"categories":[3],"tags":[],"class_list":["post-5765","post","type-post","status-publish","format-standard","has-post-thumbnail","hentry","category-aktualnosci"],"uagb_featured_image_src":{"full":["https:\/\/biblioteka-milicz.pl\/wp-content\/uploads\/2025\/05\/tydzien-bibliotek-25.png",1587,2245,false],"thumbnail":["https:\/\/biblioteka-milicz.pl\/wp-content\/uploads\/2025\/05\/tydzien-bibliotek-25-150x150.png",150,150,true],"medium":["https:\/\/biblioteka-milicz.pl\/wp-content\/uploads\/2025\/05\/tydzien-bibliotek-25-212x300.png",212,300,true],"medium_large":["https:\/\/biblioteka-milicz.pl\/wp-content\/uploads\/2025\/05\/tydzien-bibliotek-25-768x1086.png",768,1086,true],"large":["https:\/\/biblioteka-milicz.pl\/wp-content\/uploads\/2025\/05\/tydzien-bibliotek-25-724x1024.png",724,1024,true],"1536x1536":["https:\/\/biblioteka-milicz.pl\/wp-content\/uploads\/2025\/05\/tydzien-bibliotek-25-1086x1536.png",1086,1536,true],"2048x2048":["https:\/\/biblioteka-milicz.pl\/wp-content\/uploads\/2025\/05\/tydzien-bibliotek-25-1448x2048.png",1448,2048,true],"thumb-small":["https:\/\/biblioteka-milicz.pl\/wp-content\/uploads\/2025\/05\/tydzien-bibliotek-25-80x80.png",80,80,true],"thumb-standard":["https:\/\/biblioteka-milicz.pl\/wp-content\/uploads\/2025\/05\/tydzien-bibliotek-25-320x320.png",320,320,true],"thumb-medium":["https:\/\/biblioteka-milicz.pl\/wp-content\/uploads\/2025\/05\/tydzien-bibliotek-25-520x245.png",520,245,true],"thumb-large":["https:\/\/biblioteka-milicz.pl\/wp-content\/uploads\/2025\/05\/tydzien-bibliotek-25-720x340.png",720,340,true],"thumb-xlarge":["https:\/\/biblioteka-milicz.pl\/wp-content\/uploads\/2025\/05\/tydzien-bibliotek-25-980x450.png",980,450,true],"thumb-xxlarge":["https:\/\/biblioteka-milicz.pl\/wp-content\/uploads\/2025\/05\/tydzien-bibliotek-25-1320x500.png",1320,500,true]},"uagb_author_info":{"display_name":"Marlena Grodzi\u0144ska","author_link":"https:\/\/biblioteka-milicz.pl\/index.php\/author\/marlena\/"},"uagb_comment_info":0,"uagb_excerpt":"Ju\u017c niebawem zaczynamy Og\u00f3lnopolski Tydzie\u0144 Bibliotek, kt\u00f3ry w tym roku odbywa si\u0119 pod has\u0142em \u201eBiblioteka. Lubi\u0119 tu by\u0107\u201d. Oto, co przygotowali\u015bmy dla naszych Czytelnik\u00f3w. Biblioteka Publiczna w Miliczu Wypo\u017cyczalnia dla Doros\u0142ych * 5.05 \u2013&#46;&#46;&#46;","_links":{"self":[{"href":"https:\/\/biblioteka-milicz.pl\/index.php\/wp-json\/wp\/v2\/posts\/5765","targetHints":{"allow":["GET"]}}],"collection":[{"href":"https:\/\/biblioteka-milicz.pl\/index.php\/wp-json\/wp\/v2\/posts"}],"about":[{"href":"https:\/\/biblioteka-milicz.pl\/index.php\/wp-json\/wp\/v2\/types\/post"}],"author":[{"embeddable":true,"href":"https:\/\/biblioteka-milicz.pl\/index.php\/wp-json\/wp\/v2\/users\/2"}],"replies":[{"embeddable":true,"href":"https:\/\/biblioteka-milicz.pl\/index.php\/wp-json\/wp\/v2\/comments?post=5765"}],"version-history":[{"count":1,"href":"https:\/\/biblioteka-milicz.pl\/index.php\/wp-json\/wp\/v2\/posts\/5765\/revisions"}],"predecessor-version":[{"id":5767,"href":"https:\/\/biblioteka-milicz.pl\/index.php\/wp-json\/wp\/v2\/posts\/5765\/revisions\/5767"}],"wp:featuredmedia":[{"embeddable":true,"href":"https:\/\/biblioteka-milicz.pl\/index.php\/wp-json\/wp\/v2\/media\/5766"}],"wp:attachment":[{"href":"https:\/\/biblioteka-milicz.pl\/index.php\/wp-json\/wp\/v2\/media?parent=5765"}],"wp:term":[{"taxonomy":"category","embeddable":true,"href":"https:\/\/biblioteka-milicz.pl\/index.php\/wp-json\/wp\/v2\/categories?post=5765"},{"taxonomy":"post_tag","embeddable":true,"href":"https:\/\/biblioteka-milicz.pl\/index.php\/wp-json\/wp\/v2\/tags?post=5765"}],"curies":[{"name":"wp","href":"https:\/\/api.w.org\/{rel}","templated":true}]}}