{"id":532,"date":"2019-10-09T12:52:00","date_gmt":"2019-10-09T10:52:00","guid":{"rendered":"http:\/\/biblioteka-milicz.pl\/?p=532"},"modified":"2022-03-13T18:53:37","modified_gmt":"2022-03-13T17:53:37","slug":"pierwsze-zajecia-w-bibliotece","status":"publish","type":"post","link":"https:\/\/biblioteka-milicz.pl\/index.php\/2019\/10\/09\/pierwsze-zajecia-w-bibliotece\/","title":{"rendered":"Pierwsze zaj\u0119cia w bibliotece"},"content":{"rendered":"\n<p>W \u015brodowy poranek, 9 pa\u017adziernika, do milickiej biblioteki zawitali podopieczni Milickiego Stowarzyszenia Dzieci i Os\u00f3b Niepe\u0142nosprawnych wraz z opiekunkami: pani\u0105 Iz\u0105 i pani\u0105 Natali\u0105. By\u0142y to pierwsze zaj\u0119cia cykliczne, podczas kt\u00f3rych uczestnicy zapoznali si\u0119 z zasadami panuj\u0105cymi w bibliotece, a tak\u017ce dowiedzieli si\u0119, co trzeba zrobi\u0107, aby dosta\u0107 kart\u0119 biblioteczn\u0105 i m\u00f3c wypo\u017cycza\u0107 ksi\u0105\u017cki. Go\u015bcie z ciekawo\u015bci\u0105 zajrzeli te\u017c do oddzia\u0142u dzieci\u0119cego, z kt\u00f3rego nie mieli ochoty wychodzi\u0107, przegl\u0105daj\u0105c z zaciekawieniem kolorowe ksi\u0105\u017cki i opowiadaj\u0105c z przej\u0119ciem o swoich zainteresowaniach. Po zwiedzeniu biblioteki grupa uda\u0142a si\u0119 do czytelni, gdzie czeka\u0142a na nich prezentacja multimedialna zwi\u0105zana z bibliotek\u0105 i ksi\u0105\u017ck\u0105. Uczestnicy z ogromnym zaanga\u017cowaniem w\u0142\u0105czali si\u0119 do rozmowy dotycz\u0105cej wy\u015bwietlanych slajd\u00f3w. Na koniec spotkania by\u0142y jeszcze \u0142amig\u0142\u00f3wki i prace plastyczne o tematyce jesiennej. Niestety wszystko, co dobre, szybko si\u0119 ko\u0144czy, ale ju\u017c nied\u0142ugo znowu si\u0119 zobaczymy na kolejnych zaj\u0119ciach.<\/p>\n\n\n\n<figure class=\"wp-block-gallery has-nested-images columns-default is-cropped wp-block-gallery-1 is-layout-flex wp-block-gallery-is-layout-flex\">\n<figure class=\"wp-block-image size-large\"><img loading=\"lazy\" decoding=\"async\" width=\"960\" height=\"640\" data-id=\"2117\" src=\"http:\/\/biblioteka-milicz.pl\/wp-content\/uploads\/2022\/03\/71874814_963277934021664_6767789919193530368_o.jpg\" alt=\"\" class=\"wp-image-2117\" srcset=\"https:\/\/biblioteka-milicz.pl\/wp-content\/uploads\/2022\/03\/71874814_963277934021664_6767789919193530368_o.jpg 960w, https:\/\/biblioteka-milicz.pl\/wp-content\/uploads\/2022\/03\/71874814_963277934021664_6767789919193530368_o-300x200.jpg 300w, https:\/\/biblioteka-milicz.pl\/wp-content\/uploads\/2022\/03\/71874814_963277934021664_6767789919193530368_o-768x512.jpg 768w\" sizes=\"auto, (max-width: 960px) 100vw, 960px\" \/><\/figure>\n\n\n\n<figure class=\"wp-block-image size-large\"><img loading=\"lazy\" decoding=\"async\" width=\"960\" height=\"640\" data-id=\"2119\" src=\"http:\/\/biblioteka-milicz.pl\/wp-content\/uploads\/2022\/03\/71885609_963278077354983_289167679749619712_o.jpg\" alt=\"\" class=\"wp-image-2119\" srcset=\"https:\/\/biblioteka-milicz.pl\/wp-content\/uploads\/2022\/03\/71885609_963278077354983_289167679749619712_o.jpg 960w, https:\/\/biblioteka-milicz.pl\/wp-content\/uploads\/2022\/03\/71885609_963278077354983_289167679749619712_o-300x200.jpg 300w, https:\/\/biblioteka-milicz.pl\/wp-content\/uploads\/2022\/03\/71885609_963278077354983_289167679749619712_o-768x512.jpg 768w\" sizes=\"auto, (max-width: 960px) 100vw, 960px\" \/><\/figure>\n\n\n\n<figure class=\"wp-block-image size-large\"><img loading=\"lazy\" decoding=\"async\" width=\"960\" height=\"640\" data-id=\"2120\" src=\"http:\/\/biblioteka-milicz.pl\/wp-content\/uploads\/2022\/03\/72272648_963277947354996_648341810300583936_o-1.jpg\" alt=\"\" class=\"wp-image-2120\" srcset=\"https:\/\/biblioteka-milicz.pl\/wp-content\/uploads\/2022\/03\/72272648_963277947354996_648341810300583936_o-1.jpg 960w, https:\/\/biblioteka-milicz.pl\/wp-content\/uploads\/2022\/03\/72272648_963277947354996_648341810300583936_o-1-300x200.jpg 300w, https:\/\/biblioteka-milicz.pl\/wp-content\/uploads\/2022\/03\/72272648_963277947354996_648341810300583936_o-1-768x512.jpg 768w\" sizes=\"auto, (max-width: 960px) 100vw, 960px\" \/><\/figure>\n\n\n\n<figure class=\"wp-block-image size-large\"><img loading=\"lazy\" decoding=\"async\" width=\"960\" height=\"431\" data-id=\"2116\" src=\"http:\/\/biblioteka-milicz.pl\/wp-content\/uploads\/2022\/03\/72447885_963277830688341_8963794310952648704_o.jpg\" alt=\"\" class=\"wp-image-2116\" srcset=\"https:\/\/biblioteka-milicz.pl\/wp-content\/uploads\/2022\/03\/72447885_963277830688341_8963794310952648704_o.jpg 960w, https:\/\/biblioteka-milicz.pl\/wp-content\/uploads\/2022\/03\/72447885_963277830688341_8963794310952648704_o-300x135.jpg 300w, https:\/\/biblioteka-milicz.pl\/wp-content\/uploads\/2022\/03\/72447885_963277830688341_8963794310952648704_o-768x345.jpg 768w\" sizes=\"auto, (max-width: 960px) 100vw, 960px\" \/><\/figure>\n\n\n\n<figure class=\"wp-block-image size-large\"><img loading=\"lazy\" decoding=\"async\" width=\"960\" height=\"640\" data-id=\"2121\" src=\"http:\/\/biblioteka-milicz.pl\/wp-content\/uploads\/2022\/03\/72636364_963277890688335_3569402463343607808_o.jpg\" alt=\"\" class=\"wp-image-2121\" srcset=\"https:\/\/biblioteka-milicz.pl\/wp-content\/uploads\/2022\/03\/72636364_963277890688335_3569402463343607808_o.jpg 960w, https:\/\/biblioteka-milicz.pl\/wp-content\/uploads\/2022\/03\/72636364_963277890688335_3569402463343607808_o-300x200.jpg 300w, https:\/\/biblioteka-milicz.pl\/wp-content\/uploads\/2022\/03\/72636364_963277890688335_3569402463343607808_o-768x512.jpg 768w\" sizes=\"auto, (max-width: 960px) 100vw, 960px\" \/><\/figure>\n\n\n\n<figure class=\"wp-block-image size-large\"><img loading=\"lazy\" decoding=\"async\" width=\"960\" height=\"640\" data-id=\"2118\" src=\"http:\/\/biblioteka-milicz.pl\/wp-content\/uploads\/2022\/03\/72675839_963278017354989_3230425489516527616_o.jpg\" alt=\"\" class=\"wp-image-2118\" srcset=\"https:\/\/biblioteka-milicz.pl\/wp-content\/uploads\/2022\/03\/72675839_963278017354989_3230425489516527616_o.jpg 960w, https:\/\/biblioteka-milicz.pl\/wp-content\/uploads\/2022\/03\/72675839_963278017354989_3230425489516527616_o-300x200.jpg 300w, https:\/\/biblioteka-milicz.pl\/wp-content\/uploads\/2022\/03\/72675839_963278017354989_3230425489516527616_o-768x512.jpg 768w\" sizes=\"auto, (max-width: 960px) 100vw, 960px\" \/><\/figure>\n\n\n\n<figure class=\"wp-block-image size-large\"><img loading=\"lazy\" decoding=\"async\" width=\"960\" height=\"628\" data-id=\"2122\" src=\"http:\/\/biblioteka-milicz.pl\/wp-content\/uploads\/2022\/03\/72692481_963277810688343_935697572197040128_o.jpg\" alt=\"\" class=\"wp-image-2122\" srcset=\"https:\/\/biblioteka-milicz.pl\/wp-content\/uploads\/2022\/03\/72692481_963277810688343_935697572197040128_o.jpg 960w, https:\/\/biblioteka-milicz.pl\/wp-content\/uploads\/2022\/03\/72692481_963277810688343_935697572197040128_o-300x196.jpg 300w, https:\/\/biblioteka-milicz.pl\/wp-content\/uploads\/2022\/03\/72692481_963277810688343_935697572197040128_o-768x502.jpg 768w\" sizes=\"auto, (max-width: 960px) 100vw, 960px\" \/><\/figure>\n\n\n\n<figure class=\"wp-block-image size-large\"><img loading=\"lazy\" decoding=\"async\" width=\"960\" height=\"640\" data-id=\"2123\" src=\"http:\/\/biblioteka-milicz.pl\/wp-content\/uploads\/2022\/03\/72759240_963278040688320_9169676390079922176_o.jpg\" alt=\"\" class=\"wp-image-2123\" srcset=\"https:\/\/biblioteka-milicz.pl\/wp-content\/uploads\/2022\/03\/72759240_963278040688320_9169676390079922176_o.jpg 960w, https:\/\/biblioteka-milicz.pl\/wp-content\/uploads\/2022\/03\/72759240_963278040688320_9169676390079922176_o-300x200.jpg 300w, https:\/\/biblioteka-milicz.pl\/wp-content\/uploads\/2022\/03\/72759240_963278040688320_9169676390079922176_o-768x512.jpg 768w\" sizes=\"auto, (max-width: 960px) 100vw, 960px\" \/><\/figure>\n\n\n\n<figure class=\"wp-block-image size-large\"><img loading=\"lazy\" decoding=\"async\" width=\"960\" height=\"640\" data-id=\"2124\" src=\"http:\/\/biblioteka-milicz.pl\/wp-content\/uploads\/2022\/03\/73084700_963277967354994_1738464764121579520_o.jpg\" alt=\"\" class=\"wp-image-2124\" srcset=\"https:\/\/biblioteka-milicz.pl\/wp-content\/uploads\/2022\/03\/73084700_963277967354994_1738464764121579520_o.jpg 960w, https:\/\/biblioteka-milicz.pl\/wp-content\/uploads\/2022\/03\/73084700_963277967354994_1738464764121579520_o-300x200.jpg 300w, https:\/\/biblioteka-milicz.pl\/wp-content\/uploads\/2022\/03\/73084700_963277967354994_1738464764121579520_o-768x512.jpg 768w\" sizes=\"auto, (max-width: 960px) 100vw, 960px\" \/><\/figure>\n<\/figure>\n","protected":false},"excerpt":{"rendered":"<p>W \u015brodowy poranek, 9 pa\u017adziernika, do milickiej biblioteki zawitali podopieczni Milickiego Stowarzyszenia Dzieci i Os\u00f3b Niepe\u0142nosprawnych wraz z opiekunkami: pani\u0105 Iz\u0105 i pani\u0105 Natali\u0105. By\u0142y to pierwsze zaj\u0119cia cykliczne, podczas kt\u00f3rych uczestnicy zapoznali si\u0119&#46;&#46;&#46;<\/p>\n","protected":false},"author":1,"featured_media":533,"comment_status":"closed","ping_status":"open","sticky":false,"template":"","format":"standard","meta":{"_uag_custom_page_level_css":"","footnotes":""},"categories":[3],"tags":[],"class_list":["post-532","post","type-post","status-publish","format-standard","has-post-thumbnail","hentry","category-aktualnosci"],"uagb_featured_image_src":{"full":["https:\/\/biblioteka-milicz.pl\/wp-content\/uploads\/2022\/03\/72272648_963277947354996_648341810300583936_o.jpg",960,640,false],"thumbnail":["https:\/\/biblioteka-milicz.pl\/wp-content\/uploads\/2022\/03\/72272648_963277947354996_648341810300583936_o-150x150.jpg",150,150,true],"medium":["https:\/\/biblioteka-milicz.pl\/wp-content\/uploads\/2022\/03\/72272648_963277947354996_648341810300583936_o-300x200.jpg",300,200,true],"medium_large":["https:\/\/biblioteka-milicz.pl\/wp-content\/uploads\/2022\/03\/72272648_963277947354996_648341810300583936_o-768x512.jpg",768,512,true],"large":["https:\/\/biblioteka-milicz.pl\/wp-content\/uploads\/2022\/03\/72272648_963277947354996_648341810300583936_o.jpg",960,640,false],"1536x1536":["https:\/\/biblioteka-milicz.pl\/wp-content\/uploads\/2022\/03\/72272648_963277947354996_648341810300583936_o.jpg",960,640,false],"2048x2048":["https:\/\/biblioteka-milicz.pl\/wp-content\/uploads\/2022\/03\/72272648_963277947354996_648341810300583936_o.jpg",960,640,false],"thumb-small":["https:\/\/biblioteka-milicz.pl\/wp-content\/uploads\/2022\/03\/72272648_963277947354996_648341810300583936_o-80x80.jpg",80,80,true],"thumb-standard":["https:\/\/biblioteka-milicz.pl\/wp-content\/uploads\/2022\/03\/72272648_963277947354996_648341810300583936_o-320x320.jpg",320,320,true],"thumb-medium":["https:\/\/biblioteka-milicz.pl\/wp-content\/uploads\/2022\/03\/72272648_963277947354996_648341810300583936_o-520x245.jpg",520,245,true],"thumb-large":["https:\/\/biblioteka-milicz.pl\/wp-content\/uploads\/2022\/03\/72272648_963277947354996_648341810300583936_o-720x340.jpg",720,340,true],"thumb-xlarge":["https:\/\/biblioteka-milicz.pl\/wp-content\/uploads\/2022\/03\/72272648_963277947354996_648341810300583936_o-960x450.jpg",960,450,true],"thumb-xxlarge":["https:\/\/biblioteka-milicz.pl\/wp-content\/uploads\/2022\/03\/72272648_963277947354996_648341810300583936_o-960x500.jpg",960,500,true]},"uagb_author_info":{"display_name":"admin","author_link":"https:\/\/biblioteka-milicz.pl\/index.php\/author\/admin\/"},"uagb_comment_info":0,"uagb_excerpt":"W \u015brodowy poranek, 9 pa\u017adziernika, do milickiej biblioteki zawitali podopieczni Milickiego Stowarzyszenia Dzieci i Os\u00f3b Niepe\u0142nosprawnych wraz z opiekunkami: pani\u0105 Iz\u0105 i pani\u0105 Natali\u0105. By\u0142y to pierwsze zaj\u0119cia cykliczne, podczas kt\u00f3rych uczestnicy zapoznali si\u0119&#46;&#46;&#46;","_links":{"self":[{"href":"https:\/\/biblioteka-milicz.pl\/index.php\/wp-json\/wp\/v2\/posts\/532","targetHints":{"allow":["GET"]}}],"collection":[{"href":"https:\/\/biblioteka-milicz.pl\/index.php\/wp-json\/wp\/v2\/posts"}],"about":[{"href":"https:\/\/biblioteka-milicz.pl\/index.php\/wp-json\/wp\/v2\/types\/post"}],"author":[{"embeddable":true,"href":"https:\/\/biblioteka-milicz.pl\/index.php\/wp-json\/wp\/v2\/users\/1"}],"replies":[{"embeddable":true,"href":"https:\/\/biblioteka-milicz.pl\/index.php\/wp-json\/wp\/v2\/comments?post=532"}],"version-history":[{"count":2,"href":"https:\/\/biblioteka-milicz.pl\/index.php\/wp-json\/wp\/v2\/posts\/532\/revisions"}],"predecessor-version":[{"id":2125,"href":"https:\/\/biblioteka-milicz.pl\/index.php\/wp-json\/wp\/v2\/posts\/532\/revisions\/2125"}],"wp:featuredmedia":[{"embeddable":true,"href":"https:\/\/biblioteka-milicz.pl\/index.php\/wp-json\/wp\/v2\/media\/533"}],"wp:attachment":[{"href":"https:\/\/biblioteka-milicz.pl\/index.php\/wp-json\/wp\/v2\/media?parent=532"}],"wp:term":[{"taxonomy":"category","embeddable":true,"href":"https:\/\/biblioteka-milicz.pl\/index.php\/wp-json\/wp\/v2\/categories?post=532"},{"taxonomy":"post_tag","embeddable":true,"href":"https:\/\/biblioteka-milicz.pl\/index.php\/wp-json\/wp\/v2\/tags?post=532"}],"curies":[{"name":"wp","href":"https:\/\/api.w.org\/{rel}","templated":true}]}}