{"id":5280,"date":"2025-01-22T10:56:02","date_gmt":"2025-01-22T09:56:02","guid":{"rendered":"https:\/\/biblioteka-milicz.pl\/?p=5280"},"modified":"2025-01-30T11:05:04","modified_gmt":"2025-01-30T10:05:04","slug":"tamte-swieta-na-ekranie","status":"publish","type":"post","link":"https:\/\/biblioteka-milicz.pl\/index.php\/2025\/01\/22\/tamte-swieta-na-ekranie\/","title":{"rendered":"\u201eTamte \u015bwi\u0119ta\u201d na ekranie"},"content":{"rendered":"\n<p>We wtorkowe popo\u0142udnie, 21 stycznia w filii bibliotecznej w Potaszni odby\u0142o si\u0119 spotkanie z cyklu &nbsp;\u201eZimowe kino w bibliotece\u201d.<\/p>\n\n\n\n<p>Cho\u0107 w kalendarzu zima w pe\u0142ni, to aura za oknem na to nie wskazuje, dlatego postanowili\u015bmy obejrze\u0107 film, w kt\u00f3rym &nbsp;\u015bniegu &nbsp;b\u0119dzie pod dostatkiem. Wybrali\u015bmy animacj\u0119 &nbsp;&#8222;Tamte \u015bwi\u0119ta&#8221;, jest to ekranizacja trylogii ksi\u0105\u017cek dla dzieci autorstwa Richarda Curtisa.<\/p>\n\n\n\n<p>Rzecz dzieje si\u0119 w nadmorskiej, brytyjskiej miejscowo\u015bci Wellington. Ciep\u0142a i zabawna historia opowiada o przyja\u017ani, mi\u0142o\u015bci, ale te\u017c o samotno\u015bci. I cho\u0107 od &nbsp;\u015bwi\u0105t min\u0105\u0142 miesi\u0105c, mi\u0142o by\u0142o na chwil\u0119 wr\u00f3ci\u0107 do tej niezwyk\u0142ej atmosfery i przypomnie\u0107 sobie, \u017ce to co najwa\u017cniejsze w \u015bwi\u0119ta i nie tylko w \u015bwi\u0119ta, to czas sp\u0119dzony z rodzin\u0105<\/p>\n\n\n\n<p><\/p>\n\n\n\n<figure class=\"wp-block-image size-large\"><img loading=\"lazy\" decoding=\"async\" width=\"1024\" height=\"684\" src=\"https:\/\/biblioteka-milicz.pl\/wp-content\/uploads\/2025\/01\/IMG_6663-1024x684.jpg\" alt=\"\" class=\"wp-image-5281\" srcset=\"https:\/\/biblioteka-milicz.pl\/wp-content\/uploads\/2025\/01\/IMG_6663-1024x684.jpg 1024w, https:\/\/biblioteka-milicz.pl\/wp-content\/uploads\/2025\/01\/IMG_6663-300x200.jpg 300w, https:\/\/biblioteka-milicz.pl\/wp-content\/uploads\/2025\/01\/IMG_6663-768x513.jpg 768w, https:\/\/biblioteka-milicz.pl\/wp-content\/uploads\/2025\/01\/IMG_6663-1536x1026.jpg 1536w, https:\/\/biblioteka-milicz.pl\/wp-content\/uploads\/2025\/01\/IMG_6663.jpg 2048w\" sizes=\"auto, (max-width: 1024px) 100vw, 1024px\" \/><\/figure>\n","protected":false},"excerpt":{"rendered":"<p>We wtorkowe popo\u0142udnie, 21 stycznia w filii bibliotecznej w Potaszni odby\u0142o si\u0119 spotkanie z cyklu &nbsp;\u201eZimowe kino w bibliotece\u201d. Cho\u0107 w kalendarzu zima w pe\u0142ni, to aura za oknem na to nie wskazuje, dlatego&#46;&#46;&#46;<\/p>\n","protected":false},"author":2,"featured_media":5281,"comment_status":"closed","ping_status":"closed","sticky":false,"template":"","format":"standard","meta":{"_uag_custom_page_level_css":"","footnotes":""},"categories":[3],"tags":[],"class_list":["post-5280","post","type-post","status-publish","format-standard","has-post-thumbnail","hentry","category-aktualnosci"],"uagb_featured_image_src":{"full":["https:\/\/biblioteka-milicz.pl\/wp-content\/uploads\/2025\/01\/IMG_6663.jpg",2048,1368,false],"thumbnail":["https:\/\/biblioteka-milicz.pl\/wp-content\/uploads\/2025\/01\/IMG_6663-150x150.jpg",150,150,true],"medium":["https:\/\/biblioteka-milicz.pl\/wp-content\/uploads\/2025\/01\/IMG_6663-300x200.jpg",300,200,true],"medium_large":["https:\/\/biblioteka-milicz.pl\/wp-content\/uploads\/2025\/01\/IMG_6663-768x513.jpg",768,513,true],"large":["https:\/\/biblioteka-milicz.pl\/wp-content\/uploads\/2025\/01\/IMG_6663-1024x684.jpg",1024,684,true],"1536x1536":["https:\/\/biblioteka-milicz.pl\/wp-content\/uploads\/2025\/01\/IMG_6663-1536x1026.jpg",1536,1026,true],"2048x2048":["https:\/\/biblioteka-milicz.pl\/wp-content\/uploads\/2025\/01\/IMG_6663.jpg",2048,1368,false],"thumb-small":["https:\/\/biblioteka-milicz.pl\/wp-content\/uploads\/2025\/01\/IMG_6663-80x80.jpg",80,80,true],"thumb-standard":["https:\/\/biblioteka-milicz.pl\/wp-content\/uploads\/2025\/01\/IMG_6663-320x320.jpg",320,320,true],"thumb-medium":["https:\/\/biblioteka-milicz.pl\/wp-content\/uploads\/2025\/01\/IMG_6663-520x245.jpg",520,245,true],"thumb-large":["https:\/\/biblioteka-milicz.pl\/wp-content\/uploads\/2025\/01\/IMG_6663-720x340.jpg",720,340,true],"thumb-xlarge":["https:\/\/biblioteka-milicz.pl\/wp-content\/uploads\/2025\/01\/IMG_6663-980x450.jpg",980,450,true],"thumb-xxlarge":["https:\/\/biblioteka-milicz.pl\/wp-content\/uploads\/2025\/01\/IMG_6663-1320x500.jpg",1320,500,true]},"uagb_author_info":{"display_name":"Marlena Grodzi\u0144ska","author_link":"https:\/\/biblioteka-milicz.pl\/index.php\/author\/marlena\/"},"uagb_comment_info":0,"uagb_excerpt":"We wtorkowe popo\u0142udnie, 21 stycznia w filii bibliotecznej w Potaszni odby\u0142o si\u0119 spotkanie z cyklu &nbsp;\u201eZimowe kino w bibliotece\u201d. Cho\u0107 w kalendarzu zima w pe\u0142ni, to aura za oknem na to nie wskazuje, dlatego&#46;&#46;&#46;","_links":{"self":[{"href":"https:\/\/biblioteka-milicz.pl\/index.php\/wp-json\/wp\/v2\/posts\/5280","targetHints":{"allow":["GET"]}}],"collection":[{"href":"https:\/\/biblioteka-milicz.pl\/index.php\/wp-json\/wp\/v2\/posts"}],"about":[{"href":"https:\/\/biblioteka-milicz.pl\/index.php\/wp-json\/wp\/v2\/types\/post"}],"author":[{"embeddable":true,"href":"https:\/\/biblioteka-milicz.pl\/index.php\/wp-json\/wp\/v2\/users\/2"}],"replies":[{"embeddable":true,"href":"https:\/\/biblioteka-milicz.pl\/index.php\/wp-json\/wp\/v2\/comments?post=5280"}],"version-history":[{"count":1,"href":"https:\/\/biblioteka-milicz.pl\/index.php\/wp-json\/wp\/v2\/posts\/5280\/revisions"}],"predecessor-version":[{"id":5282,"href":"https:\/\/biblioteka-milicz.pl\/index.php\/wp-json\/wp\/v2\/posts\/5280\/revisions\/5282"}],"wp:featuredmedia":[{"embeddable":true,"href":"https:\/\/biblioteka-milicz.pl\/index.php\/wp-json\/wp\/v2\/media\/5281"}],"wp:attachment":[{"href":"https:\/\/biblioteka-milicz.pl\/index.php\/wp-json\/wp\/v2\/media?parent=5280"}],"wp:term":[{"taxonomy":"category","embeddable":true,"href":"https:\/\/biblioteka-milicz.pl\/index.php\/wp-json\/wp\/v2\/categories?post=5280"},{"taxonomy":"post_tag","embeddable":true,"href":"https:\/\/biblioteka-milicz.pl\/index.php\/wp-json\/wp\/v2\/tags?post=5280"}],"curies":[{"name":"wp","href":"https:\/\/api.w.org\/{rel}","templated":true}]}}