{"id":517,"date":"2019-10-15T12:48:00","date_gmt":"2019-10-15T10:48:00","guid":{"rendered":"http:\/\/biblioteka-milicz.pl\/?p=517"},"modified":"2022-03-13T18:47:28","modified_gmt":"2022-03-13T17:47:28","slug":"urodziny-kubusia-puchatka","status":"publish","type":"post","link":"https:\/\/biblioteka-milicz.pl\/index.php\/2019\/10\/15\/urodziny-kubusia-puchatka\/","title":{"rendered":"Urodziny Kubusia Puchatka"},"content":{"rendered":"\n<p>Dzie\u0144 urodzin Kubusia Puchatka, w pa\u017adzierniku \u015bwi\u0119tuj\u0105 tysi\u0105ce dzieci na ca\u0142ym \u015bwiecie. Dlatego te\u017c dzi\u015b w su\u0142owskiej bibliotece, spotka\u0142y si\u0119 dzieci z zer\u00f3wki, aby pos\u0142ucha\u0107 opowie\u015bci o tym kochanym pluszaku, kt\u00f3rego uwielbiaj\u0105 zar\u00f3wno dzieci jak i doro\u015bli. Tym ostatnim bowiem, kojarzy si\u0119 on z beztroskim dzieci\u0144stwem. Maluchy wykona\u0142y p\u00f3\u017aniej portret Misia &#8222;o ma\u0142ym rozumku ale wielkim serduszku&#8221;.<\/p>\n\n\n\n<figure class=\"wp-block-gallery has-nested-images columns-default is-cropped wp-block-gallery-1 is-layout-flex wp-block-gallery-is-layout-flex\">\n<figure class=\"wp-block-image size-large\"><img loading=\"lazy\" decoding=\"async\" width=\"960\" height=\"540\" data-id=\"1983\" src=\"http:\/\/biblioteka-milicz.pl\/wp-content\/uploads\/2022\/03\/72303272_967539206928870_1837779771103117312_n-1.jpg\" alt=\"\" class=\"wp-image-1983\" srcset=\"https:\/\/biblioteka-milicz.pl\/wp-content\/uploads\/2022\/03\/72303272_967539206928870_1837779771103117312_n-1.jpg 960w, https:\/\/biblioteka-milicz.pl\/wp-content\/uploads\/2022\/03\/72303272_967539206928870_1837779771103117312_n-1-300x169.jpg 300w, https:\/\/biblioteka-milicz.pl\/wp-content\/uploads\/2022\/03\/72303272_967539206928870_1837779771103117312_n-1-768x432.jpg 768w\" sizes=\"auto, (max-width: 960px) 100vw, 960px\" \/><\/figure>\n\n\n\n<figure class=\"wp-block-image size-large\"><img loading=\"lazy\" decoding=\"async\" width=\"960\" height=\"540\" data-id=\"1982\" src=\"http:\/\/biblioteka-milicz.pl\/wp-content\/uploads\/2022\/03\/72465877_967539260262198_4155060299700895744_n.jpg\" alt=\"\" class=\"wp-image-1982\" srcset=\"https:\/\/biblioteka-milicz.pl\/wp-content\/uploads\/2022\/03\/72465877_967539260262198_4155060299700895744_n.jpg 960w, https:\/\/biblioteka-milicz.pl\/wp-content\/uploads\/2022\/03\/72465877_967539260262198_4155060299700895744_n-300x169.jpg 300w, https:\/\/biblioteka-milicz.pl\/wp-content\/uploads\/2022\/03\/72465877_967539260262198_4155060299700895744_n-768x432.jpg 768w\" sizes=\"auto, (max-width: 960px) 100vw, 960px\" \/><\/figure>\n\n\n\n<figure class=\"wp-block-image size-large\"><img loading=\"lazy\" decoding=\"async\" width=\"960\" height=\"386\" data-id=\"1985\" src=\"http:\/\/biblioteka-milicz.pl\/wp-content\/uploads\/2022\/03\/72590771_967539496928841_5086785834602987520_o.jpg\" alt=\"\" class=\"wp-image-1985\" srcset=\"https:\/\/biblioteka-milicz.pl\/wp-content\/uploads\/2022\/03\/72590771_967539496928841_5086785834602987520_o.jpg 960w, https:\/\/biblioteka-milicz.pl\/wp-content\/uploads\/2022\/03\/72590771_967539496928841_5086785834602987520_o-300x121.jpg 300w, https:\/\/biblioteka-milicz.pl\/wp-content\/uploads\/2022\/03\/72590771_967539496928841_5086785834602987520_o-768x309.jpg 768w\" sizes=\"auto, (max-width: 960px) 100vw, 960px\" \/><\/figure>\n\n\n\n<figure class=\"wp-block-image size-large\"><img loading=\"lazy\" decoding=\"async\" width=\"540\" height=\"960\" data-id=\"1984\" src=\"http:\/\/biblioteka-milicz.pl\/wp-content\/uploads\/2022\/03\/73144039_967539223595535_2841217503068160000_n.jpg\" alt=\"\" class=\"wp-image-1984\" srcset=\"https:\/\/biblioteka-milicz.pl\/wp-content\/uploads\/2022\/03\/73144039_967539223595535_2841217503068160000_n.jpg 540w, https:\/\/biblioteka-milicz.pl\/wp-content\/uploads\/2022\/03\/73144039_967539223595535_2841217503068160000_n-169x300.jpg 169w\" sizes=\"auto, (max-width: 540px) 100vw, 540px\" \/><\/figure>\n<\/figure>\n","protected":false},"excerpt":{"rendered":"<p>Dzie\u0144 urodzin Kubusia Puchatka, w pa\u017adzierniku \u015bwi\u0119tuj\u0105 tysi\u0105ce dzieci na ca\u0142ym \u015bwiecie. Dlatego te\u017c dzi\u015b w su\u0142owskiej bibliotece, spotka\u0142y si\u0119 dzieci z zer\u00f3wki, aby pos\u0142ucha\u0107 opowie\u015bci o tym kochanym pluszaku, kt\u00f3rego uwielbiaj\u0105 zar\u00f3wno dzieci&#46;&#46;&#46;<\/p>\n","protected":false},"author":1,"featured_media":518,"comment_status":"closed","ping_status":"open","sticky":false,"template":"","format":"standard","meta":{"_uag_custom_page_level_css":"","footnotes":""},"categories":[3],"tags":[],"class_list":["post-517","post","type-post","status-publish","format-standard","has-post-thumbnail","hentry","category-aktualnosci"],"uagb_featured_image_src":{"full":["https:\/\/biblioteka-milicz.pl\/wp-content\/uploads\/2022\/03\/72303272_967539206928870_1837779771103117312_n.jpg",960,540,false],"thumbnail":["https:\/\/biblioteka-milicz.pl\/wp-content\/uploads\/2022\/03\/72303272_967539206928870_1837779771103117312_n-150x150.jpg",150,150,true],"medium":["https:\/\/biblioteka-milicz.pl\/wp-content\/uploads\/2022\/03\/72303272_967539206928870_1837779771103117312_n-300x169.jpg",300,169,true],"medium_large":["https:\/\/biblioteka-milicz.pl\/wp-content\/uploads\/2022\/03\/72303272_967539206928870_1837779771103117312_n-768x432.jpg",768,432,true],"large":["https:\/\/biblioteka-milicz.pl\/wp-content\/uploads\/2022\/03\/72303272_967539206928870_1837779771103117312_n.jpg",960,540,false],"1536x1536":["https:\/\/biblioteka-milicz.pl\/wp-content\/uploads\/2022\/03\/72303272_967539206928870_1837779771103117312_n.jpg",960,540,false],"2048x2048":["https:\/\/biblioteka-milicz.pl\/wp-content\/uploads\/2022\/03\/72303272_967539206928870_1837779771103117312_n.jpg",960,540,false],"thumb-small":["https:\/\/biblioteka-milicz.pl\/wp-content\/uploads\/2022\/03\/72303272_967539206928870_1837779771103117312_n-80x80.jpg",80,80,true],"thumb-standard":["https:\/\/biblioteka-milicz.pl\/wp-content\/uploads\/2022\/03\/72303272_967539206928870_1837779771103117312_n-320x320.jpg",320,320,true],"thumb-medium":["https:\/\/biblioteka-milicz.pl\/wp-content\/uploads\/2022\/03\/72303272_967539206928870_1837779771103117312_n-520x245.jpg",520,245,true],"thumb-large":["https:\/\/biblioteka-milicz.pl\/wp-content\/uploads\/2022\/03\/72303272_967539206928870_1837779771103117312_n-720x340.jpg",720,340,true],"thumb-xlarge":["https:\/\/biblioteka-milicz.pl\/wp-content\/uploads\/2022\/03\/72303272_967539206928870_1837779771103117312_n-960x450.jpg",960,450,true],"thumb-xxlarge":["https:\/\/biblioteka-milicz.pl\/wp-content\/uploads\/2022\/03\/72303272_967539206928870_1837779771103117312_n-960x500.jpg",960,500,true]},"uagb_author_info":{"display_name":"admin","author_link":"https:\/\/biblioteka-milicz.pl\/index.php\/author\/admin\/"},"uagb_comment_info":0,"uagb_excerpt":"Dzie\u0144 urodzin Kubusia Puchatka, w pa\u017adzierniku \u015bwi\u0119tuj\u0105 tysi\u0105ce dzieci na ca\u0142ym \u015bwiecie. Dlatego te\u017c dzi\u015b w su\u0142owskiej bibliotece, spotka\u0142y si\u0119 dzieci z zer\u00f3wki, aby pos\u0142ucha\u0107 opowie\u015bci o tym kochanym pluszaku, kt\u00f3rego uwielbiaj\u0105 zar\u00f3wno dzieci&#46;&#46;&#46;","_links":{"self":[{"href":"https:\/\/biblioteka-milicz.pl\/index.php\/wp-json\/wp\/v2\/posts\/517","targetHints":{"allow":["GET"]}}],"collection":[{"href":"https:\/\/biblioteka-milicz.pl\/index.php\/wp-json\/wp\/v2\/posts"}],"about":[{"href":"https:\/\/biblioteka-milicz.pl\/index.php\/wp-json\/wp\/v2\/types\/post"}],"author":[{"embeddable":true,"href":"https:\/\/biblioteka-milicz.pl\/index.php\/wp-json\/wp\/v2\/users\/1"}],"replies":[{"embeddable":true,"href":"https:\/\/biblioteka-milicz.pl\/index.php\/wp-json\/wp\/v2\/comments?post=517"}],"version-history":[{"count":2,"href":"https:\/\/biblioteka-milicz.pl\/index.php\/wp-json\/wp\/v2\/posts\/517\/revisions"}],"predecessor-version":[{"id":1986,"href":"https:\/\/biblioteka-milicz.pl\/index.php\/wp-json\/wp\/v2\/posts\/517\/revisions\/1986"}],"wp:featuredmedia":[{"embeddable":true,"href":"https:\/\/biblioteka-milicz.pl\/index.php\/wp-json\/wp\/v2\/media\/518"}],"wp:attachment":[{"href":"https:\/\/biblioteka-milicz.pl\/index.php\/wp-json\/wp\/v2\/media?parent=517"}],"wp:term":[{"taxonomy":"category","embeddable":true,"href":"https:\/\/biblioteka-milicz.pl\/index.php\/wp-json\/wp\/v2\/categories?post=517"},{"taxonomy":"post_tag","embeddable":true,"href":"https:\/\/biblioteka-milicz.pl\/index.php\/wp-json\/wp\/v2\/tags?post=517"}],"curies":[{"name":"wp","href":"https:\/\/api.w.org\/{rel}","templated":true}]}}