{"id":5141,"date":"2024-10-28T12:21:05","date_gmt":"2024-10-28T11:21:05","guid":{"rendered":"https:\/\/biblioteka-milicz.pl\/?p=5141"},"modified":"2024-11-29T12:21:46","modified_gmt":"2024-11-29T11:21:46","slug":"literacko-plastyczne-warsztaty-o-jesieni","status":"publish","type":"post","link":"https:\/\/biblioteka-milicz.pl\/index.php\/2024\/10\/28\/literacko-plastyczne-warsztaty-o-jesieni\/","title":{"rendered":"Literacko-plastyczne warsztaty o jesieni"},"content":{"rendered":"\n<p>W czwartek, 24 pa\u017adziernika w naszej bibliotece go\u015bcili\u015bmy podopiecznych ze \u015arodowiskowego Domu Samopomocy w Miliczu. Spotkanie rozpocz\u0119li\u015bmy od literackiej podr\u00f3\u017cy przez jesie\u0144, wys\u0142uchuj\u0105c wierszy: <em>\u201eJesieni\u0105\u201d<\/em> Marii Konopnickiej, <em>\u201eJesie\u0144\u201d<\/em> J\u00f3zefa Czechowicza, <em>\u201eWiewi\u00f3rka\u201d<\/em> W\u0142adys\u0142awa Broniewskiego oraz <em>\u201eJesie\u0144 chodzi po lesie\u201d<\/em> Anny Wareckiej. Najwi\u0119ksz\u0105 atrakcj\u0105 spotkania okaza\u0142o si\u0119 rozwi\u0105zywanie krzy\u017c\u00f3wki, oczywi\u015bcie z has\u0142em JESIE\u0143. Nieocenionym znawc\u0105 wiedzy o jesieni okaza\u0142 si\u0119 Jan. Gratulujemy wiedzy. Nie zabrak\u0142o te\u017c czasu na cz\u0119\u015b\u0107 plastyczn\u0105. W ruch posz\u0142y mazaki, klej, w\u0142\u00f3czka i pi\u0119kne kolorowe jesienne li\u015bcie. Uczestnicy ochoczo i z doskona\u0142\u0105 precyzj\u0105 podeszli do wykonywanych prac.<\/p>\n\n\n\n<p>Dzi\u0119kujemy naszym go\u015bciom ze \u015arodowiskowego Domu Samopomocy w Milicz za udzia\u0142 w zaj\u0119ciach. To by\u0142 bardzo mi\u0142y i owocny dzie\u0144.<\/p>\n\n\n\n<figure class=\"wp-block-gallery has-nested-images columns-default is-cropped wp-block-gallery-1 is-layout-flex wp-block-gallery-is-layout-flex\">\n<figure class=\"wp-block-image size-large\"><img loading=\"lazy\" decoding=\"async\" width=\"736\" height=\"1000\" data-id=\"5146\" src=\"https:\/\/biblioteka-milicz.pl\/wp-content\/uploads\/2024\/11\/Jesien2-1.jpg\" alt=\"\" class=\"wp-image-5146\" srcset=\"https:\/\/biblioteka-milicz.pl\/wp-content\/uploads\/2024\/11\/Jesien2-1.jpg 736w, https:\/\/biblioteka-milicz.pl\/wp-content\/uploads\/2024\/11\/Jesien2-1-221x300.jpg 221w\" sizes=\"auto, (max-width: 736px) 100vw, 736px\" \/><\/figure>\n\n\n\n<figure class=\"wp-block-image size-large\"><img loading=\"lazy\" decoding=\"async\" width=\"736\" height=\"1000\" data-id=\"5147\" src=\"https:\/\/biblioteka-milicz.pl\/wp-content\/uploads\/2024\/11\/Jesien3-1.jpg\" alt=\"\" class=\"wp-image-5147\" srcset=\"https:\/\/biblioteka-milicz.pl\/wp-content\/uploads\/2024\/11\/Jesien3-1.jpg 736w, https:\/\/biblioteka-milicz.pl\/wp-content\/uploads\/2024\/11\/Jesien3-1-221x300.jpg 221w\" sizes=\"auto, (max-width: 736px) 100vw, 736px\" \/><\/figure>\n\n\n\n<figure class=\"wp-block-image size-large\"><img loading=\"lazy\" decoding=\"async\" width=\"736\" height=\"1000\" data-id=\"5145\" src=\"https:\/\/biblioteka-milicz.pl\/wp-content\/uploads\/2024\/11\/Jesien4.jpg\" alt=\"\" class=\"wp-image-5145\" srcset=\"https:\/\/biblioteka-milicz.pl\/wp-content\/uploads\/2024\/11\/Jesien4.jpg 736w, https:\/\/biblioteka-milicz.pl\/wp-content\/uploads\/2024\/11\/Jesien4-221x300.jpg 221w\" sizes=\"auto, (max-width: 736px) 100vw, 736px\" \/><\/figure>\n\n\n\n<figure class=\"wp-block-image size-large\"><img loading=\"lazy\" decoding=\"async\" width=\"1024\" height=\"768\" data-id=\"5148\" src=\"https:\/\/biblioteka-milicz.pl\/wp-content\/uploads\/2024\/11\/Jesien1-1-1024x768.jpg\" alt=\"\" class=\"wp-image-5148\" srcset=\"https:\/\/biblioteka-milicz.pl\/wp-content\/uploads\/2024\/11\/Jesien1-1-1024x768.jpg 1024w, https:\/\/biblioteka-milicz.pl\/wp-content\/uploads\/2024\/11\/Jesien1-1-300x225.jpg 300w, https:\/\/biblioteka-milicz.pl\/wp-content\/uploads\/2024\/11\/Jesien1-1-768x576.jpg 768w, https:\/\/biblioteka-milicz.pl\/wp-content\/uploads\/2024\/11\/Jesien1-1-1536x1152.jpg 1536w, https:\/\/biblioteka-milicz.pl\/wp-content\/uploads\/2024\/11\/Jesien1-1.jpg 2048w\" sizes=\"auto, (max-width: 1024px) 100vw, 1024px\" \/><\/figure>\n<\/figure>\n","protected":false},"excerpt":{"rendered":"<p>W czwartek, 24 pa\u017adziernika w naszej bibliotece go\u015bcili\u015bmy podopiecznych ze \u015arodowiskowego Domu Samopomocy w Miliczu. Spotkanie rozpocz\u0119li\u015bmy od literackiej podr\u00f3\u017cy przez jesie\u0144, wys\u0142uchuj\u0105c wierszy: \u201eJesieni\u0105\u201d Marii Konopnickiej, \u201eJesie\u0144\u201d J\u00f3zefa Czechowicza, \u201eWiewi\u00f3rka\u201d W\u0142adys\u0142awa Broniewskiego oraz&#46;&#46;&#46;<\/p>\n","protected":false},"author":2,"featured_media":5144,"comment_status":"closed","ping_status":"closed","sticky":false,"template":"","format":"standard","meta":{"_uag_custom_page_level_css":"","footnotes":""},"categories":[3],"tags":[],"class_list":["post-5141","post","type-post","status-publish","format-standard","has-post-thumbnail","hentry","category-aktualnosci"],"uagb_featured_image_src":{"full":["https:\/\/biblioteka-milicz.pl\/wp-content\/uploads\/2024\/11\/Jesien1.jpg",2048,1536,false],"thumbnail":["https:\/\/biblioteka-milicz.pl\/wp-content\/uploads\/2024\/11\/Jesien1-150x150.jpg",150,150,true],"medium":["https:\/\/biblioteka-milicz.pl\/wp-content\/uploads\/2024\/11\/Jesien1-300x225.jpg",300,225,true],"medium_large":["https:\/\/biblioteka-milicz.pl\/wp-content\/uploads\/2024\/11\/Jesien1-768x576.jpg",768,576,true],"large":["https:\/\/biblioteka-milicz.pl\/wp-content\/uploads\/2024\/11\/Jesien1-1024x768.jpg",1024,768,true],"1536x1536":["https:\/\/biblioteka-milicz.pl\/wp-content\/uploads\/2024\/11\/Jesien1-1536x1152.jpg",1536,1152,true],"2048x2048":["https:\/\/biblioteka-milicz.pl\/wp-content\/uploads\/2024\/11\/Jesien1.jpg",2048,1536,false],"thumb-small":["https:\/\/biblioteka-milicz.pl\/wp-content\/uploads\/2024\/11\/Jesien1-80x80.jpg",80,80,true],"thumb-standard":["https:\/\/biblioteka-milicz.pl\/wp-content\/uploads\/2024\/11\/Jesien1-320x320.jpg",320,320,true],"thumb-medium":["https:\/\/biblioteka-milicz.pl\/wp-content\/uploads\/2024\/11\/Jesien1-520x245.jpg",520,245,true],"thumb-large":["https:\/\/biblioteka-milicz.pl\/wp-content\/uploads\/2024\/11\/Jesien1-720x340.jpg",720,340,true],"thumb-xlarge":["https:\/\/biblioteka-milicz.pl\/wp-content\/uploads\/2024\/11\/Jesien1-980x450.jpg",980,450,true],"thumb-xxlarge":["https:\/\/biblioteka-milicz.pl\/wp-content\/uploads\/2024\/11\/Jesien1-1320x500.jpg",1320,500,true]},"uagb_author_info":{"display_name":"Marlena Grodzi\u0144ska","author_link":"https:\/\/biblioteka-milicz.pl\/index.php\/author\/marlena\/"},"uagb_comment_info":0,"uagb_excerpt":"W czwartek, 24 pa\u017adziernika w naszej bibliotece go\u015bcili\u015bmy podopiecznych ze \u015arodowiskowego Domu Samopomocy w Miliczu. Spotkanie rozpocz\u0119li\u015bmy od literackiej podr\u00f3\u017cy przez jesie\u0144, wys\u0142uchuj\u0105c wierszy: \u201eJesieni\u0105\u201d Marii Konopnickiej, \u201eJesie\u0144\u201d J\u00f3zefa Czechowicza, \u201eWiewi\u00f3rka\u201d W\u0142adys\u0142awa Broniewskiego oraz&#46;&#46;&#46;","_links":{"self":[{"href":"https:\/\/biblioteka-milicz.pl\/index.php\/wp-json\/wp\/v2\/posts\/5141","targetHints":{"allow":["GET"]}}],"collection":[{"href":"https:\/\/biblioteka-milicz.pl\/index.php\/wp-json\/wp\/v2\/posts"}],"about":[{"href":"https:\/\/biblioteka-milicz.pl\/index.php\/wp-json\/wp\/v2\/types\/post"}],"author":[{"embeddable":true,"href":"https:\/\/biblioteka-milicz.pl\/index.php\/wp-json\/wp\/v2\/users\/2"}],"replies":[{"embeddable":true,"href":"https:\/\/biblioteka-milicz.pl\/index.php\/wp-json\/wp\/v2\/comments?post=5141"}],"version-history":[{"count":1,"href":"https:\/\/biblioteka-milicz.pl\/index.php\/wp-json\/wp\/v2\/posts\/5141\/revisions"}],"predecessor-version":[{"id":5149,"href":"https:\/\/biblioteka-milicz.pl\/index.php\/wp-json\/wp\/v2\/posts\/5141\/revisions\/5149"}],"wp:featuredmedia":[{"embeddable":true,"href":"https:\/\/biblioteka-milicz.pl\/index.php\/wp-json\/wp\/v2\/media\/5144"}],"wp:attachment":[{"href":"https:\/\/biblioteka-milicz.pl\/index.php\/wp-json\/wp\/v2\/media?parent=5141"}],"wp:term":[{"taxonomy":"category","embeddable":true,"href":"https:\/\/biblioteka-milicz.pl\/index.php\/wp-json\/wp\/v2\/categories?post=5141"},{"taxonomy":"post_tag","embeddable":true,"href":"https:\/\/biblioteka-milicz.pl\/index.php\/wp-json\/wp\/v2\/tags?post=5141"}],"curies":[{"name":"wp","href":"https:\/\/api.w.org\/{rel}","templated":true}]}}