{"id":5047,"date":"2024-11-06T11:14:42","date_gmt":"2024-11-06T10:14:42","guid":{"rendered":"https:\/\/biblioteka-milicz.pl\/?p=5047"},"modified":"2024-11-26T11:56:40","modified_gmt":"2024-11-26T10:56:40","slug":"bajkowe-chwile-z-rybkami","status":"publish","type":"post","link":"https:\/\/biblioteka-milicz.pl\/index.php\/2024\/11\/06\/bajkowe-chwile-z-rybkami\/","title":{"rendered":"Bajkowe chwile z Rybkami"},"content":{"rendered":"\n<p><strong>\u201eJe\u017celi chcesz, aby twoje dzieci by\u0142y inteligentne, czytaj im bajki. Je\u017celi chcesz, aby by\u0142y bardziej inteligentne, czytaj im wi\u0119cej bajek.\u201d \u2013 Albert Einstein<\/strong><\/p>\n\n\n\n<p>Czytajmy nie tylko w <strong>Mi\u0119dzynarodowy Dzie\u0144 Postaci z Bajek<\/strong>, ale ka\u017cdego dnia, w ka\u017cdej wolnej chwili, zawsze i wsz\u0119dzie. Bajki to skarbnica wiedzy, wyobra\u017ani i warto\u015bci, kt\u00f3re rozweselaj\u0105, ucz\u0105 i otwieraj\u0105 na \u015bwiat. Dzieci, kt\u00f3re dorastaj\u0105 w otoczeniu ksi\u0105\u017cek, \u0142atwiej rozwijaj\u0105 swoje talenty, wyobra\u017ani\u0119 i empati\u0119.<\/p>\n\n\n\n<p>6 listopada nasz Oddzia\u0142 Dzieci\u0119cy mia\u0142 zaszczyt go\u015bci\u0107 grup\u0119 \u201eRybki\u201d z Przedszkola Samorz\u0105dowego w Miliczu, kt\u00f3re przyby\u0142y, by wsp\u00f3lnie z nami \u015bwi\u0119towa\u0107 dzie\u0144 pe\u0142en bajkowych przyg\u00f3d. W wyborowym towarzystwie klasyk\u00f3w literatury dzieci\u0119cej \u2013 takich autor\u00f3w jak Andersen, bracia Grimm, Jan Brzechwa czy Julian Tuwim \u2013 sp\u0119dzili\u015bmy czas na wsp\u00f3lnym czytaniu, zabawach i zagadkach.<\/p>\n\n\n\n<p>Ka\u017cde spotkanie w bibliotece to nie tylko chwile pe\u0142ne rado\u015bci, ale tak\u017ce doskona\u0142a okazja do budowania wi\u0119zi z ksi\u0105\u017ck\u0105 i zach\u0119cania dzieci do rozwijania swoich pasji czytelniczych. Bardzo cieszymy si\u0119, \u017ce mogli\u015bmy wsp\u00f3lnie z \u201eRybkami\u201d sp\u0119dzi\u0107 ten dzie\u0144, pe\u0142en magii literatury!<\/p>\n\n\n\n<figure class=\"wp-block-gallery has-nested-images columns-default is-cropped wp-block-gallery-1 is-layout-flex wp-block-gallery-is-layout-flex\">\n<figure class=\"wp-block-image size-large\"><img loading=\"lazy\" decoding=\"async\" width=\"768\" height=\"1024\" data-id=\"5053\" src=\"https:\/\/biblioteka-milicz.pl\/wp-content\/uploads\/2024\/11\/Rybki6-768x1024.jpg\" alt=\"\" class=\"wp-image-5053\" srcset=\"https:\/\/biblioteka-milicz.pl\/wp-content\/uploads\/2024\/11\/Rybki6-768x1024.jpg 768w, https:\/\/biblioteka-milicz.pl\/wp-content\/uploads\/2024\/11\/Rybki6-225x300.jpg 225w, https:\/\/biblioteka-milicz.pl\/wp-content\/uploads\/2024\/11\/Rybki6-1152x1536.jpg 1152w, https:\/\/biblioteka-milicz.pl\/wp-content\/uploads\/2024\/11\/Rybki6.jpg 1536w\" sizes=\"auto, (max-width: 768px) 100vw, 768px\" \/><\/figure>\n\n\n\n<figure class=\"wp-block-image size-large\"><img loading=\"lazy\" decoding=\"async\" width=\"768\" height=\"1024\" data-id=\"5054\" src=\"https:\/\/biblioteka-milicz.pl\/wp-content\/uploads\/2024\/11\/Rybki3-768x1024.jpg\" alt=\"\" class=\"wp-image-5054\" srcset=\"https:\/\/biblioteka-milicz.pl\/wp-content\/uploads\/2024\/11\/Rybki3-768x1024.jpg 768w, https:\/\/biblioteka-milicz.pl\/wp-content\/uploads\/2024\/11\/Rybki3-225x300.jpg 225w, https:\/\/biblioteka-milicz.pl\/wp-content\/uploads\/2024\/11\/Rybki3-1152x1536.jpg 1152w, https:\/\/biblioteka-milicz.pl\/wp-content\/uploads\/2024\/11\/Rybki3.jpg 1536w\" sizes=\"auto, (max-width: 768px) 100vw, 768px\" \/><\/figure>\n\n\n\n<figure class=\"wp-block-image size-large\"><img loading=\"lazy\" decoding=\"async\" width=\"768\" height=\"1024\" data-id=\"5048\" src=\"https:\/\/biblioteka-milicz.pl\/wp-content\/uploads\/2024\/11\/Rybki4-768x1024.jpg\" alt=\"\" class=\"wp-image-5048\" srcset=\"https:\/\/biblioteka-milicz.pl\/wp-content\/uploads\/2024\/11\/Rybki4-768x1024.jpg 768w, https:\/\/biblioteka-milicz.pl\/wp-content\/uploads\/2024\/11\/Rybki4-225x300.jpg 225w, https:\/\/biblioteka-milicz.pl\/wp-content\/uploads\/2024\/11\/Rybki4-1152x1536.jpg 1152w, https:\/\/biblioteka-milicz.pl\/wp-content\/uploads\/2024\/11\/Rybki4.jpg 1536w\" sizes=\"auto, (max-width: 768px) 100vw, 768px\" \/><\/figure>\n\n\n\n<figure class=\"wp-block-image size-large\"><img loading=\"lazy\" decoding=\"async\" width=\"1024\" height=\"734\" data-id=\"5052\" src=\"https:\/\/biblioteka-milicz.pl\/wp-content\/uploads\/2024\/11\/Rybki1-1024x734.jpg\" alt=\"\" class=\"wp-image-5052\" srcset=\"https:\/\/biblioteka-milicz.pl\/wp-content\/uploads\/2024\/11\/Rybki1-1024x734.jpg 1024w, https:\/\/biblioteka-milicz.pl\/wp-content\/uploads\/2024\/11\/Rybki1-300x215.jpg 300w, https:\/\/biblioteka-milicz.pl\/wp-content\/uploads\/2024\/11\/Rybki1-768x551.jpg 768w, https:\/\/biblioteka-milicz.pl\/wp-content\/uploads\/2024\/11\/Rybki1-1536x1101.jpg 1536w, https:\/\/biblioteka-milicz.pl\/wp-content\/uploads\/2024\/11\/Rybki1.jpg 2048w\" sizes=\"auto, (max-width: 1024px) 100vw, 1024px\" \/><\/figure>\n\n\n\n<figure class=\"wp-block-image size-large\"><img loading=\"lazy\" decoding=\"async\" width=\"1024\" height=\"711\" data-id=\"5055\" src=\"https:\/\/biblioteka-milicz.pl\/wp-content\/uploads\/2024\/11\/Rybki2-1024x711.jpg\" alt=\"\" class=\"wp-image-5055\" srcset=\"https:\/\/biblioteka-milicz.pl\/wp-content\/uploads\/2024\/11\/Rybki2-1024x711.jpg 1024w, https:\/\/biblioteka-milicz.pl\/wp-content\/uploads\/2024\/11\/Rybki2-300x208.jpg 300w, https:\/\/biblioteka-milicz.pl\/wp-content\/uploads\/2024\/11\/Rybki2-768x533.jpg 768w, https:\/\/biblioteka-milicz.pl\/wp-content\/uploads\/2024\/11\/Rybki2-1536x1066.jpg 1536w, https:\/\/biblioteka-milicz.pl\/wp-content\/uploads\/2024\/11\/Rybki2.jpg 2048w\" sizes=\"auto, (max-width: 1024px) 100vw, 1024px\" \/><\/figure>\n<\/figure>\n\n\n\n<p><\/p>\n","protected":false},"excerpt":{"rendered":"<p>\u201eJe\u017celi chcesz, aby twoje dzieci by\u0142y inteligentne, czytaj im bajki. Je\u017celi chcesz, aby by\u0142y bardziej inteligentne, czytaj im wi\u0119cej bajek.\u201d \u2013 Albert Einstein Czytajmy nie tylko w Mi\u0119dzynarodowy Dzie\u0144 Postaci z Bajek, ale ka\u017cdego&#46;&#46;&#46;<\/p>\n","protected":false},"author":2,"featured_media":5052,"comment_status":"closed","ping_status":"closed","sticky":false,"template":"","format":"standard","meta":{"_uag_custom_page_level_css":"","footnotes":""},"categories":[3],"tags":[],"class_list":["post-5047","post","type-post","status-publish","format-standard","has-post-thumbnail","hentry","category-aktualnosci"],"uagb_featured_image_src":{"full":["https:\/\/biblioteka-milicz.pl\/wp-content\/uploads\/2024\/11\/Rybki1.jpg",2048,1468,false],"thumbnail":["https:\/\/biblioteka-milicz.pl\/wp-content\/uploads\/2024\/11\/Rybki1-150x150.jpg",150,150,true],"medium":["https:\/\/biblioteka-milicz.pl\/wp-content\/uploads\/2024\/11\/Rybki1-300x215.jpg",300,215,true],"medium_large":["https:\/\/biblioteka-milicz.pl\/wp-content\/uploads\/2024\/11\/Rybki1-768x551.jpg",768,551,true],"large":["https:\/\/biblioteka-milicz.pl\/wp-content\/uploads\/2024\/11\/Rybki1-1024x734.jpg",1024,734,true],"1536x1536":["https:\/\/biblioteka-milicz.pl\/wp-content\/uploads\/2024\/11\/Rybki1-1536x1101.jpg",1536,1101,true],"2048x2048":["https:\/\/biblioteka-milicz.pl\/wp-content\/uploads\/2024\/11\/Rybki1.jpg",2048,1468,false],"thumb-small":["https:\/\/biblioteka-milicz.pl\/wp-content\/uploads\/2024\/11\/Rybki1-80x80.jpg",80,80,true],"thumb-standard":["https:\/\/biblioteka-milicz.pl\/wp-content\/uploads\/2024\/11\/Rybki1-320x320.jpg",320,320,true],"thumb-medium":["https:\/\/biblioteka-milicz.pl\/wp-content\/uploads\/2024\/11\/Rybki1-520x245.jpg",520,245,true],"thumb-large":["https:\/\/biblioteka-milicz.pl\/wp-content\/uploads\/2024\/11\/Rybki1-720x340.jpg",720,340,true],"thumb-xlarge":["https:\/\/biblioteka-milicz.pl\/wp-content\/uploads\/2024\/11\/Rybki1-980x450.jpg",980,450,true],"thumb-xxlarge":["https:\/\/biblioteka-milicz.pl\/wp-content\/uploads\/2024\/11\/Rybki1-1320x500.jpg",1320,500,true]},"uagb_author_info":{"display_name":"Marlena Grodzi\u0144ska","author_link":"https:\/\/biblioteka-milicz.pl\/index.php\/author\/marlena\/"},"uagb_comment_info":0,"uagb_excerpt":"\u201eJe\u017celi chcesz, aby twoje dzieci by\u0142y inteligentne, czytaj im bajki. Je\u017celi chcesz, aby by\u0142y bardziej inteligentne, czytaj im wi\u0119cej bajek.\u201d \u2013 Albert Einstein Czytajmy nie tylko w Mi\u0119dzynarodowy Dzie\u0144 Postaci z Bajek, ale ka\u017cdego&#46;&#46;&#46;","_links":{"self":[{"href":"https:\/\/biblioteka-milicz.pl\/index.php\/wp-json\/wp\/v2\/posts\/5047","targetHints":{"allow":["GET"]}}],"collection":[{"href":"https:\/\/biblioteka-milicz.pl\/index.php\/wp-json\/wp\/v2\/posts"}],"about":[{"href":"https:\/\/biblioteka-milicz.pl\/index.php\/wp-json\/wp\/v2\/types\/post"}],"author":[{"embeddable":true,"href":"https:\/\/biblioteka-milicz.pl\/index.php\/wp-json\/wp\/v2\/users\/2"}],"replies":[{"embeddable":true,"href":"https:\/\/biblioteka-milicz.pl\/index.php\/wp-json\/wp\/v2\/comments?post=5047"}],"version-history":[{"count":2,"href":"https:\/\/biblioteka-milicz.pl\/index.php\/wp-json\/wp\/v2\/posts\/5047\/revisions"}],"predecessor-version":[{"id":5063,"href":"https:\/\/biblioteka-milicz.pl\/index.php\/wp-json\/wp\/v2\/posts\/5047\/revisions\/5063"}],"wp:featuredmedia":[{"embeddable":true,"href":"https:\/\/biblioteka-milicz.pl\/index.php\/wp-json\/wp\/v2\/media\/5052"}],"wp:attachment":[{"href":"https:\/\/biblioteka-milicz.pl\/index.php\/wp-json\/wp\/v2\/media?parent=5047"}],"wp:term":[{"taxonomy":"category","embeddable":true,"href":"https:\/\/biblioteka-milicz.pl\/index.php\/wp-json\/wp\/v2\/categories?post=5047"},{"taxonomy":"post_tag","embeddable":true,"href":"https:\/\/biblioteka-milicz.pl\/index.php\/wp-json\/wp\/v2\/tags?post=5047"}],"curies":[{"name":"wp","href":"https:\/\/api.w.org\/{rel}","templated":true}]}}