{"id":499,"date":"2019-10-23T12:43:00","date_gmt":"2019-10-23T10:43:00","guid":{"rendered":"http:\/\/biblioteka-milicz.pl\/?p=499"},"modified":"2022-03-12T12:44:05","modified_gmt":"2022-03-12T11:44:05","slug":"spotkanie-z-biblioteka","status":"publish","type":"post","link":"https:\/\/biblioteka-milicz.pl\/index.php\/2019\/10\/23\/spotkanie-z-biblioteka\/","title":{"rendered":"Spotkanie z bibliotek\u0105"},"content":{"rendered":"\n<p>W \u015brod\u0119, 23 pa\u017adziernika, czatkowick\u0105 fili\u0119 biblioteczn\u0105 odwiedzili uczniowie klasy VI wraz z wychowawczyni\u0105 Pani\u0105 Janina Sobolewska z pobliskiej szko\u0142y podstawowej. Z racji tego, \u017ce by\u0142a to pierwsza wizyta w nowym roku szkolnym na pocz\u0105tku przypomnieli\u015bmy sobie zasady panuj\u0105ce w bibliotece. Po ma\u0142ym przypomnieniu nadszed\u0142 czas na g\u0142o\u015bne czytanie. Jeden z uczni\u00f3w przeczyta\u0142 na g\u0142os fragment ksi\u0105\u017cki Marka Krajewskiego pt. \u201eKoniec \u015bwiata w Breslau\u201d. Ksi\u0105\u017cka bardzo zaciekawi\u0142a sz\u00f3stoklasist\u00f3w, dlatego jeden z ochotnik\u00f3w wypo\u017cyczy\u0142 ksi\u0105\u017ck\u0119 do domu sk\u0142adaj\u0105c obietnic\u0119, \u017ce przeczyta j\u0105 do ko\u0144ca i na kolejnych zaj\u0119ciach opowie r\u00f3wie\u015bnikom co by\u0142o dalej. Nast\u0119pnie m\u0142odzie\u017c zmierzy\u0142a si\u0119 z krzy\u017c\u00f3wk\u0105 pn. \u201eSpotkanie z bibliotek\u0105\u201d. Nasze zaj\u0119cia zako\u0144czyli\u015bmy \u0142ama\u0144cami j\u0119zykowymi.<\/p>\n","protected":false},"excerpt":{"rendered":"<p>W \u015brod\u0119, 23 pa\u017adziernika, czatkowick\u0105 fili\u0119 biblioteczn\u0105 odwiedzili uczniowie klasy VI wraz z wychowawczyni\u0105 Pani\u0105 Janina Sobolewska z pobliskiej szko\u0142y podstawowej. Z racji tego, \u017ce by\u0142a to pierwsza wizyta w nowym roku szkolnym na&#46;&#46;&#46;<\/p>\n","protected":false},"author":1,"featured_media":500,"comment_status":"closed","ping_status":"open","sticky":false,"template":"","format":"standard","meta":{"_uag_custom_page_level_css":"","footnotes":""},"categories":[3],"tags":[],"class_list":["post-499","post","type-post","status-publish","format-standard","has-post-thumbnail","hentry","category-aktualnosci"],"uagb_featured_image_src":{"full":["https:\/\/biblioteka-milicz.pl\/wp-content\/uploads\/2022\/03\/74373063_974826659533458_8354169002305519616_n.jpg",960,960,false],"thumbnail":["https:\/\/biblioteka-milicz.pl\/wp-content\/uploads\/2022\/03\/74373063_974826659533458_8354169002305519616_n-150x150.jpg",150,150,true],"medium":["https:\/\/biblioteka-milicz.pl\/wp-content\/uploads\/2022\/03\/74373063_974826659533458_8354169002305519616_n-300x300.jpg",300,300,true],"medium_large":["https:\/\/biblioteka-milicz.pl\/wp-content\/uploads\/2022\/03\/74373063_974826659533458_8354169002305519616_n-768x768.jpg",768,768,true],"large":["https:\/\/biblioteka-milicz.pl\/wp-content\/uploads\/2022\/03\/74373063_974826659533458_8354169002305519616_n.jpg",960,960,false],"1536x1536":["https:\/\/biblioteka-milicz.pl\/wp-content\/uploads\/2022\/03\/74373063_974826659533458_8354169002305519616_n.jpg",960,960,false],"2048x2048":["https:\/\/biblioteka-milicz.pl\/wp-content\/uploads\/2022\/03\/74373063_974826659533458_8354169002305519616_n.jpg",960,960,false],"thumb-small":["https:\/\/biblioteka-milicz.pl\/wp-content\/uploads\/2022\/03\/74373063_974826659533458_8354169002305519616_n-80x80.jpg",80,80,true],"thumb-standard":["https:\/\/biblioteka-milicz.pl\/wp-content\/uploads\/2022\/03\/74373063_974826659533458_8354169002305519616_n-320x320.jpg",320,320,true],"thumb-medium":["https:\/\/biblioteka-milicz.pl\/wp-content\/uploads\/2022\/03\/74373063_974826659533458_8354169002305519616_n-520x245.jpg",520,245,true],"thumb-large":["https:\/\/biblioteka-milicz.pl\/wp-content\/uploads\/2022\/03\/74373063_974826659533458_8354169002305519616_n-720x340.jpg",720,340,true],"thumb-xlarge":["https:\/\/biblioteka-milicz.pl\/wp-content\/uploads\/2022\/03\/74373063_974826659533458_8354169002305519616_n-960x450.jpg",960,450,true],"thumb-xxlarge":["https:\/\/biblioteka-milicz.pl\/wp-content\/uploads\/2022\/03\/74373063_974826659533458_8354169002305519616_n-960x500.jpg",960,500,true]},"uagb_author_info":{"display_name":"admin","author_link":"https:\/\/biblioteka-milicz.pl\/index.php\/author\/admin\/"},"uagb_comment_info":0,"uagb_excerpt":"W \u015brod\u0119, 23 pa\u017adziernika, czatkowick\u0105 fili\u0119 biblioteczn\u0105 odwiedzili uczniowie klasy VI wraz z wychowawczyni\u0105 Pani\u0105 Janina Sobolewska z pobliskiej szko\u0142y podstawowej. Z racji tego, \u017ce by\u0142a to pierwsza wizyta w nowym roku szkolnym na&#46;&#46;&#46;","_links":{"self":[{"href":"https:\/\/biblioteka-milicz.pl\/index.php\/wp-json\/wp\/v2\/posts\/499","targetHints":{"allow":["GET"]}}],"collection":[{"href":"https:\/\/biblioteka-milicz.pl\/index.php\/wp-json\/wp\/v2\/posts"}],"about":[{"href":"https:\/\/biblioteka-milicz.pl\/index.php\/wp-json\/wp\/v2\/types\/post"}],"author":[{"embeddable":true,"href":"https:\/\/biblioteka-milicz.pl\/index.php\/wp-json\/wp\/v2\/users\/1"}],"replies":[{"embeddable":true,"href":"https:\/\/biblioteka-milicz.pl\/index.php\/wp-json\/wp\/v2\/comments?post=499"}],"version-history":[{"count":1,"href":"https:\/\/biblioteka-milicz.pl\/index.php\/wp-json\/wp\/v2\/posts\/499\/revisions"}],"predecessor-version":[{"id":501,"href":"https:\/\/biblioteka-milicz.pl\/index.php\/wp-json\/wp\/v2\/posts\/499\/revisions\/501"}],"wp:featuredmedia":[{"embeddable":true,"href":"https:\/\/biblioteka-milicz.pl\/index.php\/wp-json\/wp\/v2\/media\/500"}],"wp:attachment":[{"href":"https:\/\/biblioteka-milicz.pl\/index.php\/wp-json\/wp\/v2\/media?parent=499"}],"wp:term":[{"taxonomy":"category","embeddable":true,"href":"https:\/\/biblioteka-milicz.pl\/index.php\/wp-json\/wp\/v2\/categories?post=499"},{"taxonomy":"post_tag","embeddable":true,"href":"https:\/\/biblioteka-milicz.pl\/index.php\/wp-json\/wp\/v2\/tags?post=499"}],"curies":[{"name":"wp","href":"https:\/\/api.w.org\/{rel}","templated":true}]}}