{"id":4957,"date":"2024-06-07T14:59:42","date_gmt":"2024-06-07T12:59:42","guid":{"rendered":"https:\/\/biblioteka-milicz.pl\/?p=4957"},"modified":"2024-09-24T15:45:19","modified_gmt":"2024-09-24T13:45:19","slug":"dzien-przyjaciela","status":"publish","type":"post","link":"https:\/\/biblioteka-milicz.pl\/index.php\/2024\/06\/07\/dzien-przyjaciela\/","title":{"rendered":"Dzie\u0144 Przyjaciela"},"content":{"rendered":"\n<p>W filii bibliotecznej w Potaszni dzieci uczestniczy\u0142y w literacko-artystycznych warsztatach po\u015bwi\u0119conych znaczeniu przyja\u017ani.<\/p>\n\n\n\n<p>W cz\u0119\u015bci literackiej mali czytelnicy wys\u0142uchali opowiadania Marka Michalaka pt. &#8222;Wyprawa rowerowa&#8221; z ksi\u0105\u017cki &#8222;Opowie\u015bci o tym, co w \u017cyciu wa\u017cne&#8221;. Historia sta\u0142a si\u0119 inspiracj\u0105 do rozmowy na temat przyja\u017ani. Dzieci zastanawia\u0142y si\u0119, czym jest przyja\u017a\u0144, kim jest przyjaciel oraz kto mo\u017ce nim zosta\u0107. S\u0142owo \u201eprzyjaciel\u201d wywodzi si\u0119 od czasownika \u201esprzyja\u0107\u201d, czyli wspiera\u0107, wsp\u00f3\u0142dzia\u0142a\u0107 i by\u0107 \u017cyczliwym \u2013 w\u0142a\u015bnie o takich relacjach m\u00f3wili\u015bmy na spotkaniu.<\/p>\n\n\n\n<p>Cz\u0119\u015b\u0107 plastyczna dostarczy\u0142a uczestnikom mn\u00f3stwo rado\u015bci. Dzieci stworzy\u0142y pi\u0119kne portrety swoich przyjaci\u00f3\u0142, na kt\u00f3rych pojawili si\u0119 zar\u00f3wno koledzy i kole\u017canki, jak i ukochane zwierz\u0119ta \u2013 pieski oraz kotki. Okaza\u0142o si\u0119, \u017ce prawdziwym przyjacielem mo\u017ce by\u0107 nie tylko cz\u0142owiek, ale tak\u017ce nasz wierny pupil.<\/p>\n\n\n\n<p>Serdecznie dzi\u0119kujemy wszystkim dzieciom za udzia\u0142 w zaj\u0119ciach i wsp\u00f3lnie sp\u0119dzony czas!<\/p>\n\n\n\n<figure class=\"wp-block-image size-large\"><img loading=\"lazy\" decoding=\"async\" width=\"1024\" height=\"661\" src=\"https:\/\/biblioteka-milicz.pl\/wp-content\/uploads\/2024\/09\/DP1-1024x661.jpg\" alt=\"\" class=\"wp-image-4958\" srcset=\"https:\/\/biblioteka-milicz.pl\/wp-content\/uploads\/2024\/09\/DP1-1024x661.jpg 1024w, https:\/\/biblioteka-milicz.pl\/wp-content\/uploads\/2024\/09\/DP1-300x194.jpg 300w, https:\/\/biblioteka-milicz.pl\/wp-content\/uploads\/2024\/09\/DP1-768x496.jpg 768w, https:\/\/biblioteka-milicz.pl\/wp-content\/uploads\/2024\/09\/DP1-1536x991.jpg 1536w, https:\/\/biblioteka-milicz.pl\/wp-content\/uploads\/2024\/09\/DP1.jpg 1728w\" sizes=\"auto, (max-width: 1024px) 100vw, 1024px\" \/><\/figure>\n","protected":false},"excerpt":{"rendered":"<p>W filii bibliotecznej w Potaszni dzieci uczestniczy\u0142y w literacko-artystycznych warsztatach po\u015bwi\u0119conych znaczeniu przyja\u017ani. W cz\u0119\u015bci literackiej mali czytelnicy wys\u0142uchali opowiadania Marka Michalaka pt. &#8222;Wyprawa rowerowa&#8221; z ksi\u0105\u017cki &#8222;Opowie\u015bci o tym, co w \u017cyciu wa\u017cne&#8221;.&#46;&#46;&#46;<\/p>\n","protected":false},"author":2,"featured_media":4958,"comment_status":"closed","ping_status":"closed","sticky":false,"template":"","format":"standard","meta":{"_uag_custom_page_level_css":"","footnotes":""},"categories":[3],"tags":[],"class_list":["post-4957","post","type-post","status-publish","format-standard","has-post-thumbnail","hentry","category-aktualnosci"],"uagb_featured_image_src":{"full":["https:\/\/biblioteka-milicz.pl\/wp-content\/uploads\/2024\/09\/DP1.jpg",1728,1115,false],"thumbnail":["https:\/\/biblioteka-milicz.pl\/wp-content\/uploads\/2024\/09\/DP1-150x150.jpg",150,150,true],"medium":["https:\/\/biblioteka-milicz.pl\/wp-content\/uploads\/2024\/09\/DP1-300x194.jpg",300,194,true],"medium_large":["https:\/\/biblioteka-milicz.pl\/wp-content\/uploads\/2024\/09\/DP1-768x496.jpg",768,496,true],"large":["https:\/\/biblioteka-milicz.pl\/wp-content\/uploads\/2024\/09\/DP1-1024x661.jpg",1024,661,true],"1536x1536":["https:\/\/biblioteka-milicz.pl\/wp-content\/uploads\/2024\/09\/DP1-1536x991.jpg",1536,991,true],"2048x2048":["https:\/\/biblioteka-milicz.pl\/wp-content\/uploads\/2024\/09\/DP1.jpg",1728,1115,false],"thumb-small":["https:\/\/biblioteka-milicz.pl\/wp-content\/uploads\/2024\/09\/DP1-80x80.jpg",80,80,true],"thumb-standard":["https:\/\/biblioteka-milicz.pl\/wp-content\/uploads\/2024\/09\/DP1-320x320.jpg",320,320,true],"thumb-medium":["https:\/\/biblioteka-milicz.pl\/wp-content\/uploads\/2024\/09\/DP1-520x245.jpg",520,245,true],"thumb-large":["https:\/\/biblioteka-milicz.pl\/wp-content\/uploads\/2024\/09\/DP1-720x340.jpg",720,340,true],"thumb-xlarge":["https:\/\/biblioteka-milicz.pl\/wp-content\/uploads\/2024\/09\/DP1-980x450.jpg",980,450,true],"thumb-xxlarge":["https:\/\/biblioteka-milicz.pl\/wp-content\/uploads\/2024\/09\/DP1-1320x500.jpg",1320,500,true]},"uagb_author_info":{"display_name":"Marlena Grodzi\u0144ska","author_link":"https:\/\/biblioteka-milicz.pl\/index.php\/author\/marlena\/"},"uagb_comment_info":0,"uagb_excerpt":"W filii bibliotecznej w Potaszni dzieci uczestniczy\u0142y w literacko-artystycznych warsztatach po\u015bwi\u0119conych znaczeniu przyja\u017ani. W cz\u0119\u015bci literackiej mali czytelnicy wys\u0142uchali opowiadania Marka Michalaka pt. &#8222;Wyprawa rowerowa&#8221; z ksi\u0105\u017cki &#8222;Opowie\u015bci o tym, co w \u017cyciu wa\u017cne&#8221;.&#46;&#46;&#46;","_links":{"self":[{"href":"https:\/\/biblioteka-milicz.pl\/index.php\/wp-json\/wp\/v2\/posts\/4957","targetHints":{"allow":["GET"]}}],"collection":[{"href":"https:\/\/biblioteka-milicz.pl\/index.php\/wp-json\/wp\/v2\/posts"}],"about":[{"href":"https:\/\/biblioteka-milicz.pl\/index.php\/wp-json\/wp\/v2\/types\/post"}],"author":[{"embeddable":true,"href":"https:\/\/biblioteka-milicz.pl\/index.php\/wp-json\/wp\/v2\/users\/2"}],"replies":[{"embeddable":true,"href":"https:\/\/biblioteka-milicz.pl\/index.php\/wp-json\/wp\/v2\/comments?post=4957"}],"version-history":[{"count":1,"href":"https:\/\/biblioteka-milicz.pl\/index.php\/wp-json\/wp\/v2\/posts\/4957\/revisions"}],"predecessor-version":[{"id":4959,"href":"https:\/\/biblioteka-milicz.pl\/index.php\/wp-json\/wp\/v2\/posts\/4957\/revisions\/4959"}],"wp:featuredmedia":[{"embeddable":true,"href":"https:\/\/biblioteka-milicz.pl\/index.php\/wp-json\/wp\/v2\/media\/4958"}],"wp:attachment":[{"href":"https:\/\/biblioteka-milicz.pl\/index.php\/wp-json\/wp\/v2\/media?parent=4957"}],"wp:term":[{"taxonomy":"category","embeddable":true,"href":"https:\/\/biblioteka-milicz.pl\/index.php\/wp-json\/wp\/v2\/categories?post=4957"},{"taxonomy":"post_tag","embeddable":true,"href":"https:\/\/biblioteka-milicz.pl\/index.php\/wp-json\/wp\/v2\/tags?post=4957"}],"curies":[{"name":"wp","href":"https:\/\/api.w.org\/{rel}","templated":true}]}}