{"id":4705,"date":"2023-07-03T09:57:12","date_gmt":"2023-07-03T07:57:12","guid":{"rendered":"https:\/\/biblioteka-milicz.pl\/?p=4705"},"modified":"2023-07-13T10:00:37","modified_gmt":"2023-07-13T08:00:37","slug":"pocztowkowa-zabawa","status":"publish","type":"post","link":"https:\/\/biblioteka-milicz.pl\/index.php\/2023\/07\/03\/pocztowkowa-zabawa\/","title":{"rendered":"Poczt\u00f3wkowa zabawa"},"content":{"rendered":"\n<p>Zapraszamy wszystkich Czytelnik\u00f3w naszej biblioteki, niezale\u017cnie od wieku, do wzi\u0119cia udzia\u0142u w naszej akcji \u201cPozdrowienia z wakacji\u201d!<\/p>\n\n\n\n<p>Kup kartk\u0119 pocztow\u0105 w miejscu, w kt\u00f3rym sp\u0119dzasz wakacje.<\/p>\n\n\n\n<p>Wy\u015blij j\u0105 na adres: Biblioteka Publiczna w Miliczu, ul. Pi\u0142sudskiego 14, 56-300 Milicz.<\/p>\n\n\n\n<p> Wszystkie kartki wezm\u0105 udzia\u0142 w losowaniu drobnych upomink\u00f3w.<\/p>\n\n\n\n<p> Na pozdrowienia z wakacji czekamy do 31 sierpnia.<\/p>\n\n\n\n<p>We wrze\u015bniu wszystkie nades\u0142ane kartki zostan\u0105 zaprezentowane na naszej wystawie.<\/p>\n\n\n\n<figure class=\"wp-block-image size-large\"><img loading=\"lazy\" decoding=\"async\" width=\"724\" height=\"1024\" src=\"https:\/\/biblioteka-milicz.pl\/wp-content\/uploads\/2023\/07\/Pozdrowienia-z-wakacji-724x1024.jpg\" alt=\"\" class=\"wp-image-4706\" srcset=\"https:\/\/biblioteka-milicz.pl\/wp-content\/uploads\/2023\/07\/Pozdrowienia-z-wakacji-724x1024.jpg 724w, https:\/\/biblioteka-milicz.pl\/wp-content\/uploads\/2023\/07\/Pozdrowienia-z-wakacji-212x300.jpg 212w, https:\/\/biblioteka-milicz.pl\/wp-content\/uploads\/2023\/07\/Pozdrowienia-z-wakacji-768x1086.jpg 768w, https:\/\/biblioteka-milicz.pl\/wp-content\/uploads\/2023\/07\/Pozdrowienia-z-wakacji-1086x1536.jpg 1086w, https:\/\/biblioteka-milicz.pl\/wp-content\/uploads\/2023\/07\/Pozdrowienia-z-wakacji.jpg 1448w\" sizes=\"auto, (max-width: 724px) 100vw, 724px\" \/><\/figure>\n","protected":false},"excerpt":{"rendered":"<p>Zapraszamy wszystkich Czytelnik\u00f3w naszej biblioteki, niezale\u017cnie od wieku, do wzi\u0119cia udzia\u0142u w naszej akcji \u201cPozdrowienia z wakacji\u201d! Kup kartk\u0119 pocztow\u0105 w miejscu, w kt\u00f3rym sp\u0119dzasz wakacje. Wy\u015blij j\u0105 na adres: Biblioteka Publiczna w Miliczu,&#46;&#46;&#46;<\/p>\n","protected":false},"author":2,"featured_media":4706,"comment_status":"closed","ping_status":"closed","sticky":false,"template":"","format":"standard","meta":{"_uag_custom_page_level_css":"","footnotes":""},"categories":[3],"tags":[],"class_list":["post-4705","post","type-post","status-publish","format-standard","has-post-thumbnail","hentry","category-aktualnosci"],"uagb_featured_image_src":{"full":["https:\/\/biblioteka-milicz.pl\/wp-content\/uploads\/2023\/07\/Pozdrowienia-z-wakacji.jpg",1448,2048,false],"thumbnail":["https:\/\/biblioteka-milicz.pl\/wp-content\/uploads\/2023\/07\/Pozdrowienia-z-wakacji-150x150.jpg",150,150,true],"medium":["https:\/\/biblioteka-milicz.pl\/wp-content\/uploads\/2023\/07\/Pozdrowienia-z-wakacji-212x300.jpg",212,300,true],"medium_large":["https:\/\/biblioteka-milicz.pl\/wp-content\/uploads\/2023\/07\/Pozdrowienia-z-wakacji-768x1086.jpg",768,1086,true],"large":["https:\/\/biblioteka-milicz.pl\/wp-content\/uploads\/2023\/07\/Pozdrowienia-z-wakacji-724x1024.jpg",724,1024,true],"1536x1536":["https:\/\/biblioteka-milicz.pl\/wp-content\/uploads\/2023\/07\/Pozdrowienia-z-wakacji-1086x1536.jpg",1086,1536,true],"2048x2048":["https:\/\/biblioteka-milicz.pl\/wp-content\/uploads\/2023\/07\/Pozdrowienia-z-wakacji.jpg",1448,2048,false],"thumb-small":["https:\/\/biblioteka-milicz.pl\/wp-content\/uploads\/2023\/07\/Pozdrowienia-z-wakacji-80x80.jpg",80,80,true],"thumb-standard":["https:\/\/biblioteka-milicz.pl\/wp-content\/uploads\/2023\/07\/Pozdrowienia-z-wakacji-320x320.jpg",320,320,true],"thumb-medium":["https:\/\/biblioteka-milicz.pl\/wp-content\/uploads\/2023\/07\/Pozdrowienia-z-wakacji-520x245.jpg",520,245,true],"thumb-large":["https:\/\/biblioteka-milicz.pl\/wp-content\/uploads\/2023\/07\/Pozdrowienia-z-wakacji-720x340.jpg",720,340,true],"thumb-xlarge":["https:\/\/biblioteka-milicz.pl\/wp-content\/uploads\/2023\/07\/Pozdrowienia-z-wakacji-980x450.jpg",980,450,true],"thumb-xxlarge":["https:\/\/biblioteka-milicz.pl\/wp-content\/uploads\/2023\/07\/Pozdrowienia-z-wakacji-1320x500.jpg",1320,500,true]},"uagb_author_info":{"display_name":"Marlena Grodzi\u0144ska","author_link":"https:\/\/biblioteka-milicz.pl\/index.php\/author\/marlena\/"},"uagb_comment_info":0,"uagb_excerpt":"Zapraszamy wszystkich Czytelnik\u00f3w naszej biblioteki, niezale\u017cnie od wieku, do wzi\u0119cia udzia\u0142u w naszej akcji \u201cPozdrowienia z wakacji\u201d! Kup kartk\u0119 pocztow\u0105 w miejscu, w kt\u00f3rym sp\u0119dzasz wakacje. Wy\u015blij j\u0105 na adres: Biblioteka Publiczna w Miliczu,&#46;&#46;&#46;","_links":{"self":[{"href":"https:\/\/biblioteka-milicz.pl\/index.php\/wp-json\/wp\/v2\/posts\/4705","targetHints":{"allow":["GET"]}}],"collection":[{"href":"https:\/\/biblioteka-milicz.pl\/index.php\/wp-json\/wp\/v2\/posts"}],"about":[{"href":"https:\/\/biblioteka-milicz.pl\/index.php\/wp-json\/wp\/v2\/types\/post"}],"author":[{"embeddable":true,"href":"https:\/\/biblioteka-milicz.pl\/index.php\/wp-json\/wp\/v2\/users\/2"}],"replies":[{"embeddable":true,"href":"https:\/\/biblioteka-milicz.pl\/index.php\/wp-json\/wp\/v2\/comments?post=4705"}],"version-history":[{"count":1,"href":"https:\/\/biblioteka-milicz.pl\/index.php\/wp-json\/wp\/v2\/posts\/4705\/revisions"}],"predecessor-version":[{"id":4707,"href":"https:\/\/biblioteka-milicz.pl\/index.php\/wp-json\/wp\/v2\/posts\/4705\/revisions\/4707"}],"wp:featuredmedia":[{"embeddable":true,"href":"https:\/\/biblioteka-milicz.pl\/index.php\/wp-json\/wp\/v2\/media\/4706"}],"wp:attachment":[{"href":"https:\/\/biblioteka-milicz.pl\/index.php\/wp-json\/wp\/v2\/media?parent=4705"}],"wp:term":[{"taxonomy":"category","embeddable":true,"href":"https:\/\/biblioteka-milicz.pl\/index.php\/wp-json\/wp\/v2\/categories?post=4705"},{"taxonomy":"post_tag","embeddable":true,"href":"https:\/\/biblioteka-milicz.pl\/index.php\/wp-json\/wp\/v2\/tags?post=4705"}],"curies":[{"name":"wp","href":"https:\/\/api.w.org\/{rel}","templated":true}]}}