{"id":466,"date":"2019-11-05T12:33:00","date_gmt":"2019-11-05T11:33:00","guid":{"rendered":"http:\/\/biblioteka-milicz.pl\/?p=466"},"modified":"2022-03-13T12:45:53","modified_gmt":"2022-03-13T11:45:53","slug":"swiatowy-dzien-postaci-z-bajek","status":"publish","type":"post","link":"https:\/\/biblioteka-milicz.pl\/index.php\/2019\/11\/05\/swiatowy-dzien-postaci-z-bajek\/","title":{"rendered":"\u015awiatowy dzie\u0144 postaci z bajek"},"content":{"rendered":"\n<p>We wtorek, 5 listopada do naszej filii bibliotecznej w Su\u0142owie przysz\u0142a klasa trzecia. Jako \u017ce wizyta ta zbieg\u0142a si\u0119 z obchodzonym na ca\u0142ym \u015bwiecie Dniem Postaci z Bajek, temat spotkania nasun\u0105\u0142 si\u0119 sam. I jak si\u0119 okazuje, ile dzieci, tylu ulubionych bohater\u00f3w. By\u0142o te\u017c g\u0142o\u015bne czytanie, ale jak\u017ce inne ni\u017c zawsze. Dzieci same czyta\u0142y kolejne fragmenty ksi\u0105\u017cki o przygodach Franklina. Taka forma spotkania bardzo im si\u0119 spodoba\u0142a i ju\u017c um\u00f3wili\u015bmy si\u0119, \u017ce w grudniu te\u017c czytamy razem. Na zako\u0144czenie uczniowie wykonali pi\u0119kne portrety znanych bajkowych postaci.<\/p>\n\n\n\n<figure class=\"wp-block-gallery has-nested-images columns-default is-cropped wp-block-gallery-1 is-layout-flex wp-block-gallery-is-layout-flex\">\n<figure class=\"wp-block-image size-full\"><img loading=\"lazy\" decoding=\"async\" width=\"960\" height=\"540\" data-id=\"1775\" src=\"http:\/\/biblioteka-milicz.pl\/wp-content\/uploads\/2022\/03\/75594466_986831988332925_5377702300481486848_n.jpg\" alt=\"\" class=\"wp-image-1775\" srcset=\"https:\/\/biblioteka-milicz.pl\/wp-content\/uploads\/2022\/03\/75594466_986831988332925_5377702300481486848_n.jpg 960w, https:\/\/biblioteka-milicz.pl\/wp-content\/uploads\/2022\/03\/75594466_986831988332925_5377702300481486848_n-300x169.jpg 300w, https:\/\/biblioteka-milicz.pl\/wp-content\/uploads\/2022\/03\/75594466_986831988332925_5377702300481486848_n-768x432.jpg 768w\" sizes=\"auto, (max-width: 960px) 100vw, 960px\" \/><\/figure>\n\n\n\n<figure class=\"wp-block-image size-full\"><img loading=\"lazy\" decoding=\"async\" width=\"960\" height=\"540\" data-id=\"1775\" src=\"http:\/\/biblioteka-milicz.pl\/wp-content\/uploads\/2022\/03\/75594466_986831988332925_5377702300481486848_n.jpg\" alt=\"\" class=\"wp-image-1775\" srcset=\"https:\/\/biblioteka-milicz.pl\/wp-content\/uploads\/2022\/03\/75594466_986831988332925_5377702300481486848_n.jpg 960w, https:\/\/biblioteka-milicz.pl\/wp-content\/uploads\/2022\/03\/75594466_986831988332925_5377702300481486848_n-300x169.jpg 300w, https:\/\/biblioteka-milicz.pl\/wp-content\/uploads\/2022\/03\/75594466_986831988332925_5377702300481486848_n-768x432.jpg 768w\" sizes=\"auto, (max-width: 960px) 100vw, 960px\" \/><\/figure>\n\n\n\n<figure class=\"wp-block-image size-full\"><img loading=\"lazy\" decoding=\"async\" width=\"960\" height=\"540\" data-id=\"1775\" src=\"http:\/\/biblioteka-milicz.pl\/wp-content\/uploads\/2022\/03\/75594466_986831988332925_5377702300481486848_n.jpg\" alt=\"\" class=\"wp-image-1775\" srcset=\"https:\/\/biblioteka-milicz.pl\/wp-content\/uploads\/2022\/03\/75594466_986831988332925_5377702300481486848_n.jpg 960w, https:\/\/biblioteka-milicz.pl\/wp-content\/uploads\/2022\/03\/75594466_986831988332925_5377702300481486848_n-300x169.jpg 300w, https:\/\/biblioteka-milicz.pl\/wp-content\/uploads\/2022\/03\/75594466_986831988332925_5377702300481486848_n-768x432.jpg 768w\" sizes=\"auto, (max-width: 960px) 100vw, 960px\" \/><\/figure>\n\n\n\n<figure class=\"wp-block-image size-full\"><img loading=\"lazy\" decoding=\"async\" width=\"960\" height=\"540\" data-id=\"1775\" src=\"http:\/\/biblioteka-milicz.pl\/wp-content\/uploads\/2022\/03\/75594466_986831988332925_5377702300481486848_n.jpg\" alt=\"\" class=\"wp-image-1775\" srcset=\"https:\/\/biblioteka-milicz.pl\/wp-content\/uploads\/2022\/03\/75594466_986831988332925_5377702300481486848_n.jpg 960w, https:\/\/biblioteka-milicz.pl\/wp-content\/uploads\/2022\/03\/75594466_986831988332925_5377702300481486848_n-300x169.jpg 300w, https:\/\/biblioteka-milicz.pl\/wp-content\/uploads\/2022\/03\/75594466_986831988332925_5377702300481486848_n-768x432.jpg 768w\" sizes=\"auto, (max-width: 960px) 100vw, 960px\" \/><\/figure>\n\n\n\n<figure class=\"wp-block-image size-full\"><img loading=\"lazy\" decoding=\"async\" width=\"960\" height=\"540\" data-id=\"1775\" src=\"http:\/\/biblioteka-milicz.pl\/wp-content\/uploads\/2022\/03\/75594466_986831988332925_5377702300481486848_n.jpg\" alt=\"\" class=\"wp-image-1775\" srcset=\"https:\/\/biblioteka-milicz.pl\/wp-content\/uploads\/2022\/03\/75594466_986831988332925_5377702300481486848_n.jpg 960w, https:\/\/biblioteka-milicz.pl\/wp-content\/uploads\/2022\/03\/75594466_986831988332925_5377702300481486848_n-300x169.jpg 300w, https:\/\/biblioteka-milicz.pl\/wp-content\/uploads\/2022\/03\/75594466_986831988332925_5377702300481486848_n-768x432.jpg 768w\" sizes=\"auto, (max-width: 960px) 100vw, 960px\" \/><\/figure>\n\n\n\n<figure class=\"wp-block-image size-full\"><img loading=\"lazy\" decoding=\"async\" width=\"960\" height=\"540\" data-id=\"1775\" src=\"http:\/\/biblioteka-milicz.pl\/wp-content\/uploads\/2022\/03\/75594466_986831988332925_5377702300481486848_n.jpg\" alt=\"\" class=\"wp-image-1775\" srcset=\"https:\/\/biblioteka-milicz.pl\/wp-content\/uploads\/2022\/03\/75594466_986831988332925_5377702300481486848_n.jpg 960w, https:\/\/biblioteka-milicz.pl\/wp-content\/uploads\/2022\/03\/75594466_986831988332925_5377702300481486848_n-300x169.jpg 300w, https:\/\/biblioteka-milicz.pl\/wp-content\/uploads\/2022\/03\/75594466_986831988332925_5377702300481486848_n-768x432.jpg 768w\" sizes=\"auto, (max-width: 960px) 100vw, 960px\" \/><\/figure>\n\n\n\n<figure class=\"wp-block-image\"><img decoding=\"async\" src=\"blob:http:\/\/biblioteka-milicz.pl\/8872d1f4-f685-4e6e-aa87-a9afd9c1d367\" alt=\"\"\/><\/figure>\n<\/figure>\n","protected":false},"excerpt":{"rendered":"<p>We wtorek, 5 listopada do naszej filii bibliotecznej w Su\u0142owie przysz\u0142a klasa trzecia. Jako \u017ce wizyta ta zbieg\u0142a si\u0119 z obchodzonym na ca\u0142ym \u015bwiecie Dniem Postaci z Bajek, temat spotkania nasun\u0105\u0142 si\u0119 sam. I&#46;&#46;&#46;<\/p>\n","protected":false},"author":1,"featured_media":467,"comment_status":"closed","ping_status":"open","sticky":false,"template":"","format":"standard","meta":{"_uag_custom_page_level_css":"","footnotes":""},"categories":[3],"tags":[],"class_list":["post-466","post","type-post","status-publish","format-standard","has-post-thumbnail","hentry","category-aktualnosci"],"uagb_featured_image_src":{"full":["https:\/\/biblioteka-milicz.pl\/wp-content\/uploads\/2022\/03\/72478546_986832111666246_6693109427282640896_n.jpg",960,540,false],"thumbnail":["https:\/\/biblioteka-milicz.pl\/wp-content\/uploads\/2022\/03\/72478546_986832111666246_6693109427282640896_n-150x150.jpg",150,150,true],"medium":["https:\/\/biblioteka-milicz.pl\/wp-content\/uploads\/2022\/03\/72478546_986832111666246_6693109427282640896_n-300x169.jpg",300,169,true],"medium_large":["https:\/\/biblioteka-milicz.pl\/wp-content\/uploads\/2022\/03\/72478546_986832111666246_6693109427282640896_n-768x432.jpg",768,432,true],"large":["https:\/\/biblioteka-milicz.pl\/wp-content\/uploads\/2022\/03\/72478546_986832111666246_6693109427282640896_n.jpg",960,540,false],"1536x1536":["https:\/\/biblioteka-milicz.pl\/wp-content\/uploads\/2022\/03\/72478546_986832111666246_6693109427282640896_n.jpg",960,540,false],"2048x2048":["https:\/\/biblioteka-milicz.pl\/wp-content\/uploads\/2022\/03\/72478546_986832111666246_6693109427282640896_n.jpg",960,540,false],"thumb-small":["https:\/\/biblioteka-milicz.pl\/wp-content\/uploads\/2022\/03\/72478546_986832111666246_6693109427282640896_n-80x80.jpg",80,80,true],"thumb-standard":["https:\/\/biblioteka-milicz.pl\/wp-content\/uploads\/2022\/03\/72478546_986832111666246_6693109427282640896_n-320x320.jpg",320,320,true],"thumb-medium":["https:\/\/biblioteka-milicz.pl\/wp-content\/uploads\/2022\/03\/72478546_986832111666246_6693109427282640896_n-520x245.jpg",520,245,true],"thumb-large":["https:\/\/biblioteka-milicz.pl\/wp-content\/uploads\/2022\/03\/72478546_986832111666246_6693109427282640896_n-720x340.jpg",720,340,true],"thumb-xlarge":["https:\/\/biblioteka-milicz.pl\/wp-content\/uploads\/2022\/03\/72478546_986832111666246_6693109427282640896_n-960x450.jpg",960,450,true],"thumb-xxlarge":["https:\/\/biblioteka-milicz.pl\/wp-content\/uploads\/2022\/03\/72478546_986832111666246_6693109427282640896_n-960x500.jpg",960,500,true]},"uagb_author_info":{"display_name":"admin","author_link":"https:\/\/biblioteka-milicz.pl\/index.php\/author\/admin\/"},"uagb_comment_info":0,"uagb_excerpt":"We wtorek, 5 listopada do naszej filii bibliotecznej w Su\u0142owie przysz\u0142a klasa trzecia. Jako \u017ce wizyta ta zbieg\u0142a si\u0119 z obchodzonym na ca\u0142ym \u015bwiecie Dniem Postaci z Bajek, temat spotkania nasun\u0105\u0142 si\u0119 sam. I&#46;&#46;&#46;","_links":{"self":[{"href":"https:\/\/biblioteka-milicz.pl\/index.php\/wp-json\/wp\/v2\/posts\/466","targetHints":{"allow":["GET"]}}],"collection":[{"href":"https:\/\/biblioteka-milicz.pl\/index.php\/wp-json\/wp\/v2\/posts"}],"about":[{"href":"https:\/\/biblioteka-milicz.pl\/index.php\/wp-json\/wp\/v2\/types\/post"}],"author":[{"embeddable":true,"href":"https:\/\/biblioteka-milicz.pl\/index.php\/wp-json\/wp\/v2\/users\/1"}],"replies":[{"embeddable":true,"href":"https:\/\/biblioteka-milicz.pl\/index.php\/wp-json\/wp\/v2\/comments?post=466"}],"version-history":[{"count":2,"href":"https:\/\/biblioteka-milicz.pl\/index.php\/wp-json\/wp\/v2\/posts\/466\/revisions"}],"predecessor-version":[{"id":1776,"href":"https:\/\/biblioteka-milicz.pl\/index.php\/wp-json\/wp\/v2\/posts\/466\/revisions\/1776"}],"wp:featuredmedia":[{"embeddable":true,"href":"https:\/\/biblioteka-milicz.pl\/index.php\/wp-json\/wp\/v2\/media\/467"}],"wp:attachment":[{"href":"https:\/\/biblioteka-milicz.pl\/index.php\/wp-json\/wp\/v2\/media?parent=466"}],"wp:term":[{"taxonomy":"category","embeddable":true,"href":"https:\/\/biblioteka-milicz.pl\/index.php\/wp-json\/wp\/v2\/categories?post=466"},{"taxonomy":"post_tag","embeddable":true,"href":"https:\/\/biblioteka-milicz.pl\/index.php\/wp-json\/wp\/v2\/tags?post=466"}],"curies":[{"name":"wp","href":"https:\/\/api.w.org\/{rel}","templated":true}]}}