{"id":4649,"date":"2023-05-12T13:16:19","date_gmt":"2023-05-12T11:16:19","guid":{"rendered":"https:\/\/biblioteka-milicz.pl\/?p=4649"},"modified":"2023-06-29T13:27:31","modified_gmt":"2023-06-29T11:27:31","slug":"warsztaty-z-pisarka","status":"publish","type":"post","link":"https:\/\/biblioteka-milicz.pl\/index.php\/2023\/05\/12\/warsztaty-z-pisarka\/","title":{"rendered":"Warsztaty z pisark\u0105"},"content":{"rendered":"\n<p>12 maja, w ramach Tygodnia Bibliotek, go\u015bcili\u015bmy Pani\u0105 Monik\u0119 Sawick\u0105, z wykszta\u0142cenia dziennikark\u0119, a z zami\u0142owania pisark\u0119 literatury dla dzieci i doros\u0142ych. Na drugie tego dnia spotkanie, zaprosili\u015bmy grup\u0119 sze\u015bciolatk\u00f3w z Przedszkola Parafialnego w Miliczu, kt\u00f3ra regularnie odwiedza nasz Oddzia\u0142 Dzieci\u0119cy. Maluchy uczestniczy\u0142y w warsztatach literacko-plastycznych, pn. &#8222;Legenda o Smoku Wawelskim\u201d. Spotkanie z prezentacj\u0105 multimedialn\u0105 bardzo podoba\u0142o si\u0119 dzieciom. Ochoczo uczestniczy\u0142y w zaj\u0119ciach, \u015bpiewa\u0142y, malowa\u0142y i rozwi\u0105zywa\u0142y zadania. <\/p>\n\n\n\n<p>Dzi\u0119kujemy, \u017ce byli\u015bcie z nami!<\/p>\n\n\n\n<figure class=\"wp-block-gallery has-nested-images columns-default is-cropped wp-block-gallery-1 is-layout-flex wp-block-gallery-is-layout-flex\">\n<figure class=\"wp-block-image size-large\"><img loading=\"lazy\" decoding=\"async\" width=\"768\" height=\"1024\" data-id=\"4650\" src=\"https:\/\/biblioteka-milicz.pl\/wp-content\/uploads\/2023\/06\/345629278_809427894191388_16230425474243054_n-768x1024.jpg\" alt=\"\" class=\"wp-image-4650\" srcset=\"https:\/\/biblioteka-milicz.pl\/wp-content\/uploads\/2023\/06\/345629278_809427894191388_16230425474243054_n-768x1024.jpg 768w, https:\/\/biblioteka-milicz.pl\/wp-content\/uploads\/2023\/06\/345629278_809427894191388_16230425474243054_n-225x300.jpg 225w, https:\/\/biblioteka-milicz.pl\/wp-content\/uploads\/2023\/06\/345629278_809427894191388_16230425474243054_n-1152x1536.jpg 1152w, https:\/\/biblioteka-milicz.pl\/wp-content\/uploads\/2023\/06\/345629278_809427894191388_16230425474243054_n.jpg 1536w\" sizes=\"auto, (max-width: 768px) 100vw, 768px\" \/><\/figure>\n\n\n\n<figure class=\"wp-block-image size-large\"><img loading=\"lazy\" decoding=\"async\" width=\"768\" height=\"1024\" data-id=\"4651\" src=\"https:\/\/biblioteka-milicz.pl\/wp-content\/uploads\/2023\/06\/345630242_783545099825461_3635945427443800991_n-768x1024.jpg\" alt=\"\" class=\"wp-image-4651\" srcset=\"https:\/\/biblioteka-milicz.pl\/wp-content\/uploads\/2023\/06\/345630242_783545099825461_3635945427443800991_n-768x1024.jpg 768w, https:\/\/biblioteka-milicz.pl\/wp-content\/uploads\/2023\/06\/345630242_783545099825461_3635945427443800991_n-225x300.jpg 225w, https:\/\/biblioteka-milicz.pl\/wp-content\/uploads\/2023\/06\/345630242_783545099825461_3635945427443800991_n-1152x1536.jpg 1152w, https:\/\/biblioteka-milicz.pl\/wp-content\/uploads\/2023\/06\/345630242_783545099825461_3635945427443800991_n.jpg 1536w\" sizes=\"auto, (max-width: 768px) 100vw, 768px\" \/><\/figure>\n\n\n\n<figure class=\"wp-block-image size-large\"><img loading=\"lazy\" decoding=\"async\" width=\"768\" height=\"1024\" data-id=\"4653\" src=\"https:\/\/biblioteka-milicz.pl\/wp-content\/uploads\/2023\/06\/345638842_591903976250342_3475068551383287846_n-768x1024.jpg\" alt=\"\" class=\"wp-image-4653\" srcset=\"https:\/\/biblioteka-milicz.pl\/wp-content\/uploads\/2023\/06\/345638842_591903976250342_3475068551383287846_n-768x1024.jpg 768w, https:\/\/biblioteka-milicz.pl\/wp-content\/uploads\/2023\/06\/345638842_591903976250342_3475068551383287846_n-225x300.jpg 225w, https:\/\/biblioteka-milicz.pl\/wp-content\/uploads\/2023\/06\/345638842_591903976250342_3475068551383287846_n-1152x1536.jpg 1152w, https:\/\/biblioteka-milicz.pl\/wp-content\/uploads\/2023\/06\/345638842_591903976250342_3475068551383287846_n.jpg 1536w\" sizes=\"auto, (max-width: 768px) 100vw, 768px\" \/><\/figure>\n\n\n\n<figure class=\"wp-block-image size-large\"><img loading=\"lazy\" decoding=\"async\" width=\"1024\" height=\"768\" data-id=\"4657\" src=\"https:\/\/biblioteka-milicz.pl\/wp-content\/uploads\/2023\/06\/345642356_948840369501414_3262330099408283866_n-1024x768.jpg\" alt=\"\" class=\"wp-image-4657\" srcset=\"https:\/\/biblioteka-milicz.pl\/wp-content\/uploads\/2023\/06\/345642356_948840369501414_3262330099408283866_n-1024x768.jpg 1024w, https:\/\/biblioteka-milicz.pl\/wp-content\/uploads\/2023\/06\/345642356_948840369501414_3262330099408283866_n-300x225.jpg 300w, https:\/\/biblioteka-milicz.pl\/wp-content\/uploads\/2023\/06\/345642356_948840369501414_3262330099408283866_n-768x576.jpg 768w, https:\/\/biblioteka-milicz.pl\/wp-content\/uploads\/2023\/06\/345642356_948840369501414_3262330099408283866_n-1536x1152.jpg 1536w, https:\/\/biblioteka-milicz.pl\/wp-content\/uploads\/2023\/06\/345642356_948840369501414_3262330099408283866_n.jpg 2048w\" sizes=\"auto, (max-width: 1024px) 100vw, 1024px\" \/><\/figure>\n\n\n\n<figure class=\"wp-block-image size-large\"><img loading=\"lazy\" decoding=\"async\" width=\"1024\" height=\"768\" data-id=\"4654\" src=\"https:\/\/biblioteka-milicz.pl\/wp-content\/uploads\/2023\/06\/345639182_256860930064809_7158967315656047787_n-1024x768.jpg\" alt=\"\" class=\"wp-image-4654\" srcset=\"https:\/\/biblioteka-milicz.pl\/wp-content\/uploads\/2023\/06\/345639182_256860930064809_7158967315656047787_n-1024x768.jpg 1024w, https:\/\/biblioteka-milicz.pl\/wp-content\/uploads\/2023\/06\/345639182_256860930064809_7158967315656047787_n-300x225.jpg 300w, https:\/\/biblioteka-milicz.pl\/wp-content\/uploads\/2023\/06\/345639182_256860930064809_7158967315656047787_n-768x576.jpg 768w, https:\/\/biblioteka-milicz.pl\/wp-content\/uploads\/2023\/06\/345639182_256860930064809_7158967315656047787_n-1536x1152.jpg 1536w, https:\/\/biblioteka-milicz.pl\/wp-content\/uploads\/2023\/06\/345639182_256860930064809_7158967315656047787_n.jpg 2048w\" sizes=\"auto, (max-width: 1024px) 100vw, 1024px\" \/><\/figure>\n\n\n\n<figure class=\"wp-block-image size-large\"><img loading=\"lazy\" decoding=\"async\" width=\"1024\" height=\"768\" data-id=\"4656\" src=\"https:\/\/biblioteka-milicz.pl\/wp-content\/uploads\/2023\/06\/346804960_234885339225861_4569882353635478485_n-1-1024x768.jpg\" alt=\"\" class=\"wp-image-4656\" srcset=\"https:\/\/biblioteka-milicz.pl\/wp-content\/uploads\/2023\/06\/346804960_234885339225861_4569882353635478485_n-1-1024x768.jpg 1024w, https:\/\/biblioteka-milicz.pl\/wp-content\/uploads\/2023\/06\/346804960_234885339225861_4569882353635478485_n-1-300x225.jpg 300w, https:\/\/biblioteka-milicz.pl\/wp-content\/uploads\/2023\/06\/346804960_234885339225861_4569882353635478485_n-1-768x576.jpg 768w, https:\/\/biblioteka-milicz.pl\/wp-content\/uploads\/2023\/06\/346804960_234885339225861_4569882353635478485_n-1-1536x1152.jpg 1536w, https:\/\/biblioteka-milicz.pl\/wp-content\/uploads\/2023\/06\/346804960_234885339225861_4569882353635478485_n-1.jpg 2048w\" sizes=\"auto, (max-width: 1024px) 100vw, 1024px\" \/><\/figure>\n<\/figure>\n","protected":false},"excerpt":{"rendered":"<p>12 maja, w ramach Tygodnia Bibliotek, go\u015bcili\u015bmy Pani\u0105 Monik\u0119 Sawick\u0105, z wykszta\u0142cenia dziennikark\u0119, a z zami\u0142owania pisark\u0119 literatury dla dzieci i doros\u0142ych. Na drugie tego dnia spotkanie, zaprosili\u015bmy grup\u0119 sze\u015bciolatk\u00f3w z Przedszkola Parafialnego w&#46;&#46;&#46;<\/p>\n","protected":false},"author":2,"featured_media":4654,"comment_status":"closed","ping_status":"closed","sticky":false,"template":"","format":"standard","meta":{"_uag_custom_page_level_css":"","footnotes":""},"categories":[3],"tags":[],"class_list":["post-4649","post","type-post","status-publish","format-standard","has-post-thumbnail","hentry","category-aktualnosci"],"uagb_featured_image_src":{"full":["https:\/\/biblioteka-milicz.pl\/wp-content\/uploads\/2023\/06\/345639182_256860930064809_7158967315656047787_n.jpg",2048,1536,false],"thumbnail":["https:\/\/biblioteka-milicz.pl\/wp-content\/uploads\/2023\/06\/345639182_256860930064809_7158967315656047787_n-150x150.jpg",150,150,true],"medium":["https:\/\/biblioteka-milicz.pl\/wp-content\/uploads\/2023\/06\/345639182_256860930064809_7158967315656047787_n-300x225.jpg",300,225,true],"medium_large":["https:\/\/biblioteka-milicz.pl\/wp-content\/uploads\/2023\/06\/345639182_256860930064809_7158967315656047787_n-768x576.jpg",768,576,true],"large":["https:\/\/biblioteka-milicz.pl\/wp-content\/uploads\/2023\/06\/345639182_256860930064809_7158967315656047787_n-1024x768.jpg",1024,768,true],"1536x1536":["https:\/\/biblioteka-milicz.pl\/wp-content\/uploads\/2023\/06\/345639182_256860930064809_7158967315656047787_n-1536x1152.jpg",1536,1152,true],"2048x2048":["https:\/\/biblioteka-milicz.pl\/wp-content\/uploads\/2023\/06\/345639182_256860930064809_7158967315656047787_n.jpg",2048,1536,false],"thumb-small":["https:\/\/biblioteka-milicz.pl\/wp-content\/uploads\/2023\/06\/345639182_256860930064809_7158967315656047787_n-80x80.jpg",80,80,true],"thumb-standard":["https:\/\/biblioteka-milicz.pl\/wp-content\/uploads\/2023\/06\/345639182_256860930064809_7158967315656047787_n-320x320.jpg",320,320,true],"thumb-medium":["https:\/\/biblioteka-milicz.pl\/wp-content\/uploads\/2023\/06\/345639182_256860930064809_7158967315656047787_n-520x245.jpg",520,245,true],"thumb-large":["https:\/\/biblioteka-milicz.pl\/wp-content\/uploads\/2023\/06\/345639182_256860930064809_7158967315656047787_n-720x340.jpg",720,340,true],"thumb-xlarge":["https:\/\/biblioteka-milicz.pl\/wp-content\/uploads\/2023\/06\/345639182_256860930064809_7158967315656047787_n-980x450.jpg",980,450,true],"thumb-xxlarge":["https:\/\/biblioteka-milicz.pl\/wp-content\/uploads\/2023\/06\/345639182_256860930064809_7158967315656047787_n-1320x500.jpg",1320,500,true]},"uagb_author_info":{"display_name":"Marlena Grodzi\u0144ska","author_link":"https:\/\/biblioteka-milicz.pl\/index.php\/author\/marlena\/"},"uagb_comment_info":0,"uagb_excerpt":"12 maja, w ramach Tygodnia Bibliotek, go\u015bcili\u015bmy Pani\u0105 Monik\u0119 Sawick\u0105, z wykszta\u0142cenia dziennikark\u0119, a z zami\u0142owania pisark\u0119 literatury dla dzieci i doros\u0142ych. Na drugie tego dnia spotkanie, zaprosili\u015bmy grup\u0119 sze\u015bciolatk\u00f3w z Przedszkola Parafialnego w&#46;&#46;&#46;","_links":{"self":[{"href":"https:\/\/biblioteka-milicz.pl\/index.php\/wp-json\/wp\/v2\/posts\/4649","targetHints":{"allow":["GET"]}}],"collection":[{"href":"https:\/\/biblioteka-milicz.pl\/index.php\/wp-json\/wp\/v2\/posts"}],"about":[{"href":"https:\/\/biblioteka-milicz.pl\/index.php\/wp-json\/wp\/v2\/types\/post"}],"author":[{"embeddable":true,"href":"https:\/\/biblioteka-milicz.pl\/index.php\/wp-json\/wp\/v2\/users\/2"}],"replies":[{"embeddable":true,"href":"https:\/\/biblioteka-milicz.pl\/index.php\/wp-json\/wp\/v2\/comments?post=4649"}],"version-history":[{"count":1,"href":"https:\/\/biblioteka-milicz.pl\/index.php\/wp-json\/wp\/v2\/posts\/4649\/revisions"}],"predecessor-version":[{"id":4659,"href":"https:\/\/biblioteka-milicz.pl\/index.php\/wp-json\/wp\/v2\/posts\/4649\/revisions\/4659"}],"wp:featuredmedia":[{"embeddable":true,"href":"https:\/\/biblioteka-milicz.pl\/index.php\/wp-json\/wp\/v2\/media\/4654"}],"wp:attachment":[{"href":"https:\/\/biblioteka-milicz.pl\/index.php\/wp-json\/wp\/v2\/media?parent=4649"}],"wp:term":[{"taxonomy":"category","embeddable":true,"href":"https:\/\/biblioteka-milicz.pl\/index.php\/wp-json\/wp\/v2\/categories?post=4649"},{"taxonomy":"post_tag","embeddable":true,"href":"https:\/\/biblioteka-milicz.pl\/index.php\/wp-json\/wp\/v2\/tags?post=4649"}],"curies":[{"name":"wp","href":"https:\/\/api.w.org\/{rel}","templated":true}]}}