{"id":451,"date":"2019-11-15T12:10:00","date_gmt":"2019-11-15T11:10:00","guid":{"rendered":"http:\/\/biblioteka-milicz.pl\/?p=451"},"modified":"2022-03-13T12:42:00","modified_gmt":"2022-03-13T11:42:00","slug":"biedronka-fiona","status":"publish","type":"post","link":"https:\/\/biblioteka-milicz.pl\/index.php\/2019\/11\/15\/biedronka-fiona\/","title":{"rendered":"Biedronka Fiona"},"content":{"rendered":"\n<p>15 listopada, w s\u0142oneczny, pi\u0105tkowy poranek, czterolatki z su\u0142owskiego przedszkola przysz\u0142y do biblioteki aby pos\u0142ucha\u0107 historii o Biedronce Fionce i jej przyjaci\u00f3\u0142ce Podk\u00f3wce. P\u00f3\u017aniej dzieci usiad\u0142 przy stolikach i kolorowa\u0142y przygotowane dla nich obrazki.<\/p>\n\n\n\n<figure class=\"wp-block-gallery has-nested-images columns-default is-cropped wp-block-gallery-1 is-layout-flex wp-block-gallery-is-layout-flex\">\n<figure class=\"wp-block-image size-large\"><img loading=\"lazy\" decoding=\"async\" width=\"775\" height=\"960\" data-id=\"1699\" src=\"http:\/\/biblioteka-milicz.pl\/wp-content\/uploads\/2022\/03\/72440001_996875407328583_2402806302557339648_o-1.jpg\" alt=\"\" class=\"wp-image-1699\" srcset=\"https:\/\/biblioteka-milicz.pl\/wp-content\/uploads\/2022\/03\/72440001_996875407328583_2402806302557339648_o-1.jpg 775w, https:\/\/biblioteka-milicz.pl\/wp-content\/uploads\/2022\/03\/72440001_996875407328583_2402806302557339648_o-1-242x300.jpg 242w, https:\/\/biblioteka-milicz.pl\/wp-content\/uploads\/2022\/03\/72440001_996875407328583_2402806302557339648_o-1-768x951.jpg 768w\" sizes=\"auto, (max-width: 775px) 100vw, 775px\" \/><\/figure>\n\n\n\n<figure class=\"wp-block-image size-large\"><img loading=\"lazy\" decoding=\"async\" width=\"533\" height=\"960\" data-id=\"1700\" src=\"http:\/\/biblioteka-milicz.pl\/wp-content\/uploads\/2022\/03\/74605583_996874763995314_5113166558822137856_o.jpg\" alt=\"\" class=\"wp-image-1700\" srcset=\"https:\/\/biblioteka-milicz.pl\/wp-content\/uploads\/2022\/03\/74605583_996874763995314_5113166558822137856_o.jpg 533w, https:\/\/biblioteka-milicz.pl\/wp-content\/uploads\/2022\/03\/74605583_996874763995314_5113166558822137856_o-167x300.jpg 167w\" sizes=\"auto, (max-width: 533px) 100vw, 533px\" \/><\/figure>\n\n\n\n<figure class=\"wp-block-image size-large\"><img loading=\"lazy\" decoding=\"async\" width=\"533\" height=\"960\" data-id=\"1701\" src=\"http:\/\/biblioteka-milicz.pl\/wp-content\/uploads\/2022\/03\/75341039_996874830661974_8320588787616841728_o.jpg\" alt=\"\" class=\"wp-image-1701\" srcset=\"https:\/\/biblioteka-milicz.pl\/wp-content\/uploads\/2022\/03\/75341039_996874830661974_8320588787616841728_o.jpg 533w, https:\/\/biblioteka-milicz.pl\/wp-content\/uploads\/2022\/03\/75341039_996874830661974_8320588787616841728_o-167x300.jpg 167w\" sizes=\"auto, (max-width: 533px) 100vw, 533px\" \/><\/figure>\n<\/figure>\n","protected":false},"excerpt":{"rendered":"<p>15 listopada, w s\u0142oneczny, pi\u0105tkowy poranek, czterolatki z su\u0142owskiego przedszkola przysz\u0142y do biblioteki aby pos\u0142ucha\u0107 historii o Biedronce Fionce i jej przyjaci\u00f3\u0142ce Podk\u00f3wce. P\u00f3\u017aniej dzieci usiad\u0142 przy stolikach i kolorowa\u0142y przygotowane dla nich obrazki.<\/p>\n","protected":false},"author":1,"featured_media":452,"comment_status":"closed","ping_status":"open","sticky":false,"template":"","format":"standard","meta":{"_uag_custom_page_level_css":"","footnotes":""},"categories":[3],"tags":[],"class_list":["post-451","post","type-post","status-publish","format-standard","has-post-thumbnail","hentry","category-aktualnosci"],"uagb_featured_image_src":{"full":["https:\/\/biblioteka-milicz.pl\/wp-content\/uploads\/2022\/03\/72440001_996875407328583_2402806302557339648_o.jpg",775,960,false],"thumbnail":["https:\/\/biblioteka-milicz.pl\/wp-content\/uploads\/2022\/03\/72440001_996875407328583_2402806302557339648_o-150x150.jpg",150,150,true],"medium":["https:\/\/biblioteka-milicz.pl\/wp-content\/uploads\/2022\/03\/72440001_996875407328583_2402806302557339648_o-242x300.jpg",242,300,true],"medium_large":["https:\/\/biblioteka-milicz.pl\/wp-content\/uploads\/2022\/03\/72440001_996875407328583_2402806302557339648_o-768x951.jpg",768,951,true],"large":["https:\/\/biblioteka-milicz.pl\/wp-content\/uploads\/2022\/03\/72440001_996875407328583_2402806302557339648_o.jpg",775,960,false],"1536x1536":["https:\/\/biblioteka-milicz.pl\/wp-content\/uploads\/2022\/03\/72440001_996875407328583_2402806302557339648_o.jpg",775,960,false],"2048x2048":["https:\/\/biblioteka-milicz.pl\/wp-content\/uploads\/2022\/03\/72440001_996875407328583_2402806302557339648_o.jpg",775,960,false],"thumb-small":["https:\/\/biblioteka-milicz.pl\/wp-content\/uploads\/2022\/03\/72440001_996875407328583_2402806302557339648_o-80x80.jpg",80,80,true],"thumb-standard":["https:\/\/biblioteka-milicz.pl\/wp-content\/uploads\/2022\/03\/72440001_996875407328583_2402806302557339648_o-320x320.jpg",320,320,true],"thumb-medium":["https:\/\/biblioteka-milicz.pl\/wp-content\/uploads\/2022\/03\/72440001_996875407328583_2402806302557339648_o-520x245.jpg",520,245,true],"thumb-large":["https:\/\/biblioteka-milicz.pl\/wp-content\/uploads\/2022\/03\/72440001_996875407328583_2402806302557339648_o-720x340.jpg",720,340,true],"thumb-xlarge":["https:\/\/biblioteka-milicz.pl\/wp-content\/uploads\/2022\/03\/72440001_996875407328583_2402806302557339648_o-775x450.jpg",775,450,true],"thumb-xxlarge":["https:\/\/biblioteka-milicz.pl\/wp-content\/uploads\/2022\/03\/72440001_996875407328583_2402806302557339648_o-775x500.jpg",775,500,true]},"uagb_author_info":{"display_name":"admin","author_link":"https:\/\/biblioteka-milicz.pl\/index.php\/author\/admin\/"},"uagb_comment_info":0,"uagb_excerpt":"15 listopada, w s\u0142oneczny, pi\u0105tkowy poranek, czterolatki z su\u0142owskiego przedszkola przysz\u0142y do biblioteki aby pos\u0142ucha\u0107 historii o Biedronce Fionce i jej przyjaci\u00f3\u0142ce Podk\u00f3wce. P\u00f3\u017aniej dzieci usiad\u0142 przy stolikach i kolorowa\u0142y przygotowane dla nich obrazki.","_links":{"self":[{"href":"https:\/\/biblioteka-milicz.pl\/index.php\/wp-json\/wp\/v2\/posts\/451","targetHints":{"allow":["GET"]}}],"collection":[{"href":"https:\/\/biblioteka-milicz.pl\/index.php\/wp-json\/wp\/v2\/posts"}],"about":[{"href":"https:\/\/biblioteka-milicz.pl\/index.php\/wp-json\/wp\/v2\/types\/post"}],"author":[{"embeddable":true,"href":"https:\/\/biblioteka-milicz.pl\/index.php\/wp-json\/wp\/v2\/users\/1"}],"replies":[{"embeddable":true,"href":"https:\/\/biblioteka-milicz.pl\/index.php\/wp-json\/wp\/v2\/comments?post=451"}],"version-history":[{"count":2,"href":"https:\/\/biblioteka-milicz.pl\/index.php\/wp-json\/wp\/v2\/posts\/451\/revisions"}],"predecessor-version":[{"id":1702,"href":"https:\/\/biblioteka-milicz.pl\/index.php\/wp-json\/wp\/v2\/posts\/451\/revisions\/1702"}],"wp:featuredmedia":[{"embeddable":true,"href":"https:\/\/biblioteka-milicz.pl\/index.php\/wp-json\/wp\/v2\/media\/452"}],"wp:attachment":[{"href":"https:\/\/biblioteka-milicz.pl\/index.php\/wp-json\/wp\/v2\/media?parent=451"}],"wp:term":[{"taxonomy":"category","embeddable":true,"href":"https:\/\/biblioteka-milicz.pl\/index.php\/wp-json\/wp\/v2\/categories?post=451"},{"taxonomy":"post_tag","embeddable":true,"href":"https:\/\/biblioteka-milicz.pl\/index.php\/wp-json\/wp\/v2\/tags?post=451"}],"curies":[{"name":"wp","href":"https:\/\/api.w.org\/{rel}","templated":true}]}}