{"id":4465,"date":"2023-06-23T11:57:37","date_gmt":"2023-06-23T09:57:37","guid":{"rendered":"https:\/\/biblioteka-milicz.pl\/?p=4465"},"modified":"2023-06-26T11:58:35","modified_gmt":"2023-06-26T09:58:35","slug":"wakacje-z-sulkiem","status":"publish","type":"post","link":"https:\/\/biblioteka-milicz.pl\/index.php\/2023\/06\/23\/wakacje-z-sulkiem\/","title":{"rendered":"Wakacje z Su\u0142kiem"},"content":{"rendered":"\n<p>Filia biblioteczna w Su\u0142owie wraz z O\u015brodkiem Kultury zapraszaj\u0105 dzieci i m\u0142odzie\u017c na &#8222;Weso\u0142e wakacje z Su\u0142kiem&#8221;.<\/p>\n\n\n\n<figure class=\"wp-block-image size-large\"><img loading=\"lazy\" decoding=\"async\" width=\"723\" height=\"1024\" src=\"https:\/\/biblioteka-milicz.pl\/wp-content\/uploads\/2023\/06\/wakacje-sulow-2023-723x1024.jpg\" alt=\"\" class=\"wp-image-4466\" srcset=\"https:\/\/biblioteka-milicz.pl\/wp-content\/uploads\/2023\/06\/wakacje-sulow-2023-723x1024.jpg 723w, https:\/\/biblioteka-milicz.pl\/wp-content\/uploads\/2023\/06\/wakacje-sulow-2023-212x300.jpg 212w, https:\/\/biblioteka-milicz.pl\/wp-content\/uploads\/2023\/06\/wakacje-sulow-2023.jpg 763w\" sizes=\"auto, (max-width: 723px) 100vw, 723px\" \/><\/figure>\n","protected":false},"excerpt":{"rendered":"<p>Filia biblioteczna w Su\u0142owie wraz z O\u015brodkiem Kultury zapraszaj\u0105 dzieci i m\u0142odzie\u017c na &#8222;Weso\u0142e wakacje z Su\u0142kiem&#8221;.<\/p>\n","protected":false},"author":2,"featured_media":4466,"comment_status":"closed","ping_status":"closed","sticky":false,"template":"","format":"standard","meta":{"_uag_custom_page_level_css":"","footnotes":""},"categories":[3],"tags":[],"class_list":["post-4465","post","type-post","status-publish","format-standard","has-post-thumbnail","hentry","category-aktualnosci"],"uagb_featured_image_src":{"full":["https:\/\/biblioteka-milicz.pl\/wp-content\/uploads\/2023\/06\/wakacje-sulow-2023.jpg",763,1080,false],"thumbnail":["https:\/\/biblioteka-milicz.pl\/wp-content\/uploads\/2023\/06\/wakacje-sulow-2023-150x150.jpg",150,150,true],"medium":["https:\/\/biblioteka-milicz.pl\/wp-content\/uploads\/2023\/06\/wakacje-sulow-2023-212x300.jpg",212,300,true],"medium_large":["https:\/\/biblioteka-milicz.pl\/wp-content\/uploads\/2023\/06\/wakacje-sulow-2023.jpg",763,1080,false],"large":["https:\/\/biblioteka-milicz.pl\/wp-content\/uploads\/2023\/06\/wakacje-sulow-2023-723x1024.jpg",723,1024,true],"1536x1536":["https:\/\/biblioteka-milicz.pl\/wp-content\/uploads\/2023\/06\/wakacje-sulow-2023.jpg",763,1080,false],"2048x2048":["https:\/\/biblioteka-milicz.pl\/wp-content\/uploads\/2023\/06\/wakacje-sulow-2023.jpg",763,1080,false],"thumb-small":["https:\/\/biblioteka-milicz.pl\/wp-content\/uploads\/2023\/06\/wakacje-sulow-2023-80x80.jpg",80,80,true],"thumb-standard":["https:\/\/biblioteka-milicz.pl\/wp-content\/uploads\/2023\/06\/wakacje-sulow-2023-320x320.jpg",320,320,true],"thumb-medium":["https:\/\/biblioteka-milicz.pl\/wp-content\/uploads\/2023\/06\/wakacje-sulow-2023-520x245.jpg",520,245,true],"thumb-large":["https:\/\/biblioteka-milicz.pl\/wp-content\/uploads\/2023\/06\/wakacje-sulow-2023-720x340.jpg",720,340,true],"thumb-xlarge":["https:\/\/biblioteka-milicz.pl\/wp-content\/uploads\/2023\/06\/wakacje-sulow-2023-763x450.jpg",763,450,true],"thumb-xxlarge":["https:\/\/biblioteka-milicz.pl\/wp-content\/uploads\/2023\/06\/wakacje-sulow-2023-763x500.jpg",763,500,true]},"uagb_author_info":{"display_name":"Marlena Grodzi\u0144ska","author_link":"https:\/\/biblioteka-milicz.pl\/index.php\/author\/marlena\/"},"uagb_comment_info":0,"uagb_excerpt":"Filia biblioteczna w Su\u0142owie wraz z O\u015brodkiem Kultury zapraszaj\u0105 dzieci i m\u0142odzie\u017c na &#8222;Weso\u0142e wakacje z Su\u0142kiem&#8221;.","_links":{"self":[{"href":"https:\/\/biblioteka-milicz.pl\/index.php\/wp-json\/wp\/v2\/posts\/4465","targetHints":{"allow":["GET"]}}],"collection":[{"href":"https:\/\/biblioteka-milicz.pl\/index.php\/wp-json\/wp\/v2\/posts"}],"about":[{"href":"https:\/\/biblioteka-milicz.pl\/index.php\/wp-json\/wp\/v2\/types\/post"}],"author":[{"embeddable":true,"href":"https:\/\/biblioteka-milicz.pl\/index.php\/wp-json\/wp\/v2\/users\/2"}],"replies":[{"embeddable":true,"href":"https:\/\/biblioteka-milicz.pl\/index.php\/wp-json\/wp\/v2\/comments?post=4465"}],"version-history":[{"count":1,"href":"https:\/\/biblioteka-milicz.pl\/index.php\/wp-json\/wp\/v2\/posts\/4465\/revisions"}],"predecessor-version":[{"id":4467,"href":"https:\/\/biblioteka-milicz.pl\/index.php\/wp-json\/wp\/v2\/posts\/4465\/revisions\/4467"}],"wp:featuredmedia":[{"embeddable":true,"href":"https:\/\/biblioteka-milicz.pl\/index.php\/wp-json\/wp\/v2\/media\/4466"}],"wp:attachment":[{"href":"https:\/\/biblioteka-milicz.pl\/index.php\/wp-json\/wp\/v2\/media?parent=4465"}],"wp:term":[{"taxonomy":"category","embeddable":true,"href":"https:\/\/biblioteka-milicz.pl\/index.php\/wp-json\/wp\/v2\/categories?post=4465"},{"taxonomy":"post_tag","embeddable":true,"href":"https:\/\/biblioteka-milicz.pl\/index.php\/wp-json\/wp\/v2\/tags?post=4465"}],"curies":[{"name":"wp","href":"https:\/\/api.w.org\/{rel}","templated":true}]}}