{"id":4341,"date":"2023-02-13T10:14:47","date_gmt":"2023-02-13T09:14:47","guid":{"rendered":"https:\/\/biblioteka-milicz.pl\/?p=4341"},"modified":"2023-02-13T10:14:48","modified_gmt":"2023-02-13T09:14:48","slug":"randka-w-ciemno-z-ksiazka","status":"publish","type":"post","link":"https:\/\/biblioteka-milicz.pl\/index.php\/2023\/02\/13\/randka-w-ciemno-z-ksiazka\/","title":{"rendered":"RANDKA W CIEMNO Z&#8230; ksi\u0105\u017ck\u0105"},"content":{"rendered":"\n<p>Wypo\u017cyczalnia dla Doros\u0142ych przygotowa\u0142a dla naszych Czytelnik\u00f3w walentynkow\u0105 zabaw\u0119.<\/p>\n\n\n\n<p>Wystarczy przyj\u015b\u0107 do biblioteki, wypo\u017cyczy\u0107 jedn\u0105 z pi\u0119knie opakowanych ksi\u0105\u017cek, rozpakowa\u0107 i sprawdzi\u0107.<\/p>\n\n\n\n<p>W jednej z ksi\u0105\u017cek ukryta b\u0119dzie niespodzianka, BON PODARUNKOWY na kolacj\u0119 we dwoje.<\/p>\n\n\n\n<p>Wypo\u017cycz ksi\u0105\u017ck\u0119 w ciemno i daj si\u0119 zaskoczy\u0107.<\/p>\n\n\n\n<p>Randka w ciemno z&#8230;. ksi\u0105\u017ck\u0105 ju\u017c jutro, 14 lutego w naszej Wypo\u017cyczalni.<\/p>\n\n\n\n<p>Zapraszamy!<\/p>\n\n\n\n<figure class=\"wp-block-image size-large\"><img loading=\"lazy\" decoding=\"async\" width=\"724\" height=\"1024\" src=\"https:\/\/biblioteka-milicz.pl\/wp-content\/uploads\/2023\/02\/walentynki-2023-724x1024.png\" alt=\"\" class=\"wp-image-4342\" srcset=\"https:\/\/biblioteka-milicz.pl\/wp-content\/uploads\/2023\/02\/walentynki-2023-724x1024.png 724w, https:\/\/biblioteka-milicz.pl\/wp-content\/uploads\/2023\/02\/walentynki-2023-212x300.png 212w, https:\/\/biblioteka-milicz.pl\/wp-content\/uploads\/2023\/02\/walentynki-2023-768x1086.png 768w, https:\/\/biblioteka-milicz.pl\/wp-content\/uploads\/2023\/02\/walentynki-2023-1086x1536.png 1086w, https:\/\/biblioteka-milicz.pl\/wp-content\/uploads\/2023\/02\/walentynki-2023-1448x2048.png 1448w, https:\/\/biblioteka-milicz.pl\/wp-content\/uploads\/2023\/02\/walentynki-2023.png 1754w\" sizes=\"auto, (max-width: 724px) 100vw, 724px\" \/><\/figure>\n","protected":false},"excerpt":{"rendered":"<p>Wypo\u017cyczalnia dla Doros\u0142ych przygotowa\u0142a dla naszych Czytelnik\u00f3w walentynkow\u0105 zabaw\u0119. Wystarczy przyj\u015b\u0107 do biblioteki, wypo\u017cyczy\u0107 jedn\u0105 z pi\u0119knie opakowanych ksi\u0105\u017cek, rozpakowa\u0107 i sprawdzi\u0107. W jednej z ksi\u0105\u017cek ukryta b\u0119dzie niespodzianka, BON PODARUNKOWY na kolacj\u0119 we&#46;&#46;&#46;<\/p>\n","protected":false},"author":2,"featured_media":4342,"comment_status":"closed","ping_status":"closed","sticky":false,"template":"","format":"standard","meta":{"_uag_custom_page_level_css":"","footnotes":""},"categories":[3],"tags":[],"class_list":["post-4341","post","type-post","status-publish","format-standard","has-post-thumbnail","hentry","category-aktualnosci"],"uagb_featured_image_src":{"full":["https:\/\/biblioteka-milicz.pl\/wp-content\/uploads\/2023\/02\/walentynki-2023.png",1754,2480,false],"thumbnail":["https:\/\/biblioteka-milicz.pl\/wp-content\/uploads\/2023\/02\/walentynki-2023-150x150.png",150,150,true],"medium":["https:\/\/biblioteka-milicz.pl\/wp-content\/uploads\/2023\/02\/walentynki-2023-212x300.png",212,300,true],"medium_large":["https:\/\/biblioteka-milicz.pl\/wp-content\/uploads\/2023\/02\/walentynki-2023-768x1086.png",768,1086,true],"large":["https:\/\/biblioteka-milicz.pl\/wp-content\/uploads\/2023\/02\/walentynki-2023-724x1024.png",724,1024,true],"1536x1536":["https:\/\/biblioteka-milicz.pl\/wp-content\/uploads\/2023\/02\/walentynki-2023-1086x1536.png",1086,1536,true],"2048x2048":["https:\/\/biblioteka-milicz.pl\/wp-content\/uploads\/2023\/02\/walentynki-2023-1448x2048.png",1448,2048,true],"thumb-small":["https:\/\/biblioteka-milicz.pl\/wp-content\/uploads\/2023\/02\/walentynki-2023-80x80.png",80,80,true],"thumb-standard":["https:\/\/biblioteka-milicz.pl\/wp-content\/uploads\/2023\/02\/walentynki-2023-320x320.png",320,320,true],"thumb-medium":["https:\/\/biblioteka-milicz.pl\/wp-content\/uploads\/2023\/02\/walentynki-2023-520x245.png",520,245,true],"thumb-large":["https:\/\/biblioteka-milicz.pl\/wp-content\/uploads\/2023\/02\/walentynki-2023-720x340.png",720,340,true],"thumb-xlarge":["https:\/\/biblioteka-milicz.pl\/wp-content\/uploads\/2023\/02\/walentynki-2023-980x450.png",980,450,true],"thumb-xxlarge":["https:\/\/biblioteka-milicz.pl\/wp-content\/uploads\/2023\/02\/walentynki-2023-1320x500.png",1320,500,true]},"uagb_author_info":{"display_name":"Marlena Grodzi\u0144ska","author_link":"https:\/\/biblioteka-milicz.pl\/index.php\/author\/marlena\/"},"uagb_comment_info":0,"uagb_excerpt":"Wypo\u017cyczalnia dla Doros\u0142ych przygotowa\u0142a dla naszych Czytelnik\u00f3w walentynkow\u0105 zabaw\u0119. Wystarczy przyj\u015b\u0107 do biblioteki, wypo\u017cyczy\u0107 jedn\u0105 z pi\u0119knie opakowanych ksi\u0105\u017cek, rozpakowa\u0107 i sprawdzi\u0107. W jednej z ksi\u0105\u017cek ukryta b\u0119dzie niespodzianka, BON PODARUNKOWY na kolacj\u0119 we&#46;&#46;&#46;","_links":{"self":[{"href":"https:\/\/biblioteka-milicz.pl\/index.php\/wp-json\/wp\/v2\/posts\/4341","targetHints":{"allow":["GET"]}}],"collection":[{"href":"https:\/\/biblioteka-milicz.pl\/index.php\/wp-json\/wp\/v2\/posts"}],"about":[{"href":"https:\/\/biblioteka-milicz.pl\/index.php\/wp-json\/wp\/v2\/types\/post"}],"author":[{"embeddable":true,"href":"https:\/\/biblioteka-milicz.pl\/index.php\/wp-json\/wp\/v2\/users\/2"}],"replies":[{"embeddable":true,"href":"https:\/\/biblioteka-milicz.pl\/index.php\/wp-json\/wp\/v2\/comments?post=4341"}],"version-history":[{"count":1,"href":"https:\/\/biblioteka-milicz.pl\/index.php\/wp-json\/wp\/v2\/posts\/4341\/revisions"}],"predecessor-version":[{"id":4343,"href":"https:\/\/biblioteka-milicz.pl\/index.php\/wp-json\/wp\/v2\/posts\/4341\/revisions\/4343"}],"wp:featuredmedia":[{"embeddable":true,"href":"https:\/\/biblioteka-milicz.pl\/index.php\/wp-json\/wp\/v2\/media\/4342"}],"wp:attachment":[{"href":"https:\/\/biblioteka-milicz.pl\/index.php\/wp-json\/wp\/v2\/media?parent=4341"}],"wp:term":[{"taxonomy":"category","embeddable":true,"href":"https:\/\/biblioteka-milicz.pl\/index.php\/wp-json\/wp\/v2\/categories?post=4341"},{"taxonomy":"post_tag","embeddable":true,"href":"https:\/\/biblioteka-milicz.pl\/index.php\/wp-json\/wp\/v2\/tags?post=4341"}],"curies":[{"name":"wp","href":"https:\/\/api.w.org\/{rel}","templated":true}]}}