{"id":4180,"date":"2023-01-20T13:22:01","date_gmt":"2023-01-20T12:22:01","guid":{"rendered":"https:\/\/biblioteka-milicz.pl\/?p=4180"},"modified":"2023-01-30T13:31:00","modified_gmt":"2023-01-30T12:31:00","slug":"kubusiowe-swieto","status":"publish","type":"post","link":"https:\/\/biblioteka-milicz.pl\/index.php\/2023\/01\/20\/kubusiowe-swieto\/","title":{"rendered":"Kubusiowe \u015bwi\u0119to"},"content":{"rendered":"\n<p>18 stycznia obchodzony by\u0142 \u015awiatowy Dzie\u0144 Kubusia Puchatka. Data nie jest przypadkowa. Tego dnia, w roku 1882, na \u015bwiat przyszed\u0142 A.A. Milne, autor ksi\u0105\u017cek o przygodach sympatycznego, kochanego przez ca\u0142e pokolenia Czytelnik\u00f3w, Kubusia Puchatka- ,,misia o bardzo ma\u0142ym rozumku&#8221;. Historyjki o przezi\u0119bionym Kubusiu mog\u0142y  wys\u0142ucha\u0107 dzieci z oddzia\u0142u zer\u00f3wkowego, kt\u00f3re przysz\u0142y do su\u0142owskiej filii bibliotecznej. Po jej zako\u0144czeniu, zgodnie dosz\u0142y do wniosku, \u017ce znacznie przyjemniej jest chorowa\u0107, kiedy przyjaciele o nas pami\u0119taj\u0105 i troszcz\u0105 si\u0119 o nas. P\u00f3\u017aniej przyszed\u0142 czas na kolorowanie portret\u00f3w Kubusia Puchatka. Wszyscy bardzo si\u0119 starali i wizerunki Misia prezentuj\u0105 si\u0119 przepi\u0119knie. <\/p>\n\n\n\n<figure class=\"wp-block-gallery has-nested-images columns-default is-cropped wp-block-gallery-1 is-layout-flex wp-block-gallery-is-layout-flex\">\n<figure class=\"wp-block-image size-large\"><img loading=\"lazy\" decoding=\"async\" width=\"768\" height=\"1024\" data-id=\"4183\" src=\"https:\/\/biblioteka-milicz.pl\/wp-content\/uploads\/2023\/01\/Ks1-768x1024.jpg\" alt=\"\" class=\"wp-image-4183\" srcset=\"https:\/\/biblioteka-milicz.pl\/wp-content\/uploads\/2023\/01\/Ks1-768x1024.jpg 768w, https:\/\/biblioteka-milicz.pl\/wp-content\/uploads\/2023\/01\/Ks1-225x300.jpg 225w, https:\/\/biblioteka-milicz.pl\/wp-content\/uploads\/2023\/01\/Ks1-1152x1536.jpg 1152w, https:\/\/biblioteka-milicz.pl\/wp-content\/uploads\/2023\/01\/Ks1.jpg 1536w\" sizes=\"auto, (max-width: 768px) 100vw, 768px\" \/><\/figure>\n\n\n\n<figure class=\"wp-block-image size-large\"><img loading=\"lazy\" decoding=\"async\" width=\"768\" height=\"1024\" data-id=\"4182\" src=\"https:\/\/biblioteka-milicz.pl\/wp-content\/uploads\/2023\/01\/ks2-768x1024.jpg\" alt=\"\" class=\"wp-image-4182\" srcset=\"https:\/\/biblioteka-milicz.pl\/wp-content\/uploads\/2023\/01\/ks2-768x1024.jpg 768w, https:\/\/biblioteka-milicz.pl\/wp-content\/uploads\/2023\/01\/ks2-225x300.jpg 225w, https:\/\/biblioteka-milicz.pl\/wp-content\/uploads\/2023\/01\/ks2-1152x1536.jpg 1152w, https:\/\/biblioteka-milicz.pl\/wp-content\/uploads\/2023\/01\/ks2.jpg 1536w\" sizes=\"auto, (max-width: 768px) 100vw, 768px\" \/><\/figure>\n\n\n\n<figure class=\"wp-block-image size-large\"><img loading=\"lazy\" decoding=\"async\" width=\"768\" height=\"1024\" data-id=\"4188\" src=\"https:\/\/biblioteka-milicz.pl\/wp-content\/uploads\/2023\/01\/Ks4-768x1024.jpg\" alt=\"\" class=\"wp-image-4188\" srcset=\"https:\/\/biblioteka-milicz.pl\/wp-content\/uploads\/2023\/01\/Ks4-768x1024.jpg 768w, https:\/\/biblioteka-milicz.pl\/wp-content\/uploads\/2023\/01\/Ks4-225x300.jpg 225w, https:\/\/biblioteka-milicz.pl\/wp-content\/uploads\/2023\/01\/Ks4-1152x1536.jpg 1152w, https:\/\/biblioteka-milicz.pl\/wp-content\/uploads\/2023\/01\/Ks4.jpg 1536w\" sizes=\"auto, (max-width: 768px) 100vw, 768px\" \/><\/figure>\n\n\n\n<figure class=\"wp-block-image size-large\"><img loading=\"lazy\" decoding=\"async\" width=\"1024\" height=\"768\" data-id=\"4190\" src=\"https:\/\/biblioteka-milicz.pl\/wp-content\/uploads\/2023\/01\/Ks3-1024x768.jpg\" alt=\"\" class=\"wp-image-4190\" srcset=\"https:\/\/biblioteka-milicz.pl\/wp-content\/uploads\/2023\/01\/Ks3-1024x768.jpg 1024w, https:\/\/biblioteka-milicz.pl\/wp-content\/uploads\/2023\/01\/Ks3-300x225.jpg 300w, https:\/\/biblioteka-milicz.pl\/wp-content\/uploads\/2023\/01\/Ks3-768x576.jpg 768w, https:\/\/biblioteka-milicz.pl\/wp-content\/uploads\/2023\/01\/Ks3-1536x1152.jpg 1536w, https:\/\/biblioteka-milicz.pl\/wp-content\/uploads\/2023\/01\/Ks3.jpg 2048w\" sizes=\"auto, (max-width: 1024px) 100vw, 1024px\" \/><\/figure>\n\n\n\n<figure class=\"wp-block-image size-large\"><img loading=\"lazy\" decoding=\"async\" width=\"768\" height=\"1024\" data-id=\"4187\" src=\"https:\/\/biblioteka-milicz.pl\/wp-content\/uploads\/2023\/01\/Ks5-768x1024.jpg\" alt=\"\" class=\"wp-image-4187\" srcset=\"https:\/\/biblioteka-milicz.pl\/wp-content\/uploads\/2023\/01\/Ks5-768x1024.jpg 768w, https:\/\/biblioteka-milicz.pl\/wp-content\/uploads\/2023\/01\/Ks5-225x300.jpg 225w, https:\/\/biblioteka-milicz.pl\/wp-content\/uploads\/2023\/01\/Ks5-1152x1536.jpg 1152w, https:\/\/biblioteka-milicz.pl\/wp-content\/uploads\/2023\/01\/Ks5.jpg 1536w\" sizes=\"auto, (max-width: 768px) 100vw, 768px\" \/><\/figure>\n\n\n\n<figure class=\"wp-block-image size-large\"><img loading=\"lazy\" decoding=\"async\" width=\"1024\" height=\"768\" data-id=\"4189\" src=\"https:\/\/biblioteka-milicz.pl\/wp-content\/uploads\/2023\/01\/Ks6-1024x768.jpg\" alt=\"\" class=\"wp-image-4189\" srcset=\"https:\/\/biblioteka-milicz.pl\/wp-content\/uploads\/2023\/01\/Ks6-1024x768.jpg 1024w, https:\/\/biblioteka-milicz.pl\/wp-content\/uploads\/2023\/01\/Ks6-300x225.jpg 300w, https:\/\/biblioteka-milicz.pl\/wp-content\/uploads\/2023\/01\/Ks6-768x576.jpg 768w, https:\/\/biblioteka-milicz.pl\/wp-content\/uploads\/2023\/01\/Ks6-1536x1152.jpg 1536w, https:\/\/biblioteka-milicz.pl\/wp-content\/uploads\/2023\/01\/Ks6.jpg 2048w\" sizes=\"auto, (max-width: 1024px) 100vw, 1024px\" \/><\/figure>\n\n\n\n<figure class=\"wp-block-image size-large\"><img loading=\"lazy\" decoding=\"async\" width=\"1024\" height=\"768\" data-id=\"4185\" src=\"https:\/\/biblioteka-milicz.pl\/wp-content\/uploads\/2023\/01\/Ks7-1024x768.jpg\" alt=\"\" class=\"wp-image-4185\" srcset=\"https:\/\/biblioteka-milicz.pl\/wp-content\/uploads\/2023\/01\/Ks7-1024x768.jpg 1024w, https:\/\/biblioteka-milicz.pl\/wp-content\/uploads\/2023\/01\/Ks7-300x225.jpg 300w, https:\/\/biblioteka-milicz.pl\/wp-content\/uploads\/2023\/01\/Ks7-768x576.jpg 768w, https:\/\/biblioteka-milicz.pl\/wp-content\/uploads\/2023\/01\/Ks7-1536x1152.jpg 1536w, https:\/\/biblioteka-milicz.pl\/wp-content\/uploads\/2023\/01\/Ks7.jpg 2048w\" sizes=\"auto, (max-width: 1024px) 100vw, 1024px\" \/><\/figure>\n<\/figure>\n","protected":false},"excerpt":{"rendered":"<p>18 stycznia obchodzony by\u0142 \u015awiatowy Dzie\u0144 Kubusia Puchatka. Data nie jest przypadkowa. Tego dnia, w roku 1882, na \u015bwiat przyszed\u0142 A.A. Milne, autor ksi\u0105\u017cek o przygodach sympatycznego, kochanego przez ca\u0142e pokolenia Czytelnik\u00f3w, Kubusia Puchatka-&#46;&#46;&#46;<\/p>\n","protected":false},"author":2,"featured_media":4190,"comment_status":"closed","ping_status":"closed","sticky":false,"template":"","format":"standard","meta":{"_uag_custom_page_level_css":"","footnotes":""},"categories":[3],"tags":[],"class_list":["post-4180","post","type-post","status-publish","format-standard","has-post-thumbnail","hentry","category-aktualnosci"],"uagb_featured_image_src":{"full":["https:\/\/biblioteka-milicz.pl\/wp-content\/uploads\/2023\/01\/Ks3.jpg",2048,1536,false],"thumbnail":["https:\/\/biblioteka-milicz.pl\/wp-content\/uploads\/2023\/01\/Ks3-150x150.jpg",150,150,true],"medium":["https:\/\/biblioteka-milicz.pl\/wp-content\/uploads\/2023\/01\/Ks3-300x225.jpg",300,225,true],"medium_large":["https:\/\/biblioteka-milicz.pl\/wp-content\/uploads\/2023\/01\/Ks3-768x576.jpg",768,576,true],"large":["https:\/\/biblioteka-milicz.pl\/wp-content\/uploads\/2023\/01\/Ks3-1024x768.jpg",1024,768,true],"1536x1536":["https:\/\/biblioteka-milicz.pl\/wp-content\/uploads\/2023\/01\/Ks3-1536x1152.jpg",1536,1152,true],"2048x2048":["https:\/\/biblioteka-milicz.pl\/wp-content\/uploads\/2023\/01\/Ks3.jpg",2048,1536,false],"thumb-small":["https:\/\/biblioteka-milicz.pl\/wp-content\/uploads\/2023\/01\/Ks3-80x80.jpg",80,80,true],"thumb-standard":["https:\/\/biblioteka-milicz.pl\/wp-content\/uploads\/2023\/01\/Ks3-320x320.jpg",320,320,true],"thumb-medium":["https:\/\/biblioteka-milicz.pl\/wp-content\/uploads\/2023\/01\/Ks3-520x245.jpg",520,245,true],"thumb-large":["https:\/\/biblioteka-milicz.pl\/wp-content\/uploads\/2023\/01\/Ks3-720x340.jpg",720,340,true],"thumb-xlarge":["https:\/\/biblioteka-milicz.pl\/wp-content\/uploads\/2023\/01\/Ks3-980x450.jpg",980,450,true],"thumb-xxlarge":["https:\/\/biblioteka-milicz.pl\/wp-content\/uploads\/2023\/01\/Ks3-1320x500.jpg",1320,500,true]},"uagb_author_info":{"display_name":"Marlena Grodzi\u0144ska","author_link":"https:\/\/biblioteka-milicz.pl\/index.php\/author\/marlena\/"},"uagb_comment_info":0,"uagb_excerpt":"18 stycznia obchodzony by\u0142 \u015awiatowy Dzie\u0144 Kubusia Puchatka. Data nie jest przypadkowa. Tego dnia, w roku 1882, na \u015bwiat przyszed\u0142 A.A. Milne, autor ksi\u0105\u017cek o przygodach sympatycznego, kochanego przez ca\u0142e pokolenia Czytelnik\u00f3w, Kubusia Puchatka-&#46;&#46;&#46;","_links":{"self":[{"href":"https:\/\/biblioteka-milicz.pl\/index.php\/wp-json\/wp\/v2\/posts\/4180","targetHints":{"allow":["GET"]}}],"collection":[{"href":"https:\/\/biblioteka-milicz.pl\/index.php\/wp-json\/wp\/v2\/posts"}],"about":[{"href":"https:\/\/biblioteka-milicz.pl\/index.php\/wp-json\/wp\/v2\/types\/post"}],"author":[{"embeddable":true,"href":"https:\/\/biblioteka-milicz.pl\/index.php\/wp-json\/wp\/v2\/users\/2"}],"replies":[{"embeddable":true,"href":"https:\/\/biblioteka-milicz.pl\/index.php\/wp-json\/wp\/v2\/comments?post=4180"}],"version-history":[{"count":1,"href":"https:\/\/biblioteka-milicz.pl\/index.php\/wp-json\/wp\/v2\/posts\/4180\/revisions"}],"predecessor-version":[{"id":4191,"href":"https:\/\/biblioteka-milicz.pl\/index.php\/wp-json\/wp\/v2\/posts\/4180\/revisions\/4191"}],"wp:featuredmedia":[{"embeddable":true,"href":"https:\/\/biblioteka-milicz.pl\/index.php\/wp-json\/wp\/v2\/media\/4190"}],"wp:attachment":[{"href":"https:\/\/biblioteka-milicz.pl\/index.php\/wp-json\/wp\/v2\/media?parent=4180"}],"wp:term":[{"taxonomy":"category","embeddable":true,"href":"https:\/\/biblioteka-milicz.pl\/index.php\/wp-json\/wp\/v2\/categories?post=4180"},{"taxonomy":"post_tag","embeddable":true,"href":"https:\/\/biblioteka-milicz.pl\/index.php\/wp-json\/wp\/v2\/tags?post=4180"}],"curies":[{"name":"wp","href":"https:\/\/api.w.org\/{rel}","templated":true}]}}