{"id":4056,"date":"2023-01-11T15:53:29","date_gmt":"2023-01-11T14:53:29","guid":{"rendered":"https:\/\/biblioteka-milicz.pl\/?p=4056"},"modified":"2023-01-12T15:57:58","modified_gmt":"2023-01-12T14:57:58","slug":"spotkanie-z-koleda","status":"publish","type":"post","link":"https:\/\/biblioteka-milicz.pl\/index.php\/2023\/01\/11\/spotkanie-z-koleda\/","title":{"rendered":"Spotkanie z kol\u0119d\u0105"},"content":{"rendered":"\n<p>Wsp\u00f3lne \u015bpiewanie kol\u0119d jest jednym z najpi\u0119kniejszych zwyczaj\u00f3w. Okazj\u0105 do wsp\u00f3lnego kol\u0119dowania by\u0142o kolejne ju\u017c spotkanie zatytu\u0142owane  &#8222;Hej, kol\u0119da, kol\u0119da&#8230;&#8221;, tym razem z uczniami klasy 1a ze SP nr 1 w Miliczu. Nasze zaj\u0119cia rozpocz\u0119li\u015bmy s\u0142owami kol\u0119dy &#8222;W\u015br\u00f3d nocnej ciszy&#8221;. Uczniowie poznali najstarsze i najpopularniejsze kol\u0119dy, kol\u0119dy &#8211; ko\u0142ysanki i pastora\u0142ki. Dowiedzieli si\u0119 sk\u0105d pochodzi i kiedy powsta\u0142a nazwa kol\u0119da. Poznali autor\u00f3w tekst\u00f3w i muzyki. Wys\u0142uchali kilku kol\u0119d m.in.: &#8222;Lulaj\u017ce Jezuniu&#8221;, &#8222;B\u00f3g si\u0119 rodzi&#8221;, &#8222;W \u017c\u0142obie le\u017cy&#8221; granych na flecie poprzecznym i ukulele. Na zako\u0144czenie spotkania dzieci sta\u0142y si\u0119 wytrawnymi muzykami i zagra\u0142y dwie kol\u0119dy: &#8222;P\u00f3jd\u017amy wszyscy do stajenki&#8221; i &#8222;Przybie\u017celi do Betlejem&#8221; na dzwonkach chromatycznych w trzech r\u00f3\u017cnych tempach. Za wspania\u0142\u0105 gr\u0119 i udany wyst\u0119p wszyscy otrzymali medal i dyplom Mistrza Kol\u0119dowania.<\/p>\n\n\n\n<figure class=\"wp-block-gallery has-nested-images columns-default is-cropped wp-block-gallery-1 is-layout-flex wp-block-gallery-is-layout-flex\">\n<figure class=\"wp-block-image size-large\"><img loading=\"lazy\" decoding=\"async\" width=\"720\" height=\"960\" data-id=\"4058\" src=\"https:\/\/biblioteka-milicz.pl\/wp-content\/uploads\/2023\/01\/325400666_506933661422533_2461878056832733998_n-1.jpg\" alt=\"\" class=\"wp-image-4058\" srcset=\"https:\/\/biblioteka-milicz.pl\/wp-content\/uploads\/2023\/01\/325400666_506933661422533_2461878056832733998_n-1.jpg 720w, https:\/\/biblioteka-milicz.pl\/wp-content\/uploads\/2023\/01\/325400666_506933661422533_2461878056832733998_n-1-225x300.jpg 225w\" sizes=\"auto, (max-width: 720px) 100vw, 720px\" \/><\/figure>\n\n\n\n<figure class=\"wp-block-image size-large\"><img loading=\"lazy\" decoding=\"async\" width=\"720\" height=\"960\" data-id=\"4060\" src=\"https:\/\/biblioteka-milicz.pl\/wp-content\/uploads\/2023\/01\/325387735_734584561671181_1641892234612077084_n.jpg\" alt=\"\" class=\"wp-image-4060\" srcset=\"https:\/\/biblioteka-milicz.pl\/wp-content\/uploads\/2023\/01\/325387735_734584561671181_1641892234612077084_n.jpg 720w, https:\/\/biblioteka-milicz.pl\/wp-content\/uploads\/2023\/01\/325387735_734584561671181_1641892234612077084_n-225x300.jpg 225w\" sizes=\"auto, (max-width: 720px) 100vw, 720px\" \/><\/figure>\n\n\n\n<figure class=\"wp-block-image size-large\"><img loading=\"lazy\" decoding=\"async\" width=\"720\" height=\"960\" data-id=\"4063\" src=\"https:\/\/biblioteka-milicz.pl\/wp-content\/uploads\/2023\/01\/325360051_840762497154199_1028592759153803301_n.jpg\" alt=\"\" class=\"wp-image-4063\" srcset=\"https:\/\/biblioteka-milicz.pl\/wp-content\/uploads\/2023\/01\/325360051_840762497154199_1028592759153803301_n.jpg 720w, https:\/\/biblioteka-milicz.pl\/wp-content\/uploads\/2023\/01\/325360051_840762497154199_1028592759153803301_n-225x300.jpg 225w\" sizes=\"auto, (max-width: 720px) 100vw, 720px\" \/><\/figure>\n\n\n\n<figure class=\"wp-block-image size-large\"><img loading=\"lazy\" decoding=\"async\" width=\"720\" height=\"960\" data-id=\"4059\" src=\"https:\/\/biblioteka-milicz.pl\/wp-content\/uploads\/2023\/01\/325327669_1213893549564267_6480619592740545244_n.jpg\" alt=\"\" class=\"wp-image-4059\" srcset=\"https:\/\/biblioteka-milicz.pl\/wp-content\/uploads\/2023\/01\/325327669_1213893549564267_6480619592740545244_n.jpg 720w, https:\/\/biblioteka-milicz.pl\/wp-content\/uploads\/2023\/01\/325327669_1213893549564267_6480619592740545244_n-225x300.jpg 225w\" sizes=\"auto, (max-width: 720px) 100vw, 720px\" \/><\/figure>\n\n\n\n<figure class=\"wp-block-image size-large\"><img loading=\"lazy\" decoding=\"async\" width=\"960\" height=\"720\" data-id=\"4061\" src=\"https:\/\/biblioteka-milicz.pl\/wp-content\/uploads\/2023\/01\/325266844_559766252714460_2930409385023622481_n.jpg\" alt=\"\" class=\"wp-image-4061\" srcset=\"https:\/\/biblioteka-milicz.pl\/wp-content\/uploads\/2023\/01\/325266844_559766252714460_2930409385023622481_n.jpg 960w, https:\/\/biblioteka-milicz.pl\/wp-content\/uploads\/2023\/01\/325266844_559766252714460_2930409385023622481_n-300x225.jpg 300w, https:\/\/biblioteka-milicz.pl\/wp-content\/uploads\/2023\/01\/325266844_559766252714460_2930409385023622481_n-768x576.jpg 768w\" sizes=\"auto, (max-width: 960px) 100vw, 960px\" \/><\/figure>\n<\/figure>\n","protected":false},"excerpt":{"rendered":"<p>Wsp\u00f3lne \u015bpiewanie kol\u0119d jest jednym z najpi\u0119kniejszych zwyczaj\u00f3w. Okazj\u0105 do wsp\u00f3lnego kol\u0119dowania by\u0142o kolejne ju\u017c spotkanie zatytu\u0142owane &#8222;Hej, kol\u0119da, kol\u0119da&#8230;&#8221;, tym razem z uczniami klasy 1a ze SP nr 1 w Miliczu. Nasze zaj\u0119cia&#46;&#46;&#46;<\/p>\n","protected":false},"author":2,"featured_media":4058,"comment_status":"closed","ping_status":"closed","sticky":false,"template":"","format":"standard","meta":{"_uag_custom_page_level_css":"","footnotes":""},"categories":[3],"tags":[],"class_list":["post-4056","post","type-post","status-publish","format-standard","has-post-thumbnail","hentry","category-aktualnosci"],"uagb_featured_image_src":{"full":["https:\/\/biblioteka-milicz.pl\/wp-content\/uploads\/2023\/01\/325400666_506933661422533_2461878056832733998_n-1.jpg",720,960,false],"thumbnail":["https:\/\/biblioteka-milicz.pl\/wp-content\/uploads\/2023\/01\/325400666_506933661422533_2461878056832733998_n-1-150x150.jpg",150,150,true],"medium":["https:\/\/biblioteka-milicz.pl\/wp-content\/uploads\/2023\/01\/325400666_506933661422533_2461878056832733998_n-1-225x300.jpg",225,300,true],"medium_large":["https:\/\/biblioteka-milicz.pl\/wp-content\/uploads\/2023\/01\/325400666_506933661422533_2461878056832733998_n-1.jpg",720,960,false],"large":["https:\/\/biblioteka-milicz.pl\/wp-content\/uploads\/2023\/01\/325400666_506933661422533_2461878056832733998_n-1.jpg",720,960,false],"1536x1536":["https:\/\/biblioteka-milicz.pl\/wp-content\/uploads\/2023\/01\/325400666_506933661422533_2461878056832733998_n-1.jpg",720,960,false],"2048x2048":["https:\/\/biblioteka-milicz.pl\/wp-content\/uploads\/2023\/01\/325400666_506933661422533_2461878056832733998_n-1.jpg",720,960,false],"thumb-small":["https:\/\/biblioteka-milicz.pl\/wp-content\/uploads\/2023\/01\/325400666_506933661422533_2461878056832733998_n-1-80x80.jpg",80,80,true],"thumb-standard":["https:\/\/biblioteka-milicz.pl\/wp-content\/uploads\/2023\/01\/325400666_506933661422533_2461878056832733998_n-1-320x320.jpg",320,320,true],"thumb-medium":["https:\/\/biblioteka-milicz.pl\/wp-content\/uploads\/2023\/01\/325400666_506933661422533_2461878056832733998_n-1-520x245.jpg",520,245,true],"thumb-large":["https:\/\/biblioteka-milicz.pl\/wp-content\/uploads\/2023\/01\/325400666_506933661422533_2461878056832733998_n-1-720x340.jpg",720,340,true],"thumb-xlarge":["https:\/\/biblioteka-milicz.pl\/wp-content\/uploads\/2023\/01\/325400666_506933661422533_2461878056832733998_n-1-720x450.jpg",720,450,true],"thumb-xxlarge":["https:\/\/biblioteka-milicz.pl\/wp-content\/uploads\/2023\/01\/325400666_506933661422533_2461878056832733998_n-1-720x500.jpg",720,500,true]},"uagb_author_info":{"display_name":"Marlena Grodzi\u0144ska","author_link":"https:\/\/biblioteka-milicz.pl\/index.php\/author\/marlena\/"},"uagb_comment_info":0,"uagb_excerpt":"Wsp\u00f3lne \u015bpiewanie kol\u0119d jest jednym z najpi\u0119kniejszych zwyczaj\u00f3w. Okazj\u0105 do wsp\u00f3lnego kol\u0119dowania by\u0142o kolejne ju\u017c spotkanie zatytu\u0142owane &#8222;Hej, kol\u0119da, kol\u0119da&#8230;&#8221;, tym razem z uczniami klasy 1a ze SP nr 1 w Miliczu. Nasze zaj\u0119cia&#46;&#46;&#46;","_links":{"self":[{"href":"https:\/\/biblioteka-milicz.pl\/index.php\/wp-json\/wp\/v2\/posts\/4056","targetHints":{"allow":["GET"]}}],"collection":[{"href":"https:\/\/biblioteka-milicz.pl\/index.php\/wp-json\/wp\/v2\/posts"}],"about":[{"href":"https:\/\/biblioteka-milicz.pl\/index.php\/wp-json\/wp\/v2\/types\/post"}],"author":[{"embeddable":true,"href":"https:\/\/biblioteka-milicz.pl\/index.php\/wp-json\/wp\/v2\/users\/2"}],"replies":[{"embeddable":true,"href":"https:\/\/biblioteka-milicz.pl\/index.php\/wp-json\/wp\/v2\/comments?post=4056"}],"version-history":[{"count":2,"href":"https:\/\/biblioteka-milicz.pl\/index.php\/wp-json\/wp\/v2\/posts\/4056\/revisions"}],"predecessor-version":[{"id":4065,"href":"https:\/\/biblioteka-milicz.pl\/index.php\/wp-json\/wp\/v2\/posts\/4056\/revisions\/4065"}],"wp:featuredmedia":[{"embeddable":true,"href":"https:\/\/biblioteka-milicz.pl\/index.php\/wp-json\/wp\/v2\/media\/4058"}],"wp:attachment":[{"href":"https:\/\/biblioteka-milicz.pl\/index.php\/wp-json\/wp\/v2\/media?parent=4056"}],"wp:term":[{"taxonomy":"category","embeddable":true,"href":"https:\/\/biblioteka-milicz.pl\/index.php\/wp-json\/wp\/v2\/categories?post=4056"},{"taxonomy":"post_tag","embeddable":true,"href":"https:\/\/biblioteka-milicz.pl\/index.php\/wp-json\/wp\/v2\/tags?post=4056"}],"curies":[{"name":"wp","href":"https:\/\/api.w.org\/{rel}","templated":true}]}}