{"id":3861,"date":"2022-11-08T13:20:22","date_gmt":"2022-11-08T12:20:22","guid":{"rendered":"https:\/\/biblioteka-milicz.pl\/?p=3861"},"modified":"2022-11-08T14:25:07","modified_gmt":"2022-11-08T13:25:07","slug":"klub-ksiazki-dla-dzieci","status":"publish","type":"post","link":"https:\/\/biblioteka-milicz.pl\/index.php\/2022\/11\/08\/klub-ksiazki-dla-dzieci\/","title":{"rendered":"Klub Ksi\u0105\u017cki dla Dzieci"},"content":{"rendered":"\n<p>Od listopada w Oddziale Dzieci\u0119cym Biblioteki Publicznej w Miliczu rusza Klub Ksi\u0105\u017cki dla najm\u0142odszych. Zapraszamy dzieci w wieku 5-8 lat na wsp\u00f3lne zabawy z ksi\u0105\u017ck\u0105, kt\u00f3re pozwol\u0105 odkry\u0107 jak wielk\u0105 i niezwyk\u0142\u0105 przygod\u0105 mo\u017ce by\u0107 czytanie ksi\u0105\u017cek.<\/p>\n\n\n\n<figure class=\"wp-block-image size-large\"><img loading=\"lazy\" decoding=\"async\" width=\"724\" height=\"1024\" src=\"https:\/\/biblioteka-milicz.pl\/wp-content\/uploads\/2022\/11\/Zielony-Jasnozielony-Recznie-rysowane-Szkola-Rodzina-Dzien-Edukacja-Plakat1-724x1024.png\" alt=\"\" class=\"wp-image-3862\" srcset=\"https:\/\/biblioteka-milicz.pl\/wp-content\/uploads\/2022\/11\/Zielony-Jasnozielony-Recznie-rysowane-Szkola-Rodzina-Dzien-Edukacja-Plakat1-724x1024.png 724w, https:\/\/biblioteka-milicz.pl\/wp-content\/uploads\/2022\/11\/Zielony-Jasnozielony-Recznie-rysowane-Szkola-Rodzina-Dzien-Edukacja-Plakat1-212x300.png 212w, https:\/\/biblioteka-milicz.pl\/wp-content\/uploads\/2022\/11\/Zielony-Jasnozielony-Recznie-rysowane-Szkola-Rodzina-Dzien-Edukacja-Plakat1-768x1086.png 768w, https:\/\/biblioteka-milicz.pl\/wp-content\/uploads\/2022\/11\/Zielony-Jasnozielony-Recznie-rysowane-Szkola-Rodzina-Dzien-Edukacja-Plakat1-1086x1536.png 1086w, https:\/\/biblioteka-milicz.pl\/wp-content\/uploads\/2022\/11\/Zielony-Jasnozielony-Recznie-rysowane-Szkola-Rodzina-Dzien-Edukacja-Plakat1-1448x2048.png 1448w, https:\/\/biblioteka-milicz.pl\/wp-content\/uploads\/2022\/11\/Zielony-Jasnozielony-Recznie-rysowane-Szkola-Rodzina-Dzien-Edukacja-Plakat1.png 1587w\" sizes=\"auto, (max-width: 724px) 100vw, 724px\" \/><\/figure>\n","protected":false},"excerpt":{"rendered":"<p>Od listopada w Oddziale Dzieci\u0119cym Biblioteki Publicznej w Miliczu rusza Klub Ksi\u0105\u017cki dla najm\u0142odszych. Zapraszamy dzieci w wieku 5-8 lat na wsp\u00f3lne zabawy z ksi\u0105\u017ck\u0105, kt\u00f3re pozwol\u0105 odkry\u0107 jak wielk\u0105 i niezwyk\u0142\u0105 przygod\u0105 mo\u017ce&#46;&#46;&#46;<\/p>\n","protected":false},"author":2,"featured_media":3862,"comment_status":"closed","ping_status":"closed","sticky":false,"template":"","format":"standard","meta":{"_uag_custom_page_level_css":"","footnotes":""},"categories":[3],"tags":[],"class_list":["post-3861","post","type-post","status-publish","format-standard","has-post-thumbnail","hentry","category-aktualnosci"],"uagb_featured_image_src":{"full":["https:\/\/biblioteka-milicz.pl\/wp-content\/uploads\/2022\/11\/Zielony-Jasnozielony-Recznie-rysowane-Szkola-Rodzina-Dzien-Edukacja-Plakat1.png",1587,2245,false],"thumbnail":["https:\/\/biblioteka-milicz.pl\/wp-content\/uploads\/2022\/11\/Zielony-Jasnozielony-Recznie-rysowane-Szkola-Rodzina-Dzien-Edukacja-Plakat1-150x150.png",150,150,true],"medium":["https:\/\/biblioteka-milicz.pl\/wp-content\/uploads\/2022\/11\/Zielony-Jasnozielony-Recznie-rysowane-Szkola-Rodzina-Dzien-Edukacja-Plakat1-212x300.png",212,300,true],"medium_large":["https:\/\/biblioteka-milicz.pl\/wp-content\/uploads\/2022\/11\/Zielony-Jasnozielony-Recznie-rysowane-Szkola-Rodzina-Dzien-Edukacja-Plakat1-768x1086.png",768,1086,true],"large":["https:\/\/biblioteka-milicz.pl\/wp-content\/uploads\/2022\/11\/Zielony-Jasnozielony-Recznie-rysowane-Szkola-Rodzina-Dzien-Edukacja-Plakat1-724x1024.png",724,1024,true],"1536x1536":["https:\/\/biblioteka-milicz.pl\/wp-content\/uploads\/2022\/11\/Zielony-Jasnozielony-Recznie-rysowane-Szkola-Rodzina-Dzien-Edukacja-Plakat1-1086x1536.png",1086,1536,true],"2048x2048":["https:\/\/biblioteka-milicz.pl\/wp-content\/uploads\/2022\/11\/Zielony-Jasnozielony-Recznie-rysowane-Szkola-Rodzina-Dzien-Edukacja-Plakat1-1448x2048.png",1448,2048,true],"thumb-small":["https:\/\/biblioteka-milicz.pl\/wp-content\/uploads\/2022\/11\/Zielony-Jasnozielony-Recznie-rysowane-Szkola-Rodzina-Dzien-Edukacja-Plakat1-80x80.png",80,80,true],"thumb-standard":["https:\/\/biblioteka-milicz.pl\/wp-content\/uploads\/2022\/11\/Zielony-Jasnozielony-Recznie-rysowane-Szkola-Rodzina-Dzien-Edukacja-Plakat1-320x320.png",320,320,true],"thumb-medium":["https:\/\/biblioteka-milicz.pl\/wp-content\/uploads\/2022\/11\/Zielony-Jasnozielony-Recznie-rysowane-Szkola-Rodzina-Dzien-Edukacja-Plakat1-520x245.png",520,245,true],"thumb-large":["https:\/\/biblioteka-milicz.pl\/wp-content\/uploads\/2022\/11\/Zielony-Jasnozielony-Recznie-rysowane-Szkola-Rodzina-Dzien-Edukacja-Plakat1-720x340.png",720,340,true],"thumb-xlarge":["https:\/\/biblioteka-milicz.pl\/wp-content\/uploads\/2022\/11\/Zielony-Jasnozielony-Recznie-rysowane-Szkola-Rodzina-Dzien-Edukacja-Plakat1-980x450.png",980,450,true],"thumb-xxlarge":["https:\/\/biblioteka-milicz.pl\/wp-content\/uploads\/2022\/11\/Zielony-Jasnozielony-Recznie-rysowane-Szkola-Rodzina-Dzien-Edukacja-Plakat1-1320x500.png",1320,500,true]},"uagb_author_info":{"display_name":"Marlena Grodzi\u0144ska","author_link":"https:\/\/biblioteka-milicz.pl\/index.php\/author\/marlena\/"},"uagb_comment_info":0,"uagb_excerpt":"Od listopada w Oddziale Dzieci\u0119cym Biblioteki Publicznej w Miliczu rusza Klub Ksi\u0105\u017cki dla najm\u0142odszych. Zapraszamy dzieci w wieku 5-8 lat na wsp\u00f3lne zabawy z ksi\u0105\u017ck\u0105, kt\u00f3re pozwol\u0105 odkry\u0107 jak wielk\u0105 i niezwyk\u0142\u0105 przygod\u0105 mo\u017ce&#46;&#46;&#46;","_links":{"self":[{"href":"https:\/\/biblioteka-milicz.pl\/index.php\/wp-json\/wp\/v2\/posts\/3861","targetHints":{"allow":["GET"]}}],"collection":[{"href":"https:\/\/biblioteka-milicz.pl\/index.php\/wp-json\/wp\/v2\/posts"}],"about":[{"href":"https:\/\/biblioteka-milicz.pl\/index.php\/wp-json\/wp\/v2\/types\/post"}],"author":[{"embeddable":true,"href":"https:\/\/biblioteka-milicz.pl\/index.php\/wp-json\/wp\/v2\/users\/2"}],"replies":[{"embeddable":true,"href":"https:\/\/biblioteka-milicz.pl\/index.php\/wp-json\/wp\/v2\/comments?post=3861"}],"version-history":[{"count":2,"href":"https:\/\/biblioteka-milicz.pl\/index.php\/wp-json\/wp\/v2\/posts\/3861\/revisions"}],"predecessor-version":[{"id":3864,"href":"https:\/\/biblioteka-milicz.pl\/index.php\/wp-json\/wp\/v2\/posts\/3861\/revisions\/3864"}],"wp:featuredmedia":[{"embeddable":true,"href":"https:\/\/biblioteka-milicz.pl\/index.php\/wp-json\/wp\/v2\/media\/3862"}],"wp:attachment":[{"href":"https:\/\/biblioteka-milicz.pl\/index.php\/wp-json\/wp\/v2\/media?parent=3861"}],"wp:term":[{"taxonomy":"category","embeddable":true,"href":"https:\/\/biblioteka-milicz.pl\/index.php\/wp-json\/wp\/v2\/categories?post=3861"},{"taxonomy":"post_tag","embeddable":true,"href":"https:\/\/biblioteka-milicz.pl\/index.php\/wp-json\/wp\/v2\/tags?post=3861"}],"curies":[{"name":"wp","href":"https:\/\/api.w.org\/{rel}","templated":true}]}}