{"id":385,"date":"2019-12-05T11:44:00","date_gmt":"2019-12-05T10:44:00","guid":{"rendered":"http:\/\/biblioteka-milicz.pl\/?p=385"},"modified":"2022-03-13T12:18:16","modified_gmt":"2022-03-13T11:18:16","slug":"basniowo-o-choince","status":"publish","type":"post","link":"https:\/\/biblioteka-milicz.pl\/index.php\/2019\/12\/05\/basniowo-o-choince\/","title":{"rendered":"Ba\u015bniowo o choince"},"content":{"rendered":"\n<p>Dzi\u015b w su\u0142owskiej bibliotece przedszkolaki wys\u0142ucha\u0142y pi\u0119knej, \u015bwi\u0105tecznej opowie\u015bci o przyja\u017ani i mi\u0142o\u015bci pod tytu\u0142em &#8222;Choinka&#8221;, autorstwa Sally Gilmore. Ba\u015b\u0144, kt\u00f3rej bohaterami s\u0105 le\u015bne zwierz\u0119ta, wspaniale wprowadzi\u0142a nas w okres oczekiwania na \u015awi\u0119ta Bo\u017cego Narodzenia. Pokaza\u0142a, jak wa\u017cne s\u0105 zrozumienie i wzajemna pomoc w osi\u0105gni\u0119ciu wsp\u00f3lnego celu. W nagrod\u0119 za aktywne uczestnictwo w zaj\u0119ciach, dzieci otrzyma\u0142y miko\u0142ajkowe kolorowanki.<\/p>\n\n\n\n<figure class=\"wp-block-gallery has-nested-images columns-default is-cropped wp-block-gallery-1 is-layout-flex wp-block-gallery-is-layout-flex\">\n<figure class=\"wp-block-image size-large\"><img loading=\"lazy\" decoding=\"async\" width=\"540\" height=\"960\" data-id=\"1332\" src=\"http:\/\/biblioteka-milicz.pl\/wp-content\/uploads\/2022\/03\/75418959_1013115982371192_3246182766747844608_n.jpg\" alt=\"\" class=\"wp-image-1332\" srcset=\"https:\/\/biblioteka-milicz.pl\/wp-content\/uploads\/2022\/03\/75418959_1013115982371192_3246182766747844608_n.jpg 540w, https:\/\/biblioteka-milicz.pl\/wp-content\/uploads\/2022\/03\/75418959_1013115982371192_3246182766747844608_n-169x300.jpg 169w\" sizes=\"auto, (max-width: 540px) 100vw, 540px\" \/><\/figure>\n\n\n\n<figure class=\"wp-block-image size-large\"><img loading=\"lazy\" decoding=\"async\" width=\"960\" height=\"540\" data-id=\"1333\" src=\"http:\/\/biblioteka-milicz.pl\/wp-content\/uploads\/2022\/03\/78338120_1013114375704686_940583024481796096_n-1.jpg\" alt=\"\" class=\"wp-image-1333\" srcset=\"https:\/\/biblioteka-milicz.pl\/wp-content\/uploads\/2022\/03\/78338120_1013114375704686_940583024481796096_n-1.jpg 960w, https:\/\/biblioteka-milicz.pl\/wp-content\/uploads\/2022\/03\/78338120_1013114375704686_940583024481796096_n-1-300x169.jpg 300w, https:\/\/biblioteka-milicz.pl\/wp-content\/uploads\/2022\/03\/78338120_1013114375704686_940583024481796096_n-1-768x432.jpg 768w\" sizes=\"auto, (max-width: 960px) 100vw, 960px\" \/><\/figure>\n\n\n\n<figure class=\"wp-block-image size-large\"><img loading=\"lazy\" decoding=\"async\" width=\"960\" height=\"540\" data-id=\"1334\" src=\"http:\/\/biblioteka-milicz.pl\/wp-content\/uploads\/2022\/03\/78695309_1013114332371357_1440914966067544064_n.jpg\" alt=\"\" class=\"wp-image-1334\" srcset=\"https:\/\/biblioteka-milicz.pl\/wp-content\/uploads\/2022\/03\/78695309_1013114332371357_1440914966067544064_n.jpg 960w, https:\/\/biblioteka-milicz.pl\/wp-content\/uploads\/2022\/03\/78695309_1013114332371357_1440914966067544064_n-300x169.jpg 300w, https:\/\/biblioteka-milicz.pl\/wp-content\/uploads\/2022\/03\/78695309_1013114332371357_1440914966067544064_n-768x432.jpg 768w\" sizes=\"auto, (max-width: 960px) 100vw, 960px\" \/><\/figure>\n<\/figure>\n","protected":false},"excerpt":{"rendered":"<p>Dzi\u015b w su\u0142owskiej bibliotece przedszkolaki wys\u0142ucha\u0142y pi\u0119knej, \u015bwi\u0105tecznej opowie\u015bci o przyja\u017ani i mi\u0142o\u015bci pod tytu\u0142em &#8222;Choinka&#8221;, autorstwa Sally Gilmore. Ba\u015b\u0144, kt\u00f3rej bohaterami s\u0105 le\u015bne zwierz\u0119ta, wspaniale wprowadzi\u0142a nas w okres oczekiwania na \u015awi\u0119ta Bo\u017cego&#46;&#46;&#46;<\/p>\n","protected":false},"author":1,"featured_media":386,"comment_status":"closed","ping_status":"open","sticky":false,"template":"","format":"standard","meta":{"_uag_custom_page_level_css":"","footnotes":""},"categories":[3],"tags":[],"class_list":["post-385","post","type-post","status-publish","format-standard","has-post-thumbnail","hentry","category-aktualnosci"],"uagb_featured_image_src":{"full":["https:\/\/biblioteka-milicz.pl\/wp-content\/uploads\/2022\/03\/78338120_1013114375704686_940583024481796096_n.jpg",960,540,false],"thumbnail":["https:\/\/biblioteka-milicz.pl\/wp-content\/uploads\/2022\/03\/78338120_1013114375704686_940583024481796096_n-150x150.jpg",150,150,true],"medium":["https:\/\/biblioteka-milicz.pl\/wp-content\/uploads\/2022\/03\/78338120_1013114375704686_940583024481796096_n-300x169.jpg",300,169,true],"medium_large":["https:\/\/biblioteka-milicz.pl\/wp-content\/uploads\/2022\/03\/78338120_1013114375704686_940583024481796096_n-768x432.jpg",768,432,true],"large":["https:\/\/biblioteka-milicz.pl\/wp-content\/uploads\/2022\/03\/78338120_1013114375704686_940583024481796096_n.jpg",960,540,false],"1536x1536":["https:\/\/biblioteka-milicz.pl\/wp-content\/uploads\/2022\/03\/78338120_1013114375704686_940583024481796096_n.jpg",960,540,false],"2048x2048":["https:\/\/biblioteka-milicz.pl\/wp-content\/uploads\/2022\/03\/78338120_1013114375704686_940583024481796096_n.jpg",960,540,false],"thumb-small":["https:\/\/biblioteka-milicz.pl\/wp-content\/uploads\/2022\/03\/78338120_1013114375704686_940583024481796096_n-80x80.jpg",80,80,true],"thumb-standard":["https:\/\/biblioteka-milicz.pl\/wp-content\/uploads\/2022\/03\/78338120_1013114375704686_940583024481796096_n-320x320.jpg",320,320,true],"thumb-medium":["https:\/\/biblioteka-milicz.pl\/wp-content\/uploads\/2022\/03\/78338120_1013114375704686_940583024481796096_n-520x245.jpg",520,245,true],"thumb-large":["https:\/\/biblioteka-milicz.pl\/wp-content\/uploads\/2022\/03\/78338120_1013114375704686_940583024481796096_n-720x340.jpg",720,340,true],"thumb-xlarge":["https:\/\/biblioteka-milicz.pl\/wp-content\/uploads\/2022\/03\/78338120_1013114375704686_940583024481796096_n-960x450.jpg",960,450,true],"thumb-xxlarge":["https:\/\/biblioteka-milicz.pl\/wp-content\/uploads\/2022\/03\/78338120_1013114375704686_940583024481796096_n-960x500.jpg",960,500,true]},"uagb_author_info":{"display_name":"admin","author_link":"https:\/\/biblioteka-milicz.pl\/index.php\/author\/admin\/"},"uagb_comment_info":0,"uagb_excerpt":"Dzi\u015b w su\u0142owskiej bibliotece przedszkolaki wys\u0142ucha\u0142y pi\u0119knej, \u015bwi\u0105tecznej opowie\u015bci o przyja\u017ani i mi\u0142o\u015bci pod tytu\u0142em &#8222;Choinka&#8221;, autorstwa Sally Gilmore. Ba\u015b\u0144, kt\u00f3rej bohaterami s\u0105 le\u015bne zwierz\u0119ta, wspaniale wprowadzi\u0142a nas w okres oczekiwania na \u015awi\u0119ta Bo\u017cego&#46;&#46;&#46;","_links":{"self":[{"href":"https:\/\/biblioteka-milicz.pl\/index.php\/wp-json\/wp\/v2\/posts\/385","targetHints":{"allow":["GET"]}}],"collection":[{"href":"https:\/\/biblioteka-milicz.pl\/index.php\/wp-json\/wp\/v2\/posts"}],"about":[{"href":"https:\/\/biblioteka-milicz.pl\/index.php\/wp-json\/wp\/v2\/types\/post"}],"author":[{"embeddable":true,"href":"https:\/\/biblioteka-milicz.pl\/index.php\/wp-json\/wp\/v2\/users\/1"}],"replies":[{"embeddable":true,"href":"https:\/\/biblioteka-milicz.pl\/index.php\/wp-json\/wp\/v2\/comments?post=385"}],"version-history":[{"count":2,"href":"https:\/\/biblioteka-milicz.pl\/index.php\/wp-json\/wp\/v2\/posts\/385\/revisions"}],"predecessor-version":[{"id":1335,"href":"https:\/\/biblioteka-milicz.pl\/index.php\/wp-json\/wp\/v2\/posts\/385\/revisions\/1335"}],"wp:featuredmedia":[{"embeddable":true,"href":"https:\/\/biblioteka-milicz.pl\/index.php\/wp-json\/wp\/v2\/media\/386"}],"wp:attachment":[{"href":"https:\/\/biblioteka-milicz.pl\/index.php\/wp-json\/wp\/v2\/media?parent=385"}],"wp:term":[{"taxonomy":"category","embeddable":true,"href":"https:\/\/biblioteka-milicz.pl\/index.php\/wp-json\/wp\/v2\/categories?post=385"},{"taxonomy":"post_tag","embeddable":true,"href":"https:\/\/biblioteka-milicz.pl\/index.php\/wp-json\/wp\/v2\/tags?post=385"}],"curies":[{"name":"wp","href":"https:\/\/api.w.org\/{rel}","templated":true}]}}