{"id":340,"date":"2019-12-17T11:28:00","date_gmt":"2019-12-17T10:28:00","guid":{"rendered":"http:\/\/biblioteka-milicz.pl\/?p=340"},"modified":"2022-03-13T12:08:47","modified_gmt":"2022-03-13T11:08:47","slug":"z-swiatecznymi-zyczeniami-do-biblioteki","status":"publish","type":"post","link":"https:\/\/biblioteka-milicz.pl\/index.php\/2019\/12\/17\/z-swiatecznymi-zyczeniami-do-biblioteki\/","title":{"rendered":"Z \u015bwi\u0105tecznymi \u017cyczeniami do biblioteki"},"content":{"rendered":"\n<p>Zer\u00f3wkowa gromadka pani Anity Stasiewicz, przysz\u0142a do naszej filii bibliotecznej w Su\u0142owie z mi\u0142\u0105 niespodziank\u0105. Dzieci przynios\u0142y ze sob\u0105 w\u0142asnor\u0119cznie wykonan\u0105 kartk\u0119 bo\u017conarodzeniow\u0105 i z\u0142o\u017cy\u0142y pi\u0119kne \u017cyczenia. Tego nastroju nie mo\u017cna by\u0142o zepsu\u0107! \u015apiewali\u015bmy wi\u0119c kol\u0119dy, rozmawiali\u015bmy o \u015awi\u0119tach i zwi\u0105zanych z nimi zwyczajach. No i oczywi\u015bcie o \u015awi\u0119tym Miko\u0142aju i prezentowych marzeniach dzieci.<\/p>\n\n\n\n<figure class=\"wp-block-gallery has-nested-images columns-default is-cropped wp-block-gallery-1 is-layout-flex wp-block-gallery-is-layout-flex\">\n<figure class=\"wp-block-image size-large\"><img loading=\"lazy\" decoding=\"async\" width=\"720\" height=\"960\" data-id=\"1180\" src=\"http:\/\/biblioteka-milicz.pl\/wp-content\/uploads\/2022\/03\/79846073_1024486924567431_7077736015066038272_n.jpg\" alt=\"\" class=\"wp-image-1180\" srcset=\"https:\/\/biblioteka-milicz.pl\/wp-content\/uploads\/2022\/03\/79846073_1024486924567431_7077736015066038272_n.jpg 720w, https:\/\/biblioteka-milicz.pl\/wp-content\/uploads\/2022\/03\/79846073_1024486924567431_7077736015066038272_n-225x300.jpg 225w\" sizes=\"auto, (max-width: 720px) 100vw, 720px\" \/><\/figure>\n\n\n\n<figure class=\"wp-block-image size-large\"><img loading=\"lazy\" decoding=\"async\" width=\"720\" height=\"960\" data-id=\"1179\" src=\"http:\/\/biblioteka-milicz.pl\/wp-content\/uploads\/2022\/03\/79965097_1024486921234098_848901759228182528_n.jpg\" alt=\"\" class=\"wp-image-1179\" srcset=\"https:\/\/biblioteka-milicz.pl\/wp-content\/uploads\/2022\/03\/79965097_1024486921234098_848901759228182528_n.jpg 720w, https:\/\/biblioteka-milicz.pl\/wp-content\/uploads\/2022\/03\/79965097_1024486921234098_848901759228182528_n-225x300.jpg 225w\" sizes=\"auto, (max-width: 720px) 100vw, 720px\" \/><\/figure>\n\n\n\n<figure class=\"wp-block-image size-large\"><img loading=\"lazy\" decoding=\"async\" width=\"960\" height=\"720\" data-id=\"1177\" src=\"http:\/\/biblioteka-milicz.pl\/wp-content\/uploads\/2022\/03\/80026681_1024486857900771_2598367609632063488_n-1.jpg\" alt=\"\" class=\"wp-image-1177\" srcset=\"https:\/\/biblioteka-milicz.pl\/wp-content\/uploads\/2022\/03\/80026681_1024486857900771_2598367609632063488_n-1.jpg 960w, https:\/\/biblioteka-milicz.pl\/wp-content\/uploads\/2022\/03\/80026681_1024486857900771_2598367609632063488_n-1-300x225.jpg 300w, https:\/\/biblioteka-milicz.pl\/wp-content\/uploads\/2022\/03\/80026681_1024486857900771_2598367609632063488_n-1-768x576.jpg 768w\" sizes=\"auto, (max-width: 960px) 100vw, 960px\" \/><\/figure>\n\n\n\n<figure class=\"wp-block-image size-large\"><img loading=\"lazy\" decoding=\"async\" width=\"720\" height=\"960\" data-id=\"1178\" src=\"http:\/\/biblioteka-milicz.pl\/wp-content\/uploads\/2022\/03\/80393530_1024486851234105_5351949740999180288_n.jpg\" alt=\"\" class=\"wp-image-1178\" srcset=\"https:\/\/biblioteka-milicz.pl\/wp-content\/uploads\/2022\/03\/80393530_1024486851234105_5351949740999180288_n.jpg 720w, https:\/\/biblioteka-milicz.pl\/wp-content\/uploads\/2022\/03\/80393530_1024486851234105_5351949740999180288_n-225x300.jpg 225w\" sizes=\"auto, (max-width: 720px) 100vw, 720px\" \/><\/figure>\n<\/figure>\n","protected":false},"excerpt":{"rendered":"<p>Zer\u00f3wkowa gromadka pani Anity Stasiewicz, przysz\u0142a do naszej filii bibliotecznej w Su\u0142owie z mi\u0142\u0105 niespodziank\u0105. Dzieci przynios\u0142y ze sob\u0105 w\u0142asnor\u0119cznie wykonan\u0105 kartk\u0119 bo\u017conarodzeniow\u0105 i z\u0142o\u017cy\u0142y pi\u0119kne \u017cyczenia. Tego nastroju nie mo\u017cna by\u0142o zepsu\u0107! \u015apiewali\u015bmy&#46;&#46;&#46;<\/p>\n","protected":false},"author":1,"featured_media":341,"comment_status":"closed","ping_status":"open","sticky":false,"template":"","format":"standard","meta":{"_uag_custom_page_level_css":"","footnotes":""},"categories":[3],"tags":[],"class_list":["post-340","post","type-post","status-publish","format-standard","has-post-thumbnail","hentry","category-aktualnosci"],"uagb_featured_image_src":{"full":["https:\/\/biblioteka-milicz.pl\/wp-content\/uploads\/2022\/03\/80026681_1024486857900771_2598367609632063488_n.jpg",960,720,false],"thumbnail":["https:\/\/biblioteka-milicz.pl\/wp-content\/uploads\/2022\/03\/80026681_1024486857900771_2598367609632063488_n-150x150.jpg",150,150,true],"medium":["https:\/\/biblioteka-milicz.pl\/wp-content\/uploads\/2022\/03\/80026681_1024486857900771_2598367609632063488_n-300x225.jpg",300,225,true],"medium_large":["https:\/\/biblioteka-milicz.pl\/wp-content\/uploads\/2022\/03\/80026681_1024486857900771_2598367609632063488_n-768x576.jpg",768,576,true],"large":["https:\/\/biblioteka-milicz.pl\/wp-content\/uploads\/2022\/03\/80026681_1024486857900771_2598367609632063488_n.jpg",960,720,false],"1536x1536":["https:\/\/biblioteka-milicz.pl\/wp-content\/uploads\/2022\/03\/80026681_1024486857900771_2598367609632063488_n.jpg",960,720,false],"2048x2048":["https:\/\/biblioteka-milicz.pl\/wp-content\/uploads\/2022\/03\/80026681_1024486857900771_2598367609632063488_n.jpg",960,720,false],"thumb-small":["https:\/\/biblioteka-milicz.pl\/wp-content\/uploads\/2022\/03\/80026681_1024486857900771_2598367609632063488_n-80x80.jpg",80,80,true],"thumb-standard":["https:\/\/biblioteka-milicz.pl\/wp-content\/uploads\/2022\/03\/80026681_1024486857900771_2598367609632063488_n-320x320.jpg",320,320,true],"thumb-medium":["https:\/\/biblioteka-milicz.pl\/wp-content\/uploads\/2022\/03\/80026681_1024486857900771_2598367609632063488_n-520x245.jpg",520,245,true],"thumb-large":["https:\/\/biblioteka-milicz.pl\/wp-content\/uploads\/2022\/03\/80026681_1024486857900771_2598367609632063488_n-720x340.jpg",720,340,true],"thumb-xlarge":["https:\/\/biblioteka-milicz.pl\/wp-content\/uploads\/2022\/03\/80026681_1024486857900771_2598367609632063488_n-960x450.jpg",960,450,true],"thumb-xxlarge":["https:\/\/biblioteka-milicz.pl\/wp-content\/uploads\/2022\/03\/80026681_1024486857900771_2598367609632063488_n-960x500.jpg",960,500,true]},"uagb_author_info":{"display_name":"admin","author_link":"https:\/\/biblioteka-milicz.pl\/index.php\/author\/admin\/"},"uagb_comment_info":0,"uagb_excerpt":"Zer\u00f3wkowa gromadka pani Anity Stasiewicz, przysz\u0142a do naszej filii bibliotecznej w Su\u0142owie z mi\u0142\u0105 niespodziank\u0105. Dzieci przynios\u0142y ze sob\u0105 w\u0142asnor\u0119cznie wykonan\u0105 kartk\u0119 bo\u017conarodzeniow\u0105 i z\u0142o\u017cy\u0142y pi\u0119kne \u017cyczenia. Tego nastroju nie mo\u017cna by\u0142o zepsu\u0107! \u015apiewali\u015bmy&#46;&#46;&#46;","_links":{"self":[{"href":"https:\/\/biblioteka-milicz.pl\/index.php\/wp-json\/wp\/v2\/posts\/340","targetHints":{"allow":["GET"]}}],"collection":[{"href":"https:\/\/biblioteka-milicz.pl\/index.php\/wp-json\/wp\/v2\/posts"}],"about":[{"href":"https:\/\/biblioteka-milicz.pl\/index.php\/wp-json\/wp\/v2\/types\/post"}],"author":[{"embeddable":true,"href":"https:\/\/biblioteka-milicz.pl\/index.php\/wp-json\/wp\/v2\/users\/1"}],"replies":[{"embeddable":true,"href":"https:\/\/biblioteka-milicz.pl\/index.php\/wp-json\/wp\/v2\/comments?post=340"}],"version-history":[{"count":2,"href":"https:\/\/biblioteka-milicz.pl\/index.php\/wp-json\/wp\/v2\/posts\/340\/revisions"}],"predecessor-version":[{"id":1181,"href":"https:\/\/biblioteka-milicz.pl\/index.php\/wp-json\/wp\/v2\/posts\/340\/revisions\/1181"}],"wp:featuredmedia":[{"embeddable":true,"href":"https:\/\/biblioteka-milicz.pl\/index.php\/wp-json\/wp\/v2\/media\/341"}],"wp:attachment":[{"href":"https:\/\/biblioteka-milicz.pl\/index.php\/wp-json\/wp\/v2\/media?parent=340"}],"wp:term":[{"taxonomy":"category","embeddable":true,"href":"https:\/\/biblioteka-milicz.pl\/index.php\/wp-json\/wp\/v2\/categories?post=340"},{"taxonomy":"post_tag","embeddable":true,"href":"https:\/\/biblioteka-milicz.pl\/index.php\/wp-json\/wp\/v2\/tags?post=340"}],"curies":[{"name":"wp","href":"https:\/\/api.w.org\/{rel}","templated":true}]}}