{"id":3334,"date":"2022-06-23T22:32:00","date_gmt":"2022-06-23T20:32:00","guid":{"rendered":"http:\/\/biblioteka-milicz.pl\/?p=3334"},"modified":"2022-07-03T22:34:13","modified_gmt":"2022-07-03T20:34:13","slug":"konczy-sie-rok-szkolny","status":"publish","type":"post","link":"https:\/\/biblioteka-milicz.pl\/index.php\/2022\/06\/23\/konczy-sie-rok-szkolny\/","title":{"rendered":"Ko\u0144czy si\u0119 rok szkolny!"},"content":{"rendered":"\n<p>Ko\u0144czy si\u0119 rok szkolny, a co za tym idzie, tak\u017ce wizyty szkolnych grup w bibliotece. Dzi\u015b po raz ostatni fili\u0119 biblioteczn\u0105 w Su\u0142owie odwiedzi\u0142a klasa 2 z wychowawczyni\u0105, pani\u0105 Marlen\u0105 Wasiczko. W wakacyjnej atmosferze rozmawiali\u015bmy o bardzo wa\u017cnych w \u017cyciu sprawach: o szacunku i godno\u015bci. Dzieci zaskakuj\u0105co powa\u017cnie i ze zrozumieniem podesz\u0142y do tematu zaj\u0119\u0107. Bardzo dojrzale te\u017c, definiowa\u0142y oba poj\u0119cia. P\u00f3\u017aniej by\u0142o ju\u017c wybieranie ksi\u0105\u017cek ,,na wypadek z\u0142ej pogody&#8221;, bo przecie\u017c wakacje nie s\u0105 urlopem od czytania.<br>Wszystkim naszym m\u0142odym czytelnikom \u017cyczymy udanych wakacji\u2026z ksi\u0105\u017ck\u0105. <\/p>\n\n\n\n<figure class=\"wp-block-gallery has-nested-images columns-default is-cropped wp-block-gallery-1 is-layout-flex wp-block-gallery-is-layout-flex\">\n<figure class=\"wp-block-image size-large\"><img loading=\"lazy\" decoding=\"async\" width=\"450\" height=\"600\" data-id=\"3336\" src=\"http:\/\/biblioteka-milicz.pl\/wp-content\/uploads\/2022\/07\/287692227_1705022066513910_9162617333368831740_n.jpg\" alt=\"\" class=\"wp-image-3336\" srcset=\"https:\/\/biblioteka-milicz.pl\/wp-content\/uploads\/2022\/07\/287692227_1705022066513910_9162617333368831740_n.jpg 450w, https:\/\/biblioteka-milicz.pl\/wp-content\/uploads\/2022\/07\/287692227_1705022066513910_9162617333368831740_n-225x300.jpg 225w\" sizes=\"auto, (max-width: 450px) 100vw, 450px\" \/><\/figure>\n\n\n\n<figure class=\"wp-block-image size-large\"><img loading=\"lazy\" decoding=\"async\" width=\"600\" height=\"450\" data-id=\"3335\" src=\"http:\/\/biblioteka-milicz.pl\/wp-content\/uploads\/2022\/07\/287754988_1705022119847238_3408406926791780009_n.jpg\" alt=\"\" class=\"wp-image-3335\" srcset=\"https:\/\/biblioteka-milicz.pl\/wp-content\/uploads\/2022\/07\/287754988_1705022119847238_3408406926791780009_n.jpg 600w, https:\/\/biblioteka-milicz.pl\/wp-content\/uploads\/2022\/07\/287754988_1705022119847238_3408406926791780009_n-300x225.jpg 300w\" sizes=\"auto, (max-width: 600px) 100vw, 600px\" \/><\/figure>\n<\/figure>\n","protected":false},"excerpt":{"rendered":"<p>Ko\u0144czy si\u0119 rok szkolny, a co za tym idzie, tak\u017ce wizyty szkolnych grup w bibliotece. Dzi\u015b po raz ostatni fili\u0119 biblioteczn\u0105 w Su\u0142owie odwiedzi\u0142a klasa 2 z wychowawczyni\u0105, pani\u0105 Marlen\u0105 Wasiczko. W wakacyjnej atmosferze&#46;&#46;&#46;<\/p>\n","protected":false},"author":1,"featured_media":3335,"comment_status":"closed","ping_status":"open","sticky":false,"template":"","format":"standard","meta":{"_uag_custom_page_level_css":"","footnotes":""},"categories":[3],"tags":[],"class_list":["post-3334","post","type-post","status-publish","format-standard","has-post-thumbnail","hentry","category-aktualnosci"],"uagb_featured_image_src":{"full":["https:\/\/biblioteka-milicz.pl\/wp-content\/uploads\/2022\/07\/287754988_1705022119847238_3408406926791780009_n.jpg",600,450,false],"thumbnail":["https:\/\/biblioteka-milicz.pl\/wp-content\/uploads\/2022\/07\/287754988_1705022119847238_3408406926791780009_n-150x150.jpg",150,150,true],"medium":["https:\/\/biblioteka-milicz.pl\/wp-content\/uploads\/2022\/07\/287754988_1705022119847238_3408406926791780009_n-300x225.jpg",300,225,true],"medium_large":["https:\/\/biblioteka-milicz.pl\/wp-content\/uploads\/2022\/07\/287754988_1705022119847238_3408406926791780009_n.jpg",600,450,false],"large":["https:\/\/biblioteka-milicz.pl\/wp-content\/uploads\/2022\/07\/287754988_1705022119847238_3408406926791780009_n.jpg",600,450,false],"1536x1536":["https:\/\/biblioteka-milicz.pl\/wp-content\/uploads\/2022\/07\/287754988_1705022119847238_3408406926791780009_n.jpg",600,450,false],"2048x2048":["https:\/\/biblioteka-milicz.pl\/wp-content\/uploads\/2022\/07\/287754988_1705022119847238_3408406926791780009_n.jpg",600,450,false],"thumb-small":["https:\/\/biblioteka-milicz.pl\/wp-content\/uploads\/2022\/07\/287754988_1705022119847238_3408406926791780009_n-80x80.jpg",80,80,true],"thumb-standard":["https:\/\/biblioteka-milicz.pl\/wp-content\/uploads\/2022\/07\/287754988_1705022119847238_3408406926791780009_n-320x320.jpg",320,320,true],"thumb-medium":["https:\/\/biblioteka-milicz.pl\/wp-content\/uploads\/2022\/07\/287754988_1705022119847238_3408406926791780009_n-520x245.jpg",520,245,true],"thumb-large":["https:\/\/biblioteka-milicz.pl\/wp-content\/uploads\/2022\/07\/287754988_1705022119847238_3408406926791780009_n-600x340.jpg",600,340,true],"thumb-xlarge":["https:\/\/biblioteka-milicz.pl\/wp-content\/uploads\/2022\/07\/287754988_1705022119847238_3408406926791780009_n.jpg",600,450,false],"thumb-xxlarge":["https:\/\/biblioteka-milicz.pl\/wp-content\/uploads\/2022\/07\/287754988_1705022119847238_3408406926791780009_n.jpg",600,450,false]},"uagb_author_info":{"display_name":"admin","author_link":"https:\/\/biblioteka-milicz.pl\/index.php\/author\/admin\/"},"uagb_comment_info":0,"uagb_excerpt":"Ko\u0144czy si\u0119 rok szkolny, a co za tym idzie, tak\u017ce wizyty szkolnych grup w bibliotece. Dzi\u015b po raz ostatni fili\u0119 biblioteczn\u0105 w Su\u0142owie odwiedzi\u0142a klasa 2 z wychowawczyni\u0105, pani\u0105 Marlen\u0105 Wasiczko. W wakacyjnej atmosferze&#46;&#46;&#46;","_links":{"self":[{"href":"https:\/\/biblioteka-milicz.pl\/index.php\/wp-json\/wp\/v2\/posts\/3334","targetHints":{"allow":["GET"]}}],"collection":[{"href":"https:\/\/biblioteka-milicz.pl\/index.php\/wp-json\/wp\/v2\/posts"}],"about":[{"href":"https:\/\/biblioteka-milicz.pl\/index.php\/wp-json\/wp\/v2\/types\/post"}],"author":[{"embeddable":true,"href":"https:\/\/biblioteka-milicz.pl\/index.php\/wp-json\/wp\/v2\/users\/1"}],"replies":[{"embeddable":true,"href":"https:\/\/biblioteka-milicz.pl\/index.php\/wp-json\/wp\/v2\/comments?post=3334"}],"version-history":[{"count":1,"href":"https:\/\/biblioteka-milicz.pl\/index.php\/wp-json\/wp\/v2\/posts\/3334\/revisions"}],"predecessor-version":[{"id":3337,"href":"https:\/\/biblioteka-milicz.pl\/index.php\/wp-json\/wp\/v2\/posts\/3334\/revisions\/3337"}],"wp:featuredmedia":[{"embeddable":true,"href":"https:\/\/biblioteka-milicz.pl\/index.php\/wp-json\/wp\/v2\/media\/3335"}],"wp:attachment":[{"href":"https:\/\/biblioteka-milicz.pl\/index.php\/wp-json\/wp\/v2\/media?parent=3334"}],"wp:term":[{"taxonomy":"category","embeddable":true,"href":"https:\/\/biblioteka-milicz.pl\/index.php\/wp-json\/wp\/v2\/categories?post=3334"},{"taxonomy":"post_tag","embeddable":true,"href":"https:\/\/biblioteka-milicz.pl\/index.php\/wp-json\/wp\/v2\/tags?post=3334"}],"curies":[{"name":"wp","href":"https:\/\/api.w.org\/{rel}","templated":true}]}}