{"id":3267,"date":"2022-06-07T22:11:00","date_gmt":"2022-06-07T20:11:00","guid":{"rendered":"http:\/\/biblioteka-milicz.pl\/?p=3267"},"modified":"2022-07-03T22:12:34","modified_gmt":"2022-07-03T20:12:34","slug":"trzecioklasisci-w-bibliotece","status":"publish","type":"post","link":"https:\/\/biblioteka-milicz.pl\/index.php\/2022\/06\/07\/trzecioklasisci-w-bibliotece\/","title":{"rendered":"Trzecioklasi\u015bci w bibliotece!"},"content":{"rendered":"\n<p>Dzisiaj nasz Oddzia\u0142 Dzieci\u0119cy odwiedzili uczniowie kl. 3a ze Szko\u0142a Podstawowa nr 2 i Szko\u0142a Muzyczna I Stopnia w Miliczu.<br>A u nas:<br>&#x1f449; rozmowa o zasadach korzystania z &#8222;bogactwa&#8221; biblioteki,<br>&#x1f449; zabawa w tworzenie nowych wyraz\u00f3w.<br>W planie by\u0142o jeszcze kilka zada\u0144 do wykonania, ale niestety brak\u0142o czasu. Dlatego te\u017c, dodatkowa wizyta ju\u017c ustalona.<\/p>\n\n\n\n<figure class=\"wp-block-gallery has-nested-images columns-default is-cropped wp-block-gallery-1 is-layout-flex wp-block-gallery-is-layout-flex\">\n<figure class=\"wp-block-image size-large\"><img loading=\"lazy\" decoding=\"async\" width=\"600\" height=\"450\" data-id=\"3268\" src=\"http:\/\/biblioteka-milicz.pl\/wp-content\/uploads\/2022\/07\/286986261_1694940554188728_7260194702771109732_n.jpg\" alt=\"\" class=\"wp-image-3268\" srcset=\"https:\/\/biblioteka-milicz.pl\/wp-content\/uploads\/2022\/07\/286986261_1694940554188728_7260194702771109732_n.jpg 600w, https:\/\/biblioteka-milicz.pl\/wp-content\/uploads\/2022\/07\/286986261_1694940554188728_7260194702771109732_n-300x225.jpg 300w\" sizes=\"auto, (max-width: 600px) 100vw, 600px\" \/><\/figure>\n\n\n\n<figure class=\"wp-block-image size-large\"><img loading=\"lazy\" decoding=\"async\" width=\"600\" height=\"502\" data-id=\"3271\" src=\"http:\/\/biblioteka-milicz.pl\/wp-content\/uploads\/2022\/07\/287113932_1694940210855429_3444627217083668179_n.jpg\" alt=\"\" class=\"wp-image-3271\" srcset=\"https:\/\/biblioteka-milicz.pl\/wp-content\/uploads\/2022\/07\/287113932_1694940210855429_3444627217083668179_n.jpg 600w, https:\/\/biblioteka-milicz.pl\/wp-content\/uploads\/2022\/07\/287113932_1694940210855429_3444627217083668179_n-300x251.jpg 300w\" sizes=\"auto, (max-width: 600px) 100vw, 600px\" \/><\/figure>\n\n\n\n<figure class=\"wp-block-image size-large\"><img loading=\"lazy\" decoding=\"async\" width=\"600\" height=\"450\" data-id=\"3269\" src=\"http:\/\/biblioteka-milicz.pl\/wp-content\/uploads\/2022\/07\/287145221_1694940277522089_62765919184786522_n.jpg\" alt=\"\" class=\"wp-image-3269\" srcset=\"https:\/\/biblioteka-milicz.pl\/wp-content\/uploads\/2022\/07\/287145221_1694940277522089_62765919184786522_n.jpg 600w, https:\/\/biblioteka-milicz.pl\/wp-content\/uploads\/2022\/07\/287145221_1694940277522089_62765919184786522_n-300x225.jpg 300w\" sizes=\"auto, (max-width: 600px) 100vw, 600px\" \/><\/figure>\n\n\n\n<figure class=\"wp-block-image size-large\"><img loading=\"lazy\" decoding=\"async\" width=\"450\" height=\"600\" data-id=\"3270\" src=\"http:\/\/biblioteka-milicz.pl\/wp-content\/uploads\/2022\/07\/287188296_1694940267522090_4860521489531055541_n.jpg\" alt=\"\" class=\"wp-image-3270\" srcset=\"https:\/\/biblioteka-milicz.pl\/wp-content\/uploads\/2022\/07\/287188296_1694940267522090_4860521489531055541_n.jpg 450w, https:\/\/biblioteka-milicz.pl\/wp-content\/uploads\/2022\/07\/287188296_1694940267522090_4860521489531055541_n-225x300.jpg 225w\" sizes=\"auto, (max-width: 450px) 100vw, 450px\" \/><\/figure>\n<\/figure>\n","protected":false},"excerpt":{"rendered":"<p>Dzisiaj nasz Oddzia\u0142 Dzieci\u0119cy odwiedzili uczniowie kl. 3a ze Szko\u0142a Podstawowa nr 2 i Szko\u0142a Muzyczna I Stopnia w Miliczu.A u nas:&#x1f449; rozmowa o zasadach korzystania z &#8222;bogactwa&#8221; biblioteki,&#x1f449; zabawa w tworzenie nowych wyraz\u00f3w.W&#46;&#46;&#46;<\/p>\n","protected":false},"author":1,"featured_media":3271,"comment_status":"closed","ping_status":"open","sticky":false,"template":"","format":"standard","meta":{"_uag_custom_page_level_css":"","footnotes":""},"categories":[3],"tags":[],"class_list":["post-3267","post","type-post","status-publish","format-standard","has-post-thumbnail","hentry","category-aktualnosci"],"uagb_featured_image_src":{"full":["https:\/\/biblioteka-milicz.pl\/wp-content\/uploads\/2022\/07\/287113932_1694940210855429_3444627217083668179_n.jpg",600,502,false],"thumbnail":["https:\/\/biblioteka-milicz.pl\/wp-content\/uploads\/2022\/07\/287113932_1694940210855429_3444627217083668179_n-150x150.jpg",150,150,true],"medium":["https:\/\/biblioteka-milicz.pl\/wp-content\/uploads\/2022\/07\/287113932_1694940210855429_3444627217083668179_n-300x251.jpg",300,251,true],"medium_large":["https:\/\/biblioteka-milicz.pl\/wp-content\/uploads\/2022\/07\/287113932_1694940210855429_3444627217083668179_n.jpg",600,502,false],"large":["https:\/\/biblioteka-milicz.pl\/wp-content\/uploads\/2022\/07\/287113932_1694940210855429_3444627217083668179_n.jpg",600,502,false],"1536x1536":["https:\/\/biblioteka-milicz.pl\/wp-content\/uploads\/2022\/07\/287113932_1694940210855429_3444627217083668179_n.jpg",600,502,false],"2048x2048":["https:\/\/biblioteka-milicz.pl\/wp-content\/uploads\/2022\/07\/287113932_1694940210855429_3444627217083668179_n.jpg",600,502,false],"thumb-small":["https:\/\/biblioteka-milicz.pl\/wp-content\/uploads\/2022\/07\/287113932_1694940210855429_3444627217083668179_n-80x80.jpg",80,80,true],"thumb-standard":["https:\/\/biblioteka-milicz.pl\/wp-content\/uploads\/2022\/07\/287113932_1694940210855429_3444627217083668179_n-320x320.jpg",320,320,true],"thumb-medium":["https:\/\/biblioteka-milicz.pl\/wp-content\/uploads\/2022\/07\/287113932_1694940210855429_3444627217083668179_n-520x245.jpg",520,245,true],"thumb-large":["https:\/\/biblioteka-milicz.pl\/wp-content\/uploads\/2022\/07\/287113932_1694940210855429_3444627217083668179_n-600x340.jpg",600,340,true],"thumb-xlarge":["https:\/\/biblioteka-milicz.pl\/wp-content\/uploads\/2022\/07\/287113932_1694940210855429_3444627217083668179_n-600x450.jpg",600,450,true],"thumb-xxlarge":["https:\/\/biblioteka-milicz.pl\/wp-content\/uploads\/2022\/07\/287113932_1694940210855429_3444627217083668179_n-600x500.jpg",600,500,true]},"uagb_author_info":{"display_name":"admin","author_link":"https:\/\/biblioteka-milicz.pl\/index.php\/author\/admin\/"},"uagb_comment_info":0,"uagb_excerpt":"Dzisiaj nasz Oddzia\u0142 Dzieci\u0119cy odwiedzili uczniowie kl. 3a ze Szko\u0142a Podstawowa nr 2 i Szko\u0142a Muzyczna I Stopnia w Miliczu.A u nas:&#x1f449; rozmowa o zasadach korzystania z &#8222;bogactwa&#8221; biblioteki,&#x1f449; zabawa w tworzenie nowych wyraz\u00f3w.W&#46;&#46;&#46;","_links":{"self":[{"href":"https:\/\/biblioteka-milicz.pl\/index.php\/wp-json\/wp\/v2\/posts\/3267","targetHints":{"allow":["GET"]}}],"collection":[{"href":"https:\/\/biblioteka-milicz.pl\/index.php\/wp-json\/wp\/v2\/posts"}],"about":[{"href":"https:\/\/biblioteka-milicz.pl\/index.php\/wp-json\/wp\/v2\/types\/post"}],"author":[{"embeddable":true,"href":"https:\/\/biblioteka-milicz.pl\/index.php\/wp-json\/wp\/v2\/users\/1"}],"replies":[{"embeddable":true,"href":"https:\/\/biblioteka-milicz.pl\/index.php\/wp-json\/wp\/v2\/comments?post=3267"}],"version-history":[{"count":1,"href":"https:\/\/biblioteka-milicz.pl\/index.php\/wp-json\/wp\/v2\/posts\/3267\/revisions"}],"predecessor-version":[{"id":3272,"href":"https:\/\/biblioteka-milicz.pl\/index.php\/wp-json\/wp\/v2\/posts\/3267\/revisions\/3272"}],"wp:featuredmedia":[{"embeddable":true,"href":"https:\/\/biblioteka-milicz.pl\/index.php\/wp-json\/wp\/v2\/media\/3271"}],"wp:attachment":[{"href":"https:\/\/biblioteka-milicz.pl\/index.php\/wp-json\/wp\/v2\/media?parent=3267"}],"wp:term":[{"taxonomy":"category","embeddable":true,"href":"https:\/\/biblioteka-milicz.pl\/index.php\/wp-json\/wp\/v2\/categories?post=3267"},{"taxonomy":"post_tag","embeddable":true,"href":"https:\/\/biblioteka-milicz.pl\/index.php\/wp-json\/wp\/v2\/tags?post=3267"}],"curies":[{"name":"wp","href":"https:\/\/api.w.org\/{rel}","templated":true}]}}