{"id":3191,"date":"2022-04-29T21:42:00","date_gmt":"2022-04-29T19:42:00","guid":{"rendered":"http:\/\/biblioteka-milicz.pl\/?p=3191"},"modified":"2022-07-03T21:43:09","modified_gmt":"2022-07-03T19:43:09","slug":"z-cyklu-ksiazki-dnia","status":"publish","type":"post","link":"https:\/\/biblioteka-milicz.pl\/index.php\/2022\/04\/29\/z-cyklu-ksiazki-dnia\/","title":{"rendered":"Z cyklu KSI\u0104\u017bKI DNIA"},"content":{"rendered":"\n<p>Dzisiaj polecamy powie\u015bci Joanny Jax \u2013 bestsellerowej autorki, kt\u00f3r\u0105 pokocha\u0142y nasze Czytelniczki \u2013 z zupe\u0142nie now\u0105 sag\u0105! Trzytomowa poruszaj\u0105ca historia Rodziny Niemojskich, kt\u00f3ra pr\u00f3buje odnale\u017a\u0107 si\u0119 w trudnej rzeczywisto\u015bci 1919 roku. Osiemnastoletnia Wiktoria, po ci\u0119\u017ckiej chorobie, wkr\u00f3tce opu\u015bci swoj\u0105 ukochan\u0105 Warszaw\u0119 i wyjedzie na wie\u015b. Starszy z braci \u2013 Fryderyk \u2013 po wojnie pozostaje \u017co\u0142nierzem i wi\u0105\u017ce swoj\u0105 przysz\u0142o\u015b\u0107 ze s\u0142u\u017cb\u0105. M\u0142odszy \u2013 Gustaw \u2013 my\u015bli tylko o dobrej zabawie i hulaszczym trybie \u017cycia. G\u0142owa rodu wraca do zdrowia po walce podczas wojny. Matka \u2013 Hortensja \u2013 udziela si\u0119 natomiast charytatywnie i dba o domowe ciep\u0142o. Jak potoczy si\u0119 rodzinna historia? Z jakimi wydarzeniami b\u0119d\u0105 zmuszeni zmierzy\u0107 si\u0119 bohaterowie? Jak losy Polski wp\u0142yn\u0105 na \u017cycie Rodu Niemojskich? W trudnych czasach\u2026 rodzina jest si\u0142\u0105! Gor\u0105co polecamy.<br>Opis pochodzi od wydawcy.<\/p>\n\n\n\n<figure class=\"wp-block-image size-full\"><img loading=\"lazy\" decoding=\"async\" width=\"526\" height=\"526\" src=\"http:\/\/biblioteka-milicz.pl\/wp-content\/uploads\/2022\/07\/278934236_1664870840529033_2486473894527375877_n.png\" alt=\"\" class=\"wp-image-3192\" srcset=\"https:\/\/biblioteka-milicz.pl\/wp-content\/uploads\/2022\/07\/278934236_1664870840529033_2486473894527375877_n.png 526w, https:\/\/biblioteka-milicz.pl\/wp-content\/uploads\/2022\/07\/278934236_1664870840529033_2486473894527375877_n-300x300.png 300w, https:\/\/biblioteka-milicz.pl\/wp-content\/uploads\/2022\/07\/278934236_1664870840529033_2486473894527375877_n-150x150.png 150w, https:\/\/biblioteka-milicz.pl\/wp-content\/uploads\/2022\/07\/278934236_1664870840529033_2486473894527375877_n-80x80.png 80w, https:\/\/biblioteka-milicz.pl\/wp-content\/uploads\/2022\/07\/278934236_1664870840529033_2486473894527375877_n-320x320.png 320w\" sizes=\"auto, (max-width: 526px) 100vw, 526px\" \/><\/figure>\n","protected":false},"excerpt":{"rendered":"<p>Dzisiaj polecamy powie\u015bci Joanny Jax \u2013 bestsellerowej autorki, kt\u00f3r\u0105 pokocha\u0142y nasze Czytelniczki \u2013 z zupe\u0142nie now\u0105 sag\u0105! Trzytomowa poruszaj\u0105ca historia Rodziny Niemojskich, kt\u00f3ra pr\u00f3buje odnale\u017a\u0107 si\u0119 w trudnej rzeczywisto\u015bci 1919 roku. Osiemnastoletnia Wiktoria, po&#46;&#46;&#46;<\/p>\n","protected":false},"author":1,"featured_media":3192,"comment_status":"closed","ping_status":"open","sticky":false,"template":"","format":"standard","meta":{"_uag_custom_page_level_css":"","footnotes":""},"categories":[3],"tags":[],"class_list":["post-3191","post","type-post","status-publish","format-standard","has-post-thumbnail","hentry","category-aktualnosci"],"uagb_featured_image_src":{"full":["https:\/\/biblioteka-milicz.pl\/wp-content\/uploads\/2022\/07\/278934236_1664870840529033_2486473894527375877_n.png",526,526,false],"thumbnail":["https:\/\/biblioteka-milicz.pl\/wp-content\/uploads\/2022\/07\/278934236_1664870840529033_2486473894527375877_n-150x150.png",150,150,true],"medium":["https:\/\/biblioteka-milicz.pl\/wp-content\/uploads\/2022\/07\/278934236_1664870840529033_2486473894527375877_n-300x300.png",300,300,true],"medium_large":["https:\/\/biblioteka-milicz.pl\/wp-content\/uploads\/2022\/07\/278934236_1664870840529033_2486473894527375877_n.png",526,526,false],"large":["https:\/\/biblioteka-milicz.pl\/wp-content\/uploads\/2022\/07\/278934236_1664870840529033_2486473894527375877_n.png",526,526,false],"1536x1536":["https:\/\/biblioteka-milicz.pl\/wp-content\/uploads\/2022\/07\/278934236_1664870840529033_2486473894527375877_n.png",526,526,false],"2048x2048":["https:\/\/biblioteka-milicz.pl\/wp-content\/uploads\/2022\/07\/278934236_1664870840529033_2486473894527375877_n.png",526,526,false],"thumb-small":["https:\/\/biblioteka-milicz.pl\/wp-content\/uploads\/2022\/07\/278934236_1664870840529033_2486473894527375877_n-80x80.png",80,80,true],"thumb-standard":["https:\/\/biblioteka-milicz.pl\/wp-content\/uploads\/2022\/07\/278934236_1664870840529033_2486473894527375877_n-320x320.png",320,320,true],"thumb-medium":["https:\/\/biblioteka-milicz.pl\/wp-content\/uploads\/2022\/07\/278934236_1664870840529033_2486473894527375877_n-520x245.png",520,245,true],"thumb-large":["https:\/\/biblioteka-milicz.pl\/wp-content\/uploads\/2022\/07\/278934236_1664870840529033_2486473894527375877_n-526x340.png",526,340,true],"thumb-xlarge":["https:\/\/biblioteka-milicz.pl\/wp-content\/uploads\/2022\/07\/278934236_1664870840529033_2486473894527375877_n-526x450.png",526,450,true],"thumb-xxlarge":["https:\/\/biblioteka-milicz.pl\/wp-content\/uploads\/2022\/07\/278934236_1664870840529033_2486473894527375877_n-526x500.png",526,500,true]},"uagb_author_info":{"display_name":"admin","author_link":"https:\/\/biblioteka-milicz.pl\/index.php\/author\/admin\/"},"uagb_comment_info":0,"uagb_excerpt":"Dzisiaj polecamy powie\u015bci Joanny Jax \u2013 bestsellerowej autorki, kt\u00f3r\u0105 pokocha\u0142y nasze Czytelniczki \u2013 z zupe\u0142nie now\u0105 sag\u0105! Trzytomowa poruszaj\u0105ca historia Rodziny Niemojskich, kt\u00f3ra pr\u00f3buje odnale\u017a\u0107 si\u0119 w trudnej rzeczywisto\u015bci 1919 roku. Osiemnastoletnia Wiktoria, po&#46;&#46;&#46;","_links":{"self":[{"href":"https:\/\/biblioteka-milicz.pl\/index.php\/wp-json\/wp\/v2\/posts\/3191","targetHints":{"allow":["GET"]}}],"collection":[{"href":"https:\/\/biblioteka-milicz.pl\/index.php\/wp-json\/wp\/v2\/posts"}],"about":[{"href":"https:\/\/biblioteka-milicz.pl\/index.php\/wp-json\/wp\/v2\/types\/post"}],"author":[{"embeddable":true,"href":"https:\/\/biblioteka-milicz.pl\/index.php\/wp-json\/wp\/v2\/users\/1"}],"replies":[{"embeddable":true,"href":"https:\/\/biblioteka-milicz.pl\/index.php\/wp-json\/wp\/v2\/comments?post=3191"}],"version-history":[{"count":1,"href":"https:\/\/biblioteka-milicz.pl\/index.php\/wp-json\/wp\/v2\/posts\/3191\/revisions"}],"predecessor-version":[{"id":3193,"href":"https:\/\/biblioteka-milicz.pl\/index.php\/wp-json\/wp\/v2\/posts\/3191\/revisions\/3193"}],"wp:featuredmedia":[{"embeddable":true,"href":"https:\/\/biblioteka-milicz.pl\/index.php\/wp-json\/wp\/v2\/media\/3192"}],"wp:attachment":[{"href":"https:\/\/biblioteka-milicz.pl\/index.php\/wp-json\/wp\/v2\/media?parent=3191"}],"wp:term":[{"taxonomy":"category","embeddable":true,"href":"https:\/\/biblioteka-milicz.pl\/index.php\/wp-json\/wp\/v2\/categories?post=3191"},{"taxonomy":"post_tag","embeddable":true,"href":"https:\/\/biblioteka-milicz.pl\/index.php\/wp-json\/wp\/v2\/tags?post=3191"}],"curies":[{"name":"wp","href":"https:\/\/api.w.org\/{rel}","templated":true}]}}