{"id":3179,"date":"2022-04-27T21:37:00","date_gmt":"2022-04-27T19:37:00","guid":{"rendered":"http:\/\/biblioteka-milicz.pl\/?p=3179"},"modified":"2022-07-03T21:38:52","modified_gmt":"2022-07-03T19:38:52","slug":"sowki-w-bibliotece","status":"publish","type":"post","link":"https:\/\/biblioteka-milicz.pl\/index.php\/2022\/04\/27\/sowki-w-bibliotece\/","title":{"rendered":"S\u00f3wki w bibliotece!"},"content":{"rendered":"\n<p>Maluchy z Przedszkole Samorz\u0105dowe w Miliczu odwiedzi\u0142y dzisiaj nasz Oddzia\u0142 Dzieci\u0119cy. Okaza\u0142o si\u0119, co bardzo nas cieszy, \u017ce czytanie ksi\u0105\u017cek w tej grupie jest bardzo rozpowszechnione. Czyta Pani Ma\u0142gosia, czytaj\u0105 rodzice, a dzieci czerpi\u0105 z tego du\u017co rado\u015bci i oczywi\u015bcie du\u017co wiedzy.<br>Zagadki literackie, kt\u00f3re przygotowali\u015bmy dzisiaj dla nich zosta\u0142y odgadni\u0119te bez \u017cadnej pomy\u0142ki. Brawo!<br>Pod koniec spotkania wykorzystali\u015bmy chwilk\u0119 czasu na wsp\u00f3lne malowanie.<\/p>\n\n\n\n<figure class=\"wp-block-gallery has-nested-images columns-default is-cropped wp-block-gallery-1 is-layout-flex wp-block-gallery-is-layout-flex\">\n<figure class=\"wp-block-image size-large\"><img loading=\"lazy\" decoding=\"async\" width=\"600\" height=\"450\" data-id=\"3181\" src=\"http:\/\/biblioteka-milicz.pl\/wp-content\/uploads\/2022\/07\/279129462_1663485160667601_3392019788691322905_n.jpg\" alt=\"\" class=\"wp-image-3181\" srcset=\"https:\/\/biblioteka-milicz.pl\/wp-content\/uploads\/2022\/07\/279129462_1663485160667601_3392019788691322905_n.jpg 600w, https:\/\/biblioteka-milicz.pl\/wp-content\/uploads\/2022\/07\/279129462_1663485160667601_3392019788691322905_n-300x225.jpg 300w\" sizes=\"auto, (max-width: 600px) 100vw, 600px\" \/><\/figure>\n\n\n\n<figure class=\"wp-block-image size-large\"><img loading=\"lazy\" decoding=\"async\" width=\"450\" height=\"600\" data-id=\"3182\" src=\"http:\/\/biblioteka-milicz.pl\/wp-content\/uploads\/2022\/07\/279179666_1663491124000338_761075129420600893_n.jpg\" alt=\"\" class=\"wp-image-3182\" srcset=\"https:\/\/biblioteka-milicz.pl\/wp-content\/uploads\/2022\/07\/279179666_1663491124000338_761075129420600893_n.jpg 450w, https:\/\/biblioteka-milicz.pl\/wp-content\/uploads\/2022\/07\/279179666_1663491124000338_761075129420600893_n-225x300.jpg 225w\" sizes=\"auto, (max-width: 450px) 100vw, 450px\" \/><\/figure>\n\n\n\n<figure class=\"wp-block-image size-large\"><img loading=\"lazy\" decoding=\"async\" width=\"450\" height=\"600\" data-id=\"3183\" src=\"http:\/\/biblioteka-milicz.pl\/wp-content\/uploads\/2022\/07\/279250016_1663491254000325_2044479828528277163_n.jpg\" alt=\"\" class=\"wp-image-3183\" srcset=\"https:\/\/biblioteka-milicz.pl\/wp-content\/uploads\/2022\/07\/279250016_1663491254000325_2044479828528277163_n.jpg 450w, https:\/\/biblioteka-milicz.pl\/wp-content\/uploads\/2022\/07\/279250016_1663491254000325_2044479828528277163_n-225x300.jpg 225w\" sizes=\"auto, (max-width: 450px) 100vw, 450px\" \/><\/figure>\n\n\n\n<figure class=\"wp-block-image size-large\"><img loading=\"lazy\" decoding=\"async\" width=\"600\" height=\"450\" data-id=\"3180\" src=\"http:\/\/biblioteka-milicz.pl\/wp-content\/uploads\/2022\/07\/279327229_1663491050667012_1711201025322651808_n.jpg\" alt=\"\" class=\"wp-image-3180\" srcset=\"https:\/\/biblioteka-milicz.pl\/wp-content\/uploads\/2022\/07\/279327229_1663491050667012_1711201025322651808_n.jpg 600w, https:\/\/biblioteka-milicz.pl\/wp-content\/uploads\/2022\/07\/279327229_1663491050667012_1711201025322651808_n-300x225.jpg 300w\" sizes=\"auto, (max-width: 600px) 100vw, 600px\" \/><\/figure>\n<\/figure>\n","protected":false},"excerpt":{"rendered":"<p>Maluchy z Przedszkole Samorz\u0105dowe w Miliczu odwiedzi\u0142y dzisiaj nasz Oddzia\u0142 Dzieci\u0119cy. Okaza\u0142o si\u0119, co bardzo nas cieszy, \u017ce czytanie ksi\u0105\u017cek w tej grupie jest bardzo rozpowszechnione. Czyta Pani Ma\u0142gosia, czytaj\u0105 rodzice, a dzieci czerpi\u0105&#46;&#46;&#46;<\/p>\n","protected":false},"author":1,"featured_media":3181,"comment_status":"closed","ping_status":"open","sticky":false,"template":"","format":"standard","meta":{"_uag_custom_page_level_css":"","footnotes":""},"categories":[3],"tags":[],"class_list":["post-3179","post","type-post","status-publish","format-standard","has-post-thumbnail","hentry","category-aktualnosci"],"uagb_featured_image_src":{"full":["https:\/\/biblioteka-milicz.pl\/wp-content\/uploads\/2022\/07\/279129462_1663485160667601_3392019788691322905_n.jpg",600,450,false],"thumbnail":["https:\/\/biblioteka-milicz.pl\/wp-content\/uploads\/2022\/07\/279129462_1663485160667601_3392019788691322905_n-150x150.jpg",150,150,true],"medium":["https:\/\/biblioteka-milicz.pl\/wp-content\/uploads\/2022\/07\/279129462_1663485160667601_3392019788691322905_n-300x225.jpg",300,225,true],"medium_large":["https:\/\/biblioteka-milicz.pl\/wp-content\/uploads\/2022\/07\/279129462_1663485160667601_3392019788691322905_n.jpg",600,450,false],"large":["https:\/\/biblioteka-milicz.pl\/wp-content\/uploads\/2022\/07\/279129462_1663485160667601_3392019788691322905_n.jpg",600,450,false],"1536x1536":["https:\/\/biblioteka-milicz.pl\/wp-content\/uploads\/2022\/07\/279129462_1663485160667601_3392019788691322905_n.jpg",600,450,false],"2048x2048":["https:\/\/biblioteka-milicz.pl\/wp-content\/uploads\/2022\/07\/279129462_1663485160667601_3392019788691322905_n.jpg",600,450,false],"thumb-small":["https:\/\/biblioteka-milicz.pl\/wp-content\/uploads\/2022\/07\/279129462_1663485160667601_3392019788691322905_n-80x80.jpg",80,80,true],"thumb-standard":["https:\/\/biblioteka-milicz.pl\/wp-content\/uploads\/2022\/07\/279129462_1663485160667601_3392019788691322905_n-320x320.jpg",320,320,true],"thumb-medium":["https:\/\/biblioteka-milicz.pl\/wp-content\/uploads\/2022\/07\/279129462_1663485160667601_3392019788691322905_n-520x245.jpg",520,245,true],"thumb-large":["https:\/\/biblioteka-milicz.pl\/wp-content\/uploads\/2022\/07\/279129462_1663485160667601_3392019788691322905_n-600x340.jpg",600,340,true],"thumb-xlarge":["https:\/\/biblioteka-milicz.pl\/wp-content\/uploads\/2022\/07\/279129462_1663485160667601_3392019788691322905_n.jpg",600,450,false],"thumb-xxlarge":["https:\/\/biblioteka-milicz.pl\/wp-content\/uploads\/2022\/07\/279129462_1663485160667601_3392019788691322905_n.jpg",600,450,false]},"uagb_author_info":{"display_name":"admin","author_link":"https:\/\/biblioteka-milicz.pl\/index.php\/author\/admin\/"},"uagb_comment_info":0,"uagb_excerpt":"Maluchy z Przedszkole Samorz\u0105dowe w Miliczu odwiedzi\u0142y dzisiaj nasz Oddzia\u0142 Dzieci\u0119cy. Okaza\u0142o si\u0119, co bardzo nas cieszy, \u017ce czytanie ksi\u0105\u017cek w tej grupie jest bardzo rozpowszechnione. Czyta Pani Ma\u0142gosia, czytaj\u0105 rodzice, a dzieci czerpi\u0105&#46;&#46;&#46;","_links":{"self":[{"href":"https:\/\/biblioteka-milicz.pl\/index.php\/wp-json\/wp\/v2\/posts\/3179","targetHints":{"allow":["GET"]}}],"collection":[{"href":"https:\/\/biblioteka-milicz.pl\/index.php\/wp-json\/wp\/v2\/posts"}],"about":[{"href":"https:\/\/biblioteka-milicz.pl\/index.php\/wp-json\/wp\/v2\/types\/post"}],"author":[{"embeddable":true,"href":"https:\/\/biblioteka-milicz.pl\/index.php\/wp-json\/wp\/v2\/users\/1"}],"replies":[{"embeddable":true,"href":"https:\/\/biblioteka-milicz.pl\/index.php\/wp-json\/wp\/v2\/comments?post=3179"}],"version-history":[{"count":1,"href":"https:\/\/biblioteka-milicz.pl\/index.php\/wp-json\/wp\/v2\/posts\/3179\/revisions"}],"predecessor-version":[{"id":3184,"href":"https:\/\/biblioteka-milicz.pl\/index.php\/wp-json\/wp\/v2\/posts\/3179\/revisions\/3184"}],"wp:featuredmedia":[{"embeddable":true,"href":"https:\/\/biblioteka-milicz.pl\/index.php\/wp-json\/wp\/v2\/media\/3181"}],"wp:attachment":[{"href":"https:\/\/biblioteka-milicz.pl\/index.php\/wp-json\/wp\/v2\/media?parent=3179"}],"wp:term":[{"taxonomy":"category","embeddable":true,"href":"https:\/\/biblioteka-milicz.pl\/index.php\/wp-json\/wp\/v2\/categories?post=3179"},{"taxonomy":"post_tag","embeddable":true,"href":"https:\/\/biblioteka-milicz.pl\/index.php\/wp-json\/wp\/v2\/tags?post=3179"}],"curies":[{"name":"wp","href":"https:\/\/api.w.org\/{rel}","templated":true}]}}