{"id":3095,"date":"2022-03-24T20:58:00","date_gmt":"2022-03-24T19:58:00","guid":{"rendered":"http:\/\/biblioteka-milicz.pl\/?p=3095"},"modified":"2022-07-03T20:59:16","modified_gmt":"2022-07-03T18:59:16","slug":"wiosenne-malowanie","status":"publish","type":"post","link":"https:\/\/biblioteka-milicz.pl\/index.php\/2022\/03\/24\/wiosenne-malowanie\/","title":{"rendered":"Wiosenne malowanie"},"content":{"rendered":"\n<p>We wtorek, 22 marca w filii bibliotecznej w G\u0105dkowicach odby\u0142y si\u0119 pierwsze po d\u0142ugiej przerwie zaj\u0119cia dla dzieci. Na &#8222;Wiosenne malowanie&#8221; przyby\u0142o sporo ch\u0119tnych, kt\u00f3rzy ochoczo wzi\u0119li si\u0119 do pracy. Najpierw ka\u017cdy wybra\u0142 sobie wz\u00f3r, a p\u00f3\u017aniej w ruch posz\u0142y farby do szk\u0142a i na szybkach zacz\u0119\u0142y pojawia\u0107 si\u0119 kontury, kt\u00f3re potem wype\u0142niali r\u00f3\u017cnymi kolorami. Tak w\u0142a\u015bnie powsta\u0142y pi\u0119kne wiosenne witra\u017ce, kt\u00f3re ju\u017c teraz, zanim na dobre rozkwitn\u0105 drzewa i kwiaty, wprowadz\u0105 w ponur\u0105, pozimow\u0105 rzeczywisto\u015b\u0107 troch\u0119 koloru.<\/p>\n\n\n\n<figure class=\"wp-block-gallery has-nested-images columns-default is-cropped wp-block-gallery-1 is-layout-flex wp-block-gallery-is-layout-flex\">\n<figure class=\"wp-block-image size-large\"><img loading=\"lazy\" decoding=\"async\" width=\"296\" height=\"592\" data-id=\"3097\" src=\"http:\/\/biblioteka-milicz.pl\/wp-content\/uploads\/2022\/07\/277218386_1640075359675248_3891329320836311939_n.jpg\" alt=\"\" class=\"wp-image-3097\" srcset=\"https:\/\/biblioteka-milicz.pl\/wp-content\/uploads\/2022\/07\/277218386_1640075359675248_3891329320836311939_n.jpg 296w, https:\/\/biblioteka-milicz.pl\/wp-content\/uploads\/2022\/07\/277218386_1640075359675248_3891329320836311939_n-150x300.jpg 150w\" sizes=\"auto, (max-width: 296px) 100vw, 296px\" \/><\/figure>\n\n\n\n<figure class=\"wp-block-image size-large\"><img loading=\"lazy\" decoding=\"async\" width=\"296\" height=\"592\" data-id=\"3098\" src=\"http:\/\/biblioteka-milicz.pl\/wp-content\/uploads\/2022\/07\/277300030_1640075133008604_898393695270306249_n.jpg\" alt=\"\" class=\"wp-image-3098\" srcset=\"https:\/\/biblioteka-milicz.pl\/wp-content\/uploads\/2022\/07\/277300030_1640075133008604_898393695270306249_n.jpg 296w, https:\/\/biblioteka-milicz.pl\/wp-content\/uploads\/2022\/07\/277300030_1640075133008604_898393695270306249_n-150x300.jpg 150w\" sizes=\"auto, (max-width: 296px) 100vw, 296px\" \/><\/figure>\n\n\n\n<figure class=\"wp-block-image size-large\"><img loading=\"lazy\" decoding=\"async\" width=\"592\" height=\"296\" data-id=\"3096\" src=\"http:\/\/biblioteka-milicz.pl\/wp-content\/uploads\/2022\/07\/277347163_1640075289675255_7769067334546612223_n.jpg\" alt=\"\" class=\"wp-image-3096\" srcset=\"https:\/\/biblioteka-milicz.pl\/wp-content\/uploads\/2022\/07\/277347163_1640075289675255_7769067334546612223_n.jpg 592w, https:\/\/biblioteka-milicz.pl\/wp-content\/uploads\/2022\/07\/277347163_1640075289675255_7769067334546612223_n-300x150.jpg 300w\" sizes=\"auto, (max-width: 592px) 100vw, 592px\" \/><\/figure>\n\n\n\n<figure class=\"wp-block-image size-large\"><img loading=\"lazy\" decoding=\"async\" width=\"1024\" height=\"512\" data-id=\"3099\" src=\"http:\/\/biblioteka-milicz.pl\/wp-content\/uploads\/2022\/07\/277349475_1640075449675239_5453682146386001198_n-1024x512.jpg\" alt=\"\" class=\"wp-image-3099\" srcset=\"https:\/\/biblioteka-milicz.pl\/wp-content\/uploads\/2022\/07\/277349475_1640075449675239_5453682146386001198_n-1024x512.jpg 1024w, https:\/\/biblioteka-milicz.pl\/wp-content\/uploads\/2022\/07\/277349475_1640075449675239_5453682146386001198_n-300x150.jpg 300w, https:\/\/biblioteka-milicz.pl\/wp-content\/uploads\/2022\/07\/277349475_1640075449675239_5453682146386001198_n-768x384.jpg 768w, https:\/\/biblioteka-milicz.pl\/wp-content\/uploads\/2022\/07\/277349475_1640075449675239_5453682146386001198_n-1536x768.jpg 1536w, https:\/\/biblioteka-milicz.pl\/wp-content\/uploads\/2022\/07\/277349475_1640075449675239_5453682146386001198_n.jpg 2048w\" sizes=\"auto, (max-width: 1024px) 100vw, 1024px\" \/><\/figure>\n\n\n\n<figure class=\"wp-block-image size-large\"><img loading=\"lazy\" decoding=\"async\" width=\"1024\" height=\"512\" data-id=\"3100\" src=\"http:\/\/biblioteka-milicz.pl\/wp-content\/uploads\/2022\/07\/277349520_1640075486341902_8087237578181654995_n-1024x512.jpg\" alt=\"\" class=\"wp-image-3100\" srcset=\"https:\/\/biblioteka-milicz.pl\/wp-content\/uploads\/2022\/07\/277349520_1640075486341902_8087237578181654995_n-1024x512.jpg 1024w, https:\/\/biblioteka-milicz.pl\/wp-content\/uploads\/2022\/07\/277349520_1640075486341902_8087237578181654995_n-300x150.jpg 300w, https:\/\/biblioteka-milicz.pl\/wp-content\/uploads\/2022\/07\/277349520_1640075486341902_8087237578181654995_n-768x384.jpg 768w, https:\/\/biblioteka-milicz.pl\/wp-content\/uploads\/2022\/07\/277349520_1640075486341902_8087237578181654995_n-1536x768.jpg 1536w, https:\/\/biblioteka-milicz.pl\/wp-content\/uploads\/2022\/07\/277349520_1640075486341902_8087237578181654995_n.jpg 2048w\" sizes=\"auto, (max-width: 1024px) 100vw, 1024px\" \/><\/figure>\n<\/figure>\n","protected":false},"excerpt":{"rendered":"<p>We wtorek, 22 marca w filii bibliotecznej w G\u0105dkowicach odby\u0142y si\u0119 pierwsze po d\u0142ugiej przerwie zaj\u0119cia dla dzieci. Na &#8222;Wiosenne malowanie&#8221; przyby\u0142o sporo ch\u0119tnych, kt\u00f3rzy ochoczo wzi\u0119li si\u0119 do pracy. Najpierw ka\u017cdy wybra\u0142 sobie&#46;&#46;&#46;<\/p>\n","protected":false},"author":1,"featured_media":3100,"comment_status":"closed","ping_status":"open","sticky":false,"template":"","format":"standard","meta":{"_uag_custom_page_level_css":"","footnotes":""},"categories":[3],"tags":[],"class_list":["post-3095","post","type-post","status-publish","format-standard","has-post-thumbnail","hentry","category-aktualnosci"],"uagb_featured_image_src":{"full":["https:\/\/biblioteka-milicz.pl\/wp-content\/uploads\/2022\/07\/277349520_1640075486341902_8087237578181654995_n.jpg",2048,1024,false],"thumbnail":["https:\/\/biblioteka-milicz.pl\/wp-content\/uploads\/2022\/07\/277349520_1640075486341902_8087237578181654995_n-150x150.jpg",150,150,true],"medium":["https:\/\/biblioteka-milicz.pl\/wp-content\/uploads\/2022\/07\/277349520_1640075486341902_8087237578181654995_n-300x150.jpg",300,150,true],"medium_large":["https:\/\/biblioteka-milicz.pl\/wp-content\/uploads\/2022\/07\/277349520_1640075486341902_8087237578181654995_n-768x384.jpg",768,384,true],"large":["https:\/\/biblioteka-milicz.pl\/wp-content\/uploads\/2022\/07\/277349520_1640075486341902_8087237578181654995_n-1024x512.jpg",1024,512,true],"1536x1536":["https:\/\/biblioteka-milicz.pl\/wp-content\/uploads\/2022\/07\/277349520_1640075486341902_8087237578181654995_n-1536x768.jpg",1536,768,true],"2048x2048":["https:\/\/biblioteka-milicz.pl\/wp-content\/uploads\/2022\/07\/277349520_1640075486341902_8087237578181654995_n.jpg",2048,1024,false],"thumb-small":["https:\/\/biblioteka-milicz.pl\/wp-content\/uploads\/2022\/07\/277349520_1640075486341902_8087237578181654995_n-80x80.jpg",80,80,true],"thumb-standard":["https:\/\/biblioteka-milicz.pl\/wp-content\/uploads\/2022\/07\/277349520_1640075486341902_8087237578181654995_n-320x320.jpg",320,320,true],"thumb-medium":["https:\/\/biblioteka-milicz.pl\/wp-content\/uploads\/2022\/07\/277349520_1640075486341902_8087237578181654995_n-520x245.jpg",520,245,true],"thumb-large":["https:\/\/biblioteka-milicz.pl\/wp-content\/uploads\/2022\/07\/277349520_1640075486341902_8087237578181654995_n-720x340.jpg",720,340,true],"thumb-xlarge":["https:\/\/biblioteka-milicz.pl\/wp-content\/uploads\/2022\/07\/277349520_1640075486341902_8087237578181654995_n-980x450.jpg",980,450,true],"thumb-xxlarge":["https:\/\/biblioteka-milicz.pl\/wp-content\/uploads\/2022\/07\/277349520_1640075486341902_8087237578181654995_n-1320x500.jpg",1320,500,true]},"uagb_author_info":{"display_name":"admin","author_link":"https:\/\/biblioteka-milicz.pl\/index.php\/author\/admin\/"},"uagb_comment_info":0,"uagb_excerpt":"We wtorek, 22 marca w filii bibliotecznej w G\u0105dkowicach odby\u0142y si\u0119 pierwsze po d\u0142ugiej przerwie zaj\u0119cia dla dzieci. Na &#8222;Wiosenne malowanie&#8221; przyby\u0142o sporo ch\u0119tnych, kt\u00f3rzy ochoczo wzi\u0119li si\u0119 do pracy. Najpierw ka\u017cdy wybra\u0142 sobie&#46;&#46;&#46;","_links":{"self":[{"href":"https:\/\/biblioteka-milicz.pl\/index.php\/wp-json\/wp\/v2\/posts\/3095","targetHints":{"allow":["GET"]}}],"collection":[{"href":"https:\/\/biblioteka-milicz.pl\/index.php\/wp-json\/wp\/v2\/posts"}],"about":[{"href":"https:\/\/biblioteka-milicz.pl\/index.php\/wp-json\/wp\/v2\/types\/post"}],"author":[{"embeddable":true,"href":"https:\/\/biblioteka-milicz.pl\/index.php\/wp-json\/wp\/v2\/users\/1"}],"replies":[{"embeddable":true,"href":"https:\/\/biblioteka-milicz.pl\/index.php\/wp-json\/wp\/v2\/comments?post=3095"}],"version-history":[{"count":1,"href":"https:\/\/biblioteka-milicz.pl\/index.php\/wp-json\/wp\/v2\/posts\/3095\/revisions"}],"predecessor-version":[{"id":3101,"href":"https:\/\/biblioteka-milicz.pl\/index.php\/wp-json\/wp\/v2\/posts\/3095\/revisions\/3101"}],"wp:featuredmedia":[{"embeddable":true,"href":"https:\/\/biblioteka-milicz.pl\/index.php\/wp-json\/wp\/v2\/media\/3100"}],"wp:attachment":[{"href":"https:\/\/biblioteka-milicz.pl\/index.php\/wp-json\/wp\/v2\/media?parent=3095"}],"wp:term":[{"taxonomy":"category","embeddable":true,"href":"https:\/\/biblioteka-milicz.pl\/index.php\/wp-json\/wp\/v2\/categories?post=3095"},{"taxonomy":"post_tag","embeddable":true,"href":"https:\/\/biblioteka-milicz.pl\/index.php\/wp-json\/wp\/v2\/tags?post=3095"}],"curies":[{"name":"wp","href":"https:\/\/api.w.org\/{rel}","templated":true}]}}