{"id":3057,"date":"2022-01-25T12:29:00","date_gmt":"2022-01-25T11:29:00","guid":{"rendered":"http:\/\/biblioteka-milicz.pl\/?p=3057"},"modified":"2022-03-20T12:30:46","modified_gmt":"2022-03-20T11:30:46","slug":"nowosci","status":"publish","type":"post","link":"https:\/\/biblioteka-milicz.pl\/index.php\/2022\/01\/25\/nowosci\/","title":{"rendered":"Nowo\u015bci"},"content":{"rendered":"\n<p>NOWO\u015aCI na najbli\u017cszy tydzie\u0144. Gor\u0105co polecamy z tego zakupu ksi\u0105\u017ck\u0119 ukazuj\u0105c\u0105 pasjonuj\u0105ce PORTRETY POLSKICH G\u00d3RALI. Bart\u0142omiej Jurecki autor tej\u017ce publikacji i tego projektu w wyrazisty spos\u00f3b przedstawi\u0142 najbardziej charakterystycznych g\u00f3rali i g\u00f3ralki, kt\u00f3rzy swym urokiem tworz\u0105 legend\u0119 po\u0142udniowej Polski. Od dzisiaj ksi\u0105\u017cka ta zdobi dzia\u0142 dla ka\u017cdego mi\u0142o\u015bnika g\u00f3r.<br><\/p>\n\n\n\n<figure class=\"wp-block-gallery has-nested-images columns-default is-cropped wp-block-gallery-1 is-layout-flex wp-block-gallery-is-layout-flex\">\n<figure class=\"wp-block-image size-large\"><img loading=\"lazy\" decoding=\"async\" width=\"1024\" height=\"727\" data-id=\"3058\" src=\"http:\/\/biblioteka-milicz.pl\/wp-content\/uploads\/2022\/03\/272163600_1600359160313535_7126900572583845835_n-1024x727.jpg\" alt=\"\" class=\"wp-image-3058\" srcset=\"https:\/\/biblioteka-milicz.pl\/wp-content\/uploads\/2022\/03\/272163600_1600359160313535_7126900572583845835_n-1024x727.jpg 1024w, https:\/\/biblioteka-milicz.pl\/wp-content\/uploads\/2022\/03\/272163600_1600359160313535_7126900572583845835_n-300x213.jpg 300w, https:\/\/biblioteka-milicz.pl\/wp-content\/uploads\/2022\/03\/272163600_1600359160313535_7126900572583845835_n-768x545.jpg 768w, https:\/\/biblioteka-milicz.pl\/wp-content\/uploads\/2022\/03\/272163600_1600359160313535_7126900572583845835_n-1536x1091.jpg 1536w, https:\/\/biblioteka-milicz.pl\/wp-content\/uploads\/2022\/03\/272163600_1600359160313535_7126900572583845835_n.jpg 2048w\" sizes=\"auto, (max-width: 1024px) 100vw, 1024px\" \/><\/figure>\n\n\n\n<figure class=\"wp-block-image size-large\"><img loading=\"lazy\" decoding=\"async\" width=\"987\" height=\"560\" data-id=\"3059\" src=\"http:\/\/biblioteka-milicz.pl\/wp-content\/uploads\/2022\/03\/272200602_1600359203646864_2563967004415549_n.jpg\" alt=\"\" class=\"wp-image-3059\" srcset=\"https:\/\/biblioteka-milicz.pl\/wp-content\/uploads\/2022\/03\/272200602_1600359203646864_2563967004415549_n.jpg 987w, https:\/\/biblioteka-milicz.pl\/wp-content\/uploads\/2022\/03\/272200602_1600359203646864_2563967004415549_n-300x170.jpg 300w, https:\/\/biblioteka-milicz.pl\/wp-content\/uploads\/2022\/03\/272200602_1600359203646864_2563967004415549_n-768x436.jpg 768w\" sizes=\"auto, (max-width: 987px) 100vw, 987px\" \/><\/figure>\n<\/figure>\n","protected":false},"excerpt":{"rendered":"<p>NOWO\u015aCI na najbli\u017cszy tydzie\u0144. Gor\u0105co polecamy z tego zakupu ksi\u0105\u017ck\u0119 ukazuj\u0105c\u0105 pasjonuj\u0105ce PORTRETY POLSKICH G\u00d3RALI. Bart\u0142omiej Jurecki autor tej\u017ce publikacji i tego projektu w wyrazisty spos\u00f3b przedstawi\u0142 najbardziej charakterystycznych g\u00f3rali i g\u00f3ralki, kt\u00f3rzy swym&#46;&#46;&#46;<\/p>\n","protected":false},"author":1,"featured_media":3059,"comment_status":"closed","ping_status":"open","sticky":false,"template":"","format":"standard","meta":{"_uag_custom_page_level_css":"","footnotes":""},"categories":[3],"tags":[],"class_list":["post-3057","post","type-post","status-publish","format-standard","has-post-thumbnail","hentry","category-aktualnosci"],"uagb_featured_image_src":{"full":["https:\/\/biblioteka-milicz.pl\/wp-content\/uploads\/2022\/03\/272200602_1600359203646864_2563967004415549_n.jpg",987,560,false],"thumbnail":["https:\/\/biblioteka-milicz.pl\/wp-content\/uploads\/2022\/03\/272200602_1600359203646864_2563967004415549_n-150x150.jpg",150,150,true],"medium":["https:\/\/biblioteka-milicz.pl\/wp-content\/uploads\/2022\/03\/272200602_1600359203646864_2563967004415549_n-300x170.jpg",300,170,true],"medium_large":["https:\/\/biblioteka-milicz.pl\/wp-content\/uploads\/2022\/03\/272200602_1600359203646864_2563967004415549_n-768x436.jpg",768,436,true],"large":["https:\/\/biblioteka-milicz.pl\/wp-content\/uploads\/2022\/03\/272200602_1600359203646864_2563967004415549_n.jpg",987,560,false],"1536x1536":["https:\/\/biblioteka-milicz.pl\/wp-content\/uploads\/2022\/03\/272200602_1600359203646864_2563967004415549_n.jpg",987,560,false],"2048x2048":["https:\/\/biblioteka-milicz.pl\/wp-content\/uploads\/2022\/03\/272200602_1600359203646864_2563967004415549_n.jpg",987,560,false],"thumb-small":["https:\/\/biblioteka-milicz.pl\/wp-content\/uploads\/2022\/03\/272200602_1600359203646864_2563967004415549_n-80x80.jpg",80,80,true],"thumb-standard":["https:\/\/biblioteka-milicz.pl\/wp-content\/uploads\/2022\/03\/272200602_1600359203646864_2563967004415549_n-320x320.jpg",320,320,true],"thumb-medium":["https:\/\/biblioteka-milicz.pl\/wp-content\/uploads\/2022\/03\/272200602_1600359203646864_2563967004415549_n-520x245.jpg",520,245,true],"thumb-large":["https:\/\/biblioteka-milicz.pl\/wp-content\/uploads\/2022\/03\/272200602_1600359203646864_2563967004415549_n-720x340.jpg",720,340,true],"thumb-xlarge":["https:\/\/biblioteka-milicz.pl\/wp-content\/uploads\/2022\/03\/272200602_1600359203646864_2563967004415549_n-980x450.jpg",980,450,true],"thumb-xxlarge":["https:\/\/biblioteka-milicz.pl\/wp-content\/uploads\/2022\/03\/272200602_1600359203646864_2563967004415549_n-987x500.jpg",987,500,true]},"uagb_author_info":{"display_name":"admin","author_link":"https:\/\/biblioteka-milicz.pl\/index.php\/author\/admin\/"},"uagb_comment_info":0,"uagb_excerpt":"NOWO\u015aCI na najbli\u017cszy tydzie\u0144. Gor\u0105co polecamy z tego zakupu ksi\u0105\u017ck\u0119 ukazuj\u0105c\u0105 pasjonuj\u0105ce PORTRETY POLSKICH G\u00d3RALI. Bart\u0142omiej Jurecki autor tej\u017ce publikacji i tego projektu w wyrazisty spos\u00f3b przedstawi\u0142 najbardziej charakterystycznych g\u00f3rali i g\u00f3ralki, kt\u00f3rzy swym&#46;&#46;&#46;","_links":{"self":[{"href":"https:\/\/biblioteka-milicz.pl\/index.php\/wp-json\/wp\/v2\/posts\/3057","targetHints":{"allow":["GET"]}}],"collection":[{"href":"https:\/\/biblioteka-milicz.pl\/index.php\/wp-json\/wp\/v2\/posts"}],"about":[{"href":"https:\/\/biblioteka-milicz.pl\/index.php\/wp-json\/wp\/v2\/types\/post"}],"author":[{"embeddable":true,"href":"https:\/\/biblioteka-milicz.pl\/index.php\/wp-json\/wp\/v2\/users\/1"}],"replies":[{"embeddable":true,"href":"https:\/\/biblioteka-milicz.pl\/index.php\/wp-json\/wp\/v2\/comments?post=3057"}],"version-history":[{"count":1,"href":"https:\/\/biblioteka-milicz.pl\/index.php\/wp-json\/wp\/v2\/posts\/3057\/revisions"}],"predecessor-version":[{"id":3060,"href":"https:\/\/biblioteka-milicz.pl\/index.php\/wp-json\/wp\/v2\/posts\/3057\/revisions\/3060"}],"wp:featuredmedia":[{"embeddable":true,"href":"https:\/\/biblioteka-milicz.pl\/index.php\/wp-json\/wp\/v2\/media\/3059"}],"wp:attachment":[{"href":"https:\/\/biblioteka-milicz.pl\/index.php\/wp-json\/wp\/v2\/media?parent=3057"}],"wp:term":[{"taxonomy":"category","embeddable":true,"href":"https:\/\/biblioteka-milicz.pl\/index.php\/wp-json\/wp\/v2\/categories?post=3057"},{"taxonomy":"post_tag","embeddable":true,"href":"https:\/\/biblioteka-milicz.pl\/index.php\/wp-json\/wp\/v2\/tags?post=3057"}],"curies":[{"name":"wp","href":"https:\/\/api.w.org\/{rel}","templated":true}]}}