{"id":302,"date":"2020-01-20T11:08:00","date_gmt":"2020-01-20T10:08:00","guid":{"rendered":"http:\/\/biblioteka-milicz.pl\/?p=302"},"modified":"2022-03-12T15:26:05","modified_gmt":"2022-03-12T14:26:05","slug":"budzik-babci-zosi","status":"publish","type":"post","link":"https:\/\/biblioteka-milicz.pl\/index.php\/2020\/01\/20\/budzik-babci-zosi\/","title":{"rendered":"Budzik babci Zosi"},"content":{"rendered":"\n<p>17 stycznia, do naszej filii bibliotecznej w Su\u0142owie przysz\u0142a pani Dorota Kowalska z grup\u0105 uczni\u00f3w. Zbli\u017ca si\u0119 Dzie\u0144 Babci i Dziadka, wi\u0119c spotkanie po\u015bwi\u0119cone by\u0142o babciom i dziadkom. Dzieci po wys\u0142uchaniu kr\u00f3tkiego utworu pod tytu\u0142em &#8222;Budzik babci Zosi&#8221;, du\u017co opowiada\u0142y o swoich ukochanych babciach i dziadkach. Dla nich te\u017c, wykona\u0142y podczas warsztat\u00f3w plastycznych kolorowe tulipany.<\/p>\n\n\n\n<figure class=\"wp-block-gallery has-nested-images columns-default is-cropped wp-block-gallery-1 is-layout-flex wp-block-gallery-is-layout-flex\">\n<figure class=\"wp-block-image size-large\"><img loading=\"lazy\" decoding=\"async\" width=\"540\" height=\"960\" data-id=\"1068\" src=\"http:\/\/biblioteka-milicz.pl\/wp-content\/uploads\/2022\/03\/82353184_1056695668013223_8411706815154225152_n.jpg\" alt=\"\" class=\"wp-image-1068\" srcset=\"https:\/\/biblioteka-milicz.pl\/wp-content\/uploads\/2022\/03\/82353184_1056695668013223_8411706815154225152_n.jpg 540w, https:\/\/biblioteka-milicz.pl\/wp-content\/uploads\/2022\/03\/82353184_1056695668013223_8411706815154225152_n-169x300.jpg 169w\" sizes=\"auto, (max-width: 540px) 100vw, 540px\" \/><\/figure>\n\n\n\n<figure class=\"wp-block-image size-large\"><img loading=\"lazy\" decoding=\"async\" width=\"540\" height=\"960\" data-id=\"1071\" src=\"http:\/\/biblioteka-milicz.pl\/wp-content\/uploads\/2022\/03\/82613011_1056695774679879_6659991776276774912_n.jpg\" alt=\"\" class=\"wp-image-1071\" srcset=\"https:\/\/biblioteka-milicz.pl\/wp-content\/uploads\/2022\/03\/82613011_1056695774679879_6659991776276774912_n.jpg 540w, https:\/\/biblioteka-milicz.pl\/wp-content\/uploads\/2022\/03\/82613011_1056695774679879_6659991776276774912_n-169x300.jpg 169w\" sizes=\"auto, (max-width: 540px) 100vw, 540px\" \/><\/figure>\n\n\n\n<figure class=\"wp-block-image size-large\"><img loading=\"lazy\" decoding=\"async\" width=\"540\" height=\"960\" data-id=\"1069\" src=\"http:\/\/biblioteka-milicz.pl\/wp-content\/uploads\/2022\/03\/82825843_1056695621346561_6651583411427213312_n-1.jpg\" alt=\"\" class=\"wp-image-1069\" srcset=\"https:\/\/biblioteka-milicz.pl\/wp-content\/uploads\/2022\/03\/82825843_1056695621346561_6651583411427213312_n-1.jpg 540w, https:\/\/biblioteka-milicz.pl\/wp-content\/uploads\/2022\/03\/82825843_1056695621346561_6651583411427213312_n-1-169x300.jpg 169w\" sizes=\"auto, (max-width: 540px) 100vw, 540px\" \/><\/figure>\n\n\n\n<figure class=\"wp-block-image size-large\"><img loading=\"lazy\" decoding=\"async\" width=\"540\" height=\"960\" data-id=\"1070\" src=\"http:\/\/biblioteka-milicz.pl\/wp-content\/uploads\/2022\/03\/83052409_1056695751346548_7589418030501724160_n.jpg\" alt=\"\" class=\"wp-image-1070\" srcset=\"https:\/\/biblioteka-milicz.pl\/wp-content\/uploads\/2022\/03\/83052409_1056695751346548_7589418030501724160_n.jpg 540w, https:\/\/biblioteka-milicz.pl\/wp-content\/uploads\/2022\/03\/83052409_1056695751346548_7589418030501724160_n-169x300.jpg 169w\" sizes=\"auto, (max-width: 540px) 100vw, 540px\" \/><\/figure>\n\n\n\n<figure class=\"wp-block-image size-large\"><img loading=\"lazy\" decoding=\"async\" width=\"540\" height=\"960\" data-id=\"1072\" src=\"http:\/\/biblioteka-milicz.pl\/wp-content\/uploads\/2022\/03\/83476402_1056695628013227_6731719843243884544_n.jpg\" alt=\"\" class=\"wp-image-1072\" srcset=\"https:\/\/biblioteka-milicz.pl\/wp-content\/uploads\/2022\/03\/83476402_1056695628013227_6731719843243884544_n.jpg 540w, https:\/\/biblioteka-milicz.pl\/wp-content\/uploads\/2022\/03\/83476402_1056695628013227_6731719843243884544_n-169x300.jpg 169w\" sizes=\"auto, (max-width: 540px) 100vw, 540px\" \/><\/figure>\n\n\n\n<figure class=\"wp-block-image size-large\"><img loading=\"lazy\" decoding=\"async\" width=\"540\" height=\"960\" data-id=\"1073\" src=\"http:\/\/biblioteka-milicz.pl\/wp-content\/uploads\/2022\/03\/83855015_1056695674679889_5511974754954772480_n.jpg\" alt=\"\" class=\"wp-image-1073\" srcset=\"https:\/\/biblioteka-milicz.pl\/wp-content\/uploads\/2022\/03\/83855015_1056695674679889_5511974754954772480_n.jpg 540w, https:\/\/biblioteka-milicz.pl\/wp-content\/uploads\/2022\/03\/83855015_1056695674679889_5511974754954772480_n-169x300.jpg 169w\" sizes=\"auto, (max-width: 540px) 100vw, 540px\" \/><\/figure>\n\n\n\n<figure class=\"wp-block-image size-large\"><img loading=\"lazy\" decoding=\"async\" width=\"540\" height=\"960\" data-id=\"1074\" src=\"http:\/\/biblioteka-milicz.pl\/wp-content\/uploads\/2022\/03\/84137911_1056695814679875_3695724409365987328_n.jpg\" alt=\"\" class=\"wp-image-1074\" srcset=\"https:\/\/biblioteka-milicz.pl\/wp-content\/uploads\/2022\/03\/84137911_1056695814679875_3695724409365987328_n.jpg 540w, https:\/\/biblioteka-milicz.pl\/wp-content\/uploads\/2022\/03\/84137911_1056695814679875_3695724409365987328_n-169x300.jpg 169w\" sizes=\"auto, (max-width: 540px) 100vw, 540px\" \/><\/figure>\n<\/figure>\n","protected":false},"excerpt":{"rendered":"<p>17 stycznia, do naszej filii bibliotecznej w Su\u0142owie przysz\u0142a pani Dorota Kowalska z grup\u0105 uczni\u00f3w. Zbli\u017ca si\u0119 Dzie\u0144 Babci i Dziadka, wi\u0119c spotkanie po\u015bwi\u0119cone by\u0142o babciom i dziadkom. Dzieci po wys\u0142uchaniu kr\u00f3tkiego utworu pod&#46;&#46;&#46;<\/p>\n","protected":false},"author":1,"featured_media":303,"comment_status":"closed","ping_status":"open","sticky":false,"template":"","format":"standard","meta":{"_uag_custom_page_level_css":"","footnotes":""},"categories":[3],"tags":[],"class_list":["post-302","post","type-post","status-publish","format-standard","has-post-thumbnail","hentry","category-aktualnosci"],"uagb_featured_image_src":{"full":["https:\/\/biblioteka-milicz.pl\/wp-content\/uploads\/2022\/03\/82825843_1056695621346561_6651583411427213312_n.jpg",540,960,false],"thumbnail":["https:\/\/biblioteka-milicz.pl\/wp-content\/uploads\/2022\/03\/82825843_1056695621346561_6651583411427213312_n-150x150.jpg",150,150,true],"medium":["https:\/\/biblioteka-milicz.pl\/wp-content\/uploads\/2022\/03\/82825843_1056695621346561_6651583411427213312_n-169x300.jpg",169,300,true],"medium_large":["https:\/\/biblioteka-milicz.pl\/wp-content\/uploads\/2022\/03\/82825843_1056695621346561_6651583411427213312_n.jpg",540,960,false],"large":["https:\/\/biblioteka-milicz.pl\/wp-content\/uploads\/2022\/03\/82825843_1056695621346561_6651583411427213312_n.jpg",540,960,false],"1536x1536":["https:\/\/biblioteka-milicz.pl\/wp-content\/uploads\/2022\/03\/82825843_1056695621346561_6651583411427213312_n.jpg",540,960,false],"2048x2048":["https:\/\/biblioteka-milicz.pl\/wp-content\/uploads\/2022\/03\/82825843_1056695621346561_6651583411427213312_n.jpg",540,960,false],"thumb-small":["https:\/\/biblioteka-milicz.pl\/wp-content\/uploads\/2022\/03\/82825843_1056695621346561_6651583411427213312_n-80x80.jpg",80,80,true],"thumb-standard":["https:\/\/biblioteka-milicz.pl\/wp-content\/uploads\/2022\/03\/82825843_1056695621346561_6651583411427213312_n-320x320.jpg",320,320,true],"thumb-medium":["https:\/\/biblioteka-milicz.pl\/wp-content\/uploads\/2022\/03\/82825843_1056695621346561_6651583411427213312_n-520x245.jpg",520,245,true],"thumb-large":["https:\/\/biblioteka-milicz.pl\/wp-content\/uploads\/2022\/03\/82825843_1056695621346561_6651583411427213312_n-540x340.jpg",540,340,true],"thumb-xlarge":["https:\/\/biblioteka-milicz.pl\/wp-content\/uploads\/2022\/03\/82825843_1056695621346561_6651583411427213312_n-540x450.jpg",540,450,true],"thumb-xxlarge":["https:\/\/biblioteka-milicz.pl\/wp-content\/uploads\/2022\/03\/82825843_1056695621346561_6651583411427213312_n-540x500.jpg",540,500,true]},"uagb_author_info":{"display_name":"admin","author_link":"https:\/\/biblioteka-milicz.pl\/index.php\/author\/admin\/"},"uagb_comment_info":0,"uagb_excerpt":"17 stycznia, do naszej filii bibliotecznej w Su\u0142owie przysz\u0142a pani Dorota Kowalska z grup\u0105 uczni\u00f3w. Zbli\u017ca si\u0119 Dzie\u0144 Babci i Dziadka, wi\u0119c spotkanie po\u015bwi\u0119cone by\u0142o babciom i dziadkom. Dzieci po wys\u0142uchaniu kr\u00f3tkiego utworu pod&#46;&#46;&#46;","_links":{"self":[{"href":"https:\/\/biblioteka-milicz.pl\/index.php\/wp-json\/wp\/v2\/posts\/302","targetHints":{"allow":["GET"]}}],"collection":[{"href":"https:\/\/biblioteka-milicz.pl\/index.php\/wp-json\/wp\/v2\/posts"}],"about":[{"href":"https:\/\/biblioteka-milicz.pl\/index.php\/wp-json\/wp\/v2\/types\/post"}],"author":[{"embeddable":true,"href":"https:\/\/biblioteka-milicz.pl\/index.php\/wp-json\/wp\/v2\/users\/1"}],"replies":[{"embeddable":true,"href":"https:\/\/biblioteka-milicz.pl\/index.php\/wp-json\/wp\/v2\/comments?post=302"}],"version-history":[{"count":2,"href":"https:\/\/biblioteka-milicz.pl\/index.php\/wp-json\/wp\/v2\/posts\/302\/revisions"}],"predecessor-version":[{"id":1075,"href":"https:\/\/biblioteka-milicz.pl\/index.php\/wp-json\/wp\/v2\/posts\/302\/revisions\/1075"}],"wp:featuredmedia":[{"embeddable":true,"href":"https:\/\/biblioteka-milicz.pl\/index.php\/wp-json\/wp\/v2\/media\/303"}],"wp:attachment":[{"href":"https:\/\/biblioteka-milicz.pl\/index.php\/wp-json\/wp\/v2\/media?parent=302"}],"wp:term":[{"taxonomy":"category","embeddable":true,"href":"https:\/\/biblioteka-milicz.pl\/index.php\/wp-json\/wp\/v2\/categories?post=302"},{"taxonomy":"post_tag","embeddable":true,"href":"https:\/\/biblioteka-milicz.pl\/index.php\/wp-json\/wp\/v2\/tags?post=302"}],"curies":[{"name":"wp","href":"https:\/\/api.w.org\/{rel}","templated":true}]}}